{"id":8765,"date":"2020-12-11T18:49:04","date_gmt":"2020-12-11T21:49:04","guid":{"rendered":"http:\/\/www.centraldenoticias.com.ar\/?p=8765"},"modified":"2020-12-11T20:23:56","modified_gmt":"2020-12-11T23:23:56","slug":"coronavirus-fallecio-un-paciente-de-52-anos","status":"publish","type":"post","link":"https:\/\/cdnoticias.com\/index.php\/2020\/12\/11\/coronavirus-fallecio-un-paciente-de-52-anos\/","title":{"rendered":"Coronavirus: Falleci\u00f3 un paciente de 52 a\u00f1os"},"content":{"rendered":"<p>El hombre se encontraba internado desde fines del pasado mes. Ya son 88 las muertes en Olavarr\u00eda durante la pandemia.<\/p>\n<p><!--more--><\/p>\n<hr \/>\n<p>En la jornada de este viernes se produjo la <strong>muerte de un paciente de 52 a\u00f1os que hab\u00eda dado positivo de Coronavirus y que se encontraba internado en el Hospital Municipal \u201cDoctor H\u00e9ctor Cura\u201d desde fines de noviembre<\/strong>. Desde el Ejecutivo local se enviaron condolencias a familiares y amigos.<\/p>\n<p>&nbsp;<\/p>\n<p><img data-recalc-dims=\"1\" loading=\"lazy\" decoding=\"async\" class=\"alignnone size-large wp-image-8771\" src=\"https:\/\/i0.wp.com\/cdnoticias.com\/wp-content\/uploads\/2020\/12\/parte-6.jpg?resize=800%2C423&#038;ssl=1\" alt=\"\" width=\"800\" height=\"423\" srcset=\"https:\/\/i0.wp.com\/cdnoticias.com\/wp-content\/uploads\/2020\/12\/parte-6.jpg?resize=1024%2C541&amp;ssl=1 1024w, https:\/\/i0.wp.com\/cdnoticias.com\/wp-content\/uploads\/2020\/12\/parte-6.jpg?resize=300%2C158&amp;ssl=1 300w, https:\/\/i0.wp.com\/cdnoticias.com\/wp-content\/uploads\/2020\/12\/parte-6.jpg?resize=768%2C405&amp;ssl=1 768w, https:\/\/i0.wp.com\/cdnoticias.com\/wp-content\/uploads\/2020\/12\/parte-6.jpg?resize=390%2C205&amp;ssl=1 390w, https:\/\/i0.wp.com\/cdnoticias.com\/wp-content\/uploads\/2020\/12\/parte-6.jpg?w=1146&amp;ssl=1 1146w\" sizes=\"auto, (max-width: 800px) 100vw, 800px\" \/><\/p>\n<p>&nbsp;<\/p>\n<p>A la par, desde el \u00e1rea de Salud Municipal se narr\u00f3 que el paciente presentaba comorbilidades. <strong>Olavarr\u00eda ya cuenta con 88 muertes en la pandemia.<\/strong><\/p>\n<p>&nbsp;<\/p>\n<p>En otros datos, se expres\u00f3 que, tras la realizaci\u00f3n de 62 testeos, fueron detectados<strong> 12 nuevos contagios. Asimismo, 19 pacientes recibieron el alta m\u00e9dica y 50 olavarrienses dieron negativo su hisopado<\/strong>, por lo que son 90 las personas que actualmente se encuentran transitando la enfermedad.<\/p>\n<p>&nbsp;<\/p>\n<p><img data-recalc-dims=\"1\" loading=\"lazy\" decoding=\"async\" class=\"alignnone size-large wp-image-8770\" src=\"https:\/\/i0.wp.com\/cdnoticias.com\/wp-content\/uploads\/2020\/12\/parte02-1.jpg?resize=800%2C403&#038;ssl=1\" alt=\"\" width=\"800\" height=\"403\" srcset=\"https:\/\/i0.wp.com\/cdnoticias.com\/wp-content\/uploads\/2020\/12\/parte02-1.jpg?resize=1024%2C516&amp;ssl=1 1024w, https:\/\/i0.wp.com\/cdnoticias.com\/wp-content\/uploads\/2020\/12\/parte02-1.jpg?resize=300%2C151&amp;ssl=1 300w, https:\/\/i0.wp.com\/cdnoticias.com\/wp-content\/uploads\/2020\/12\/parte02-1.jpg?resize=768%2C387&amp;ssl=1 768w, https:\/\/i0.wp.com\/cdnoticias.com\/wp-content\/uploads\/2020\/12\/parte02-1.jpg?w=1200&amp;ssl=1 1200w\" sizes=\"auto, (max-width: 800px) 100vw, 800px\" \/><\/p>\n<p>&nbsp;<\/p>\n<p>Se detall\u00f3, adem\u00e1s, que los nuevos positivos corresponden a nexos con positivos anteriores y que <strong>no se registraron positivos en el operativo RTA que se llev\u00f3 a cabo en Colonia San Miguel.<\/strong><\/p>\n<p>&nbsp;<\/p>\n<p>Por \u00faltimo, sobre el estado actual del Hospital Municipal \u201cDr. H\u00e9ctor Cura\u201d, se indic\u00f3 que <strong>hay dos pacientes en Unidad de Terapia Intensiva, diez en Cuidados Generales y uno en el sector de Pediatr\u00eda<\/strong>. En este sentido, desde la Secretar\u00eda de Salud Municipal aseguraron que el 81% de los casos positivos corresponden a personas con menos de 60 a\u00f1os y el 19% a mayores de 60 a\u00f1os.<\/p>\n","protected":false},"excerpt":{"rendered":"<p>El hombre se encontraba internado desde fines del pasado mes. Ya son 88 las muertes en Olavarr\u00eda durante la pandemia.<\/p>\n","protected":false},"author":3,"featured_media":1549,"comment_status":"closed","ping_status":"closed","sticky":false,"template":"","format":"standard","meta":{"_jetpack_memberships_contains_paid_content":false,"footnotes":""},"categories":[5,1],"tags":[],"class_list":["post-8765","post","type-post","status-publish","format-standard","has-post-thumbnail","hentry","category-informacion-general","category-portada"],"jetpack_featured_media_url":"https:\/\/i0.wp.com\/cdnoticias.com\/wp-content\/uploads\/2020\/09\/HospitalMunicipal04.jpg?fit=4608%2C3072&ssl=1","jetpack_sharing_enabled":true,"_links":{"self":[{"href":"https:\/\/cdnoticias.com\/index.php\/wp-json\/wp\/v2\/posts\/8765","targetHints":{"allow":["GET"]}}],"collection":[{"href":"https:\/\/cdnoticias.com\/index.php\/wp-json\/wp\/v2\/posts"}],"about":[{"href":"https:\/\/cdnoticias.com\/index.php\/wp-json\/wp\/v2\/types\/post"}],"author":[{"embeddable":true,"href":"https:\/\/cdnoticias.com\/index.php\/wp-json\/wp\/v2\/users\/3"}],"replies":[{"embeddable":true,"href":"https:\/\/cdnoticias.com\/index.php\/wp-json\/wp\/v2\/comments?post=8765"}],"version-history":[{"count":0,"href":"https:\/\/cdnoticias.com\/index.php\/wp-json\/wp\/v2\/posts\/8765\/revisions"}],"wp:featuredmedia":[{"embeddable":true,"href":"https:\/\/cdnoticias.com\/index.php\/wp-json\/wp\/v2\/media\/1549"}],"wp:attachment":[{"href":"https:\/\/cdnoticias.com\/index.php\/wp-json\/wp\/v2\/media?parent=8765"}],"wp:term":[{"taxonomy":"category","embeddable":true,"href":"https:\/\/cdnoticias.com\/index.php\/wp-json\/wp\/v2\/categories?post=8765"},{"taxonomy":"post_tag","embeddable":true,"href":"https:\/\/cdnoticias.com\/index.php\/wp-json\/wp\/v2\/tags?post=8765"}],"curies":[{"name":"wp","href":"https:\/\/api.w.org\/{rel}","templated":true}]}}