{"id":87633,"date":"2023-06-13T19:30:03","date_gmt":"2023-06-13T22:30:03","guid":{"rendered":"https:\/\/www.centraldenoticias.com.ar\/?p=87633"},"modified":"2023-06-13T22:11:50","modified_gmt":"2023-06-14T01:11:50","slug":"reclamo-desde-sierras-bayas-a-galli-pareceria-que-no-pertenecemos-al-mismo-distrito","status":"publish","type":"post","link":"https:\/\/cdnoticias.com\/index.php\/2023\/06\/13\/reclamo-desde-sierras-bayas-a-galli-pareceria-que-no-pertenecemos-al-mismo-distrito\/","title":{"rendered":"Reclamo desde Sierras Bayas a Galli: \u201cparecer\u00eda que no pertenecemos al mismo distrito\u201d"},"content":{"rendered":"<p>Un grupo de vecinos manifest\u00f3 sus demandas de obras y servicios en una carta dirigida al intendente. Apuntaron al destino de fondos del Impuesto a la Piedra y de la venta de terrenos a una cementera. Viviendas, tr\u00e1nsito pesado, pavimentaci\u00f3n, turismo y el hospital.<\/p>\n<p><!--more--><\/p>\n<hr \/>\n<p><strong>Un grupo de vecinos de Sierras Bayas manifest\u00f3 sus demandas de obras y servicios<\/strong> para la localidad en <strong>una carta dirigida al intendente Ezequiel Galli<\/strong>. <em>\u201cEsperamos que se resuelvan las necesidades que tiene nuestra localidad, despu\u00e9s de tantos a\u00f1os de contribuir como se hizo en la actividad minera y de la industria, tendr\u00edamos que tener un pueblo reluciente y estar preocupados por otros temas, no por cuestiones b\u00e1sicas que nunca fueron resueltas\u201d<\/em> plantearon en tono de queja.<\/p>\n<p>&nbsp;<\/p>\n<p>Los pedidos se expresaron a trav\u00e9s de una carta, la que, seg\u00fan se inform\u00f3 a<strong> Central de Noticias<\/strong>, <strong>fue entregada en las \u00faltimas horas al Ejecutivo municipal<\/strong>.<\/p>\n<p>&nbsp;<\/p>\n<blockquote><p>Los planteos refieren a lo que los vecinos consideran como problemas \u201crelevantes\u201d. Mencionaron la \u201cfalta de viviendas\u201d, \u201cel tr\u00e1nsito pesado dentro de la localidad\u201d, pavimentaci\u00f3n y cord\u00f3n cuneta en distintos sectores -especialmente se\u00f1alaron barrios construidos hace d\u00e9cadas-, servicios de promoci\u00f3n tur\u00edstica y de atenci\u00f3n a los turistas, y la ampliaci\u00f3n de los servicios en el hospital.<\/p><\/blockquote>\n<p>&nbsp;<\/p>\n<p>En ese contexto, apuntaron a la <strong>inversi\u00f3n de los fondos obtenidos por la venta de tierras a Cementos Avellaneda<\/strong> y enumeraron algunos puntos a los que pretenden que se destinen.<\/p>\n<p>&nbsp;<\/p>\n<p>Quienes firmaron la carta son vecinos de distintos barrios sierrabayenses y expresaron su objetivo de que el intendente \u201cse interiorice de los <strong>problemas que tenemos en la localidad y que no se resuelven, sino que a\u00f1o tras a\u00f1o se acent\u00faan\u201d.<\/strong><\/p>\n<p>&nbsp;<\/p>\n<p><span style=\"text-decoration: underline;\"><strong>El planteo impositivo<\/strong><\/span><\/p>\n<p>&nbsp;<\/p>\n<p>Los vecinos apuntaron inicialmente a la <strong>distribuci\u00f3n del Impuesto a la Piedra (Derecho de Explotaci\u00f3n de Canteras)<\/strong> y expusieron su intenci\u00f3n de que ese tributo <strong>\u201cregrese\u201d en obras<\/strong>.<\/p>\n<p>&nbsp;<\/p>\n<blockquote><p>\u201cSomos habitantes del Partido de Olavarr\u00eda, tanto como los de la ciudad cabecera, pagamos nuestros impuestos, sin embargo no tenemos la misma atenci\u00f3n, todo lo contrario, parecer\u00eda que no pertenecemos al mismo distrito. Sin embargo, s\u00ed somos tenidos en cuenta para aplicar el Impuesto a la Piedra, del cual nunca regresa ni una peque\u00f1a parte en obras a la localidad\u201d afirmaron.<\/p><\/blockquote>\n<p>&nbsp;<\/p>\n<p>Luego tuvieron en cuenta que \u201cno es la primera vez\u201d que elevan sus reclamos al jefe comunal a las que presentaron como <strong>\u201cnecesidades postergadas\u201d.<\/strong> Contextualizaron la carta ahora enviada en que han pasado \u201ccasi ocho a\u00f1os de su gesti\u00f3n, y <strong>en vistas a su posible reelecci\u00f3n\u201d<\/strong>.<\/p>\n<p>&nbsp;<\/p>\n<p><span style=\"text-decoration: underline;\"><strong>Los problemas<\/strong><\/span><\/p>\n<p>&nbsp;<\/p>\n<p>Al momento de enumerar los problemas, los vecinos sierrabayenses pusieron en primer lugar<strong> \u201cla falta de viviendas, especialmente para los j\u00f3venes<\/strong> que ante la carencia de la misma se ven obligados a trasladarse a Olavarr\u00eda, o vivir con sus padres\u201d. Se refirieron en ese punto al \u201cpredio donado por la Empresa ETA para ser destinado a barrio; le pedimos que se aceleren\u00a0 las gestiones para que ese predio pueda ser loteado en el menor tiempo posible, y que el municipio tome participaci\u00f3n en la construcci\u00f3n de las viviendas para los potenciales propietarios\u201d.<\/p>\n<p>&nbsp;<\/p>\n<p>A continuaci\u00f3n mencionaron el <strong>\u201ctr\u00e1nsito pesado dentro de la localidad<\/strong>; camiones que transitan desde y hacia las canteras del sector situado en las proximidades y al Sudeste de la localidad de Colonia San Miguel\u201d. Consideraron que mucho de ese tr\u00e1nsito \u201cno se justifica\u201d que se haga por dentro de la urbanizaci\u00f3n y que el problema \u201cse acent\u00faa en las horas de entrada y salida desde las escuelas situadas en el centro de la localidad\u201d.<\/p>\n<p>&nbsp;<\/p>\n<p>A su vez detallaron<strong> tramos de calles cuyo pavimento est\u00e1 da\u00f1ado a ra\u00edz del tr\u00e1nsito de camiones<\/strong> y reiteraron el pedido de construcci\u00f3n de <strong>una playa de camiones<\/strong>.<em> \u201cUna obra que usted anunci\u00f3 y que queda pendiente\u201d<\/em> le dijeron a Galli, la cual consideraron \u201cprioritaria\u201d.<\/p>\n<p>&nbsp;<\/p>\n<p>El tercer problema que contaron fue<strong> \u201cla pavimentaci\u00f3n de barrios, como Qu\u00edmico y Obrero<\/strong> que pese a que tienen casi 30 a\u00f1os nunca se les hizo ni siquiera el cord\u00f3n cuneta\u201d. Agregaron a ese listado al <strong>Barrio Fonavi<\/strong> -\u201cdata de 1986, casi 40 a\u00f1os de existencia, el que s\u00ed cuenta con su cord\u00f3n cuneta pero nunca se le hizo el pavimento\u201d- y <strong>Villa Arrieta<\/strong>.<\/p>\n<p>&nbsp;<\/p>\n<p>Otro aspecto que trataron fue: <strong>\u201cSierras Bayas como lugar tur\u00edstico.<\/strong> Esto se pregona a diario, pero falta acompa\u00f1amiento en cuestiones que son esenciales para el mismo, que no est\u00e1n contempladas y que no son de gran erogaci\u00f3n\u201d.<\/p>\n<p>&nbsp;<\/p>\n<blockquote><p>En ese marco, los vecinos afirmaron que \u201cno est\u00e1 dada la infraestructura b\u00e1sica para ofrecer al viajero\u201d. Interpretaron que este problema \u201cse acentuar\u00e1 cuando finalicen las obras del puente y derivadores\u201d <a href=\"https:\/\/cdnoticias.com\/index.php\/2023\/02\/27\/comenzara-la-obra-del-acceso-a-sierras-bayas-por-ruta-226\/\" target=\"_blank\" rel=\"noopener\">de acceso a Sierras Bayas desde ruta 226<\/a>.\u00a0Enumeraron varios puntos referentes a servicios tur\u00edsticos. El primer fue disponer en la Terminal de \u00d3mnibus de un mayor horario de atenci\u00f3n al p\u00fablico.<\/p><\/blockquote>\n<p>&nbsp;<\/p>\n<p>Luego pasaron a los <strong>fondos obtenidos por la venta de tierras a una cementera<\/strong>. \u201cSomos conscientes de que ha hecho un gran aporte con lo obtenido por la venta de la calle a Cemento Avellaneda destinando usted por ordenanza la mitad de la venta que se hizo en un mill\u00f3n y medio de d\u00f3lares, o sea 671.000 d\u00f3lares a obras de turismo en Sierras Bayas, como la inversi\u00f3n en luminarias en la Plaza del M\u00e1stil, reinaugurada como Carlos M\u00e9dici, que tuvo una erogaci\u00f3n de 17,5 millones de pesos pero <strong>necesitamos que de ese fondo se invierta m\u00e1s\u201d<\/strong>.<\/p>\n<p>&nbsp;<\/p>\n<p>Seguidamente ejemplificaron obras y compras a las que destinar esos ingresos municipales como <strong>mejoras para la plaza Carlos M\u00e9dici y el Monte de los Fresnos, se\u00f1al\u00e9tica en calles y lugares hist\u00f3ricos, y alumbrado p\u00fablico<\/strong> en distintos puntos.<\/p>\n<p>&nbsp;<\/p>\n<p>El \u00faltimo punto mencionado fue referido a salud. <strong>\u201cUna realidad que nos aqueja y duele a los habitantes de Sierras Bayas, es la condici\u00f3n que ten\u00eda en su momento y c\u00f3mo est\u00e1 en la actualidad el Hospital.<\/strong> Cumpl\u00eda varias funciones esenciales, desde hacer una simple placa radiogr\u00e1fica a una internaci\u00f3n cuando hab\u00eda personal id\u00f3neo, capacitado para estar al frente de esas funciones. Hoy se ha transformado en una simple sala de atenci\u00f3n primaria, y obliga a que, para todo haya que trasladarse a Olavarr\u00eda\u201d explicaron sobre la preocupaci\u00f3n.<\/p>\n<p>&nbsp;<\/p>\n<p>&nbsp;<\/p>\n","protected":false},"excerpt":{"rendered":"<p>Un grupo de vecinos manifest\u00f3 sus demandas de obras y servicios en una carta dirigida al intendente. Apuntaron al destino<\/p>\n","protected":false},"author":4,"featured_media":3287,"comment_status":"closed","ping_status":"closed","sticky":false,"template":"","format":"standard","meta":{"_jetpack_memberships_contains_paid_content":false,"footnotes":""},"categories":[5,1],"tags":[],"class_list":["post-87633","post","type-post","status-publish","format-standard","has-post-thumbnail","hentry","category-informacion-general","category-portada"],"jetpack_featured_media_url":"https:\/\/i0.wp.com\/cdnoticias.com\/wp-content\/uploads\/2020\/10\/sierras-bayas.jpg?fit=3010%2C2032&ssl=1","jetpack_sharing_enabled":true,"_links":{"self":[{"href":"https:\/\/cdnoticias.com\/index.php\/wp-json\/wp\/v2\/posts\/87633","targetHints":{"allow":["GET"]}}],"collection":[{"href":"https:\/\/cdnoticias.com\/index.php\/wp-json\/wp\/v2\/posts"}],"about":[{"href":"https:\/\/cdnoticias.com\/index.php\/wp-json\/wp\/v2\/types\/post"}],"author":[{"embeddable":true,"href":"https:\/\/cdnoticias.com\/index.php\/wp-json\/wp\/v2\/users\/4"}],"replies":[{"embeddable":true,"href":"https:\/\/cdnoticias.com\/index.php\/wp-json\/wp\/v2\/comments?post=87633"}],"version-history":[{"count":0,"href":"https:\/\/cdnoticias.com\/index.php\/wp-json\/wp\/v2\/posts\/87633\/revisions"}],"wp:featuredmedia":[{"embeddable":true,"href":"https:\/\/cdnoticias.com\/index.php\/wp-json\/wp\/v2\/media\/3287"}],"wp:attachment":[{"href":"https:\/\/cdnoticias.com\/index.php\/wp-json\/wp\/v2\/media?parent=87633"}],"wp:term":[{"taxonomy":"category","embeddable":true,"href":"https:\/\/cdnoticias.com\/index.php\/wp-json\/wp\/v2\/categories?post=87633"},{"taxonomy":"post_tag","embeddable":true,"href":"https:\/\/cdnoticias.com\/index.php\/wp-json\/wp\/v2\/tags?post=87633"}],"curies":[{"name":"wp","href":"https:\/\/api.w.org\/{rel}","templated":true}]}}