{"id":87613,"date":"2023-06-13T18:30:12","date_gmt":"2023-06-13T21:30:12","guid":{"rendered":"https:\/\/www.centraldenoticias.com.ar\/?p=87613"},"modified":"2023-06-13T18:30:12","modified_gmt":"2023-06-13T21:30:12","slug":"provincia-net-regularizo-el-servicio-y-denuncio-un-ciberataque","status":"publish","type":"post","link":"https:\/\/cdnoticias.com\/index.php\/2023\/06\/13\/provincia-net-regularizo-el-servicio-y-denuncio-un-ciberataque\/","title":{"rendered":"Provincia NET regulariz\u00f3 el servicio y denunci\u00f3 un ciberataque"},"content":{"rendered":"<p>La empresa Provincia NET emiti\u00f3 un comunicado en el que dio a conocer que regulariz\u00f3 el servicio y denunci\u00f3 un ciberataque. En la firma los problemas comenzaron a manifestarse a mediados de mayo.<\/p>\n<p><!--more--><del><\/del><\/p>\n<hr \/>\n<p><strong>La empresa Provincia NET emiti\u00f3 un comunicado<\/strong> en el que dio a conocer que regulariz\u00f3 el servicio y denunci\u00f3 un ciberataque. En la firma los problemas comenzaron <a href=\"https:\/\/cdnoticias.com\/index.php\/2023\/05\/17\/licencias-de-conducir-advierte-sobre-demoras-por-fallas-en-el-servicio-de-bapro-pagos\/\" target=\"_blank\" rel=\"noopener\">a manifestarse a mediados de mayo y afectaron a numerosos organismos p\u00fablicos y privados y<\/a> a agencias de cobro en territorio bonaerense.<\/p>\n<p>&nbsp;<\/p>\n<blockquote><p>\u201cLas agencias y locales que proveen servicios de Provincia NET Pagos y la plataforma digital de cobros (https:\/\/pagosnet.provincianet.com.ar\/pagosnet\/public\/application) se encuentran prestando servicios regularmente\u201d se comunic\u00f3.<\/p><\/blockquote>\n<p>&nbsp;<\/p>\n<p>Paralelamente se inform\u00f3 que<strong> \u201choy Provincia NET present\u00f3 una denuncia penal en la Justicia Federal por haber sido v\u00edctima de un ciberataque<\/strong> que afect\u00f3 el normal funcionamiento de sus servicios de recaudaci\u00f3n. El hecho <strong>ocurri\u00f3 el d\u00eda 14 de mayo<\/strong> y ante su detecci\u00f3n, de inmediato se procedi\u00f3 al aislamiento del virus con el objetivo de mantener al resguardo la seguridad de los entes y organismos a los que habitualmente brindamos servicios\u201d.<\/p>\n<p>&nbsp;<\/p>\n<p>Acerca de las medidas aplicadas, la empresa destac\u00f3 que \u201cla r\u00e1pida acci\u00f3n de Provincia NET permiti\u00f3 que se tomaran las medidas necesarias a fin de mitigar los problemas t\u00e9cnicos. As\u00ed, se efectu\u00f3 un <strong>chequeo integral de la infraestructura para garantizar la integridad de su desempe\u00f1o y se procedi\u00f3 a la rehabilitaci\u00f3n progresiva<\/strong> de los diferentes servicios de recaudaci\u00f3n que ofrece la compa\u00f1\u00eda\u201d.<\/p>\n<p>&nbsp;<\/p>\n<blockquote><p>\u201cEs importante se\u00f1alar que el ataque solo produjo demoras en la prestaci\u00f3n de los servicios de recaudaci\u00f3n. Jam\u00e1s se puso en riesgo la integridad de las transacciones ejecutadas ni implic\u00f3 la intrusi\u00f3n a los sistemas de las empresas que tengan vinculaci\u00f3n con Provincia NET\u201d se aclar\u00f3.<\/p><\/blockquote>\n<p>&nbsp;<\/p>\n<p>Finalmente, expresaron un pedido <em>de \u201cdisculpas por las molestias ocasionadas\u201d.<\/em><\/p>\n","protected":false},"excerpt":{"rendered":"<p>La empresa Provincia NET emiti\u00f3 un comunicado en el que dio a conocer que regulariz\u00f3 el servicio y denunci\u00f3 un<\/p>\n","protected":false},"author":4,"featured_media":87614,"comment_status":"closed","ping_status":"closed","sticky":false,"template":"","format":"standard","meta":{"_jetpack_memberships_contains_paid_content":false,"footnotes":""},"categories":[5,1],"tags":[],"class_list":["post-87613","post","type-post","status-publish","format-standard","has-post-thumbnail","hentry","category-informacion-general","category-portada"],"jetpack_featured_media_url":"https:\/\/i0.wp.com\/cdnoticias.com\/wp-content\/uploads\/2023\/06\/provincia-net.jpg?fit=800%2C445&ssl=1","jetpack_sharing_enabled":true,"_links":{"self":[{"href":"https:\/\/cdnoticias.com\/index.php\/wp-json\/wp\/v2\/posts\/87613","targetHints":{"allow":["GET"]}}],"collection":[{"href":"https:\/\/cdnoticias.com\/index.php\/wp-json\/wp\/v2\/posts"}],"about":[{"href":"https:\/\/cdnoticias.com\/index.php\/wp-json\/wp\/v2\/types\/post"}],"author":[{"embeddable":true,"href":"https:\/\/cdnoticias.com\/index.php\/wp-json\/wp\/v2\/users\/4"}],"replies":[{"embeddable":true,"href":"https:\/\/cdnoticias.com\/index.php\/wp-json\/wp\/v2\/comments?post=87613"}],"version-history":[{"count":0,"href":"https:\/\/cdnoticias.com\/index.php\/wp-json\/wp\/v2\/posts\/87613\/revisions"}],"wp:featuredmedia":[{"embeddable":true,"href":"https:\/\/cdnoticias.com\/index.php\/wp-json\/wp\/v2\/media\/87614"}],"wp:attachment":[{"href":"https:\/\/cdnoticias.com\/index.php\/wp-json\/wp\/v2\/media?parent=87613"}],"wp:term":[{"taxonomy":"category","embeddable":true,"href":"https:\/\/cdnoticias.com\/index.php\/wp-json\/wp\/v2\/categories?post=87613"},{"taxonomy":"post_tag","embeddable":true,"href":"https:\/\/cdnoticias.com\/index.php\/wp-json\/wp\/v2\/tags?post=87613"}],"curies":[{"name":"wp","href":"https:\/\/api.w.org\/{rel}","templated":true}]}}