{"id":87545,"date":"2023-06-13T17:03:06","date_gmt":"2023-06-13T20:03:06","guid":{"rendered":"https:\/\/www.centraldenoticias.com.ar\/?p=87545"},"modified":"2023-06-13T17:03:06","modified_gmt":"2023-06-13T20:03:06","slug":"cortes-de-luz-programados-en-tres-sectores-de-la-ciudad","status":"publish","type":"post","link":"https:\/\/cdnoticias.com\/index.php\/2023\/06\/13\/cortes-de-luz-programados-en-tres-sectores-de-la-ciudad\/","title":{"rendered":"Cortes de luz programados en tres sectores de la ciudad"},"content":{"rendered":"<p>Ser\u00e1 durante la ma\u00f1ana de este mi\u00e9rcoles: comenzar\u00e1n a las 7.30 horas. Se indic\u00f3 que es por tareas de mantenimiento. <!--more--><\/p>\n<hr \/>\n<p>Desde Coopelectric se inform\u00f3 que durante la <strong>ma\u00f1ana de este mi\u00e9rcoles<\/strong> se llevar\u00e1n a cabo<strong> tres cortes de luz <\/strong>por tareas de mantenimiento.<\/p>\n<p>&nbsp;<\/p>\n<p>La primera interrupci\u00f3n ser\u00e1 de <strong>7:30 a 8:15<\/strong> en dos sectores:<\/p>\n<ul>\n<li>Sector 1: <strong>Moya- avenida Sarmiento- Entre R\u00edos- San Mart\u00edn.<\/strong><\/li>\n<li>Sector 2: <strong>Entre R\u00edos- Jos\u00e9 Luis Torres- Calle 173- San Mart\u00edn.<\/strong><\/li>\n<\/ul>\n<p>&nbsp;<\/p>\n<p>El segundo corte ser\u00e1 en el horario comprendido entre la<strong>s 7:30 y las 11:00<\/strong> y abarcar\u00e1 las calles<strong> Celestino Mu\u00f1oz- avenida Col\u00f3n- Moya- San Mart\u00edn.<\/strong><\/p>\n<p>&nbsp;<\/p>\n<p>Por \u00faltimo se indic\u00f3 que puede suspenderse sin las condiciones clim\u00e1ticas son adversas. En tal caso, las tareas ser\u00e1n reprogramadas.<\/p>\n","protected":false},"excerpt":{"rendered":"<p>Ser\u00e1 durante la ma\u00f1ana de este mi\u00e9rcoles: comenzar\u00e1n a las 7.30 horas. Se indic\u00f3 que es por tareas de mantenimiento.<\/p>\n","protected":false},"author":6,"featured_media":41403,"comment_status":"closed","ping_status":"closed","sticky":false,"template":"","format":"standard","meta":{"_jetpack_memberships_contains_paid_content":false,"footnotes":""},"categories":[5,1],"tags":[],"class_list":["post-87545","post","type-post","status-publish","format-standard","has-post-thumbnail","hentry","category-informacion-general","category-portada"],"jetpack_featured_media_url":"https:\/\/i0.wp.com\/cdnoticias.com\/wp-content\/uploads\/2021\/12\/coopelectric-camion.jpg?fit=1600%2C890&ssl=1","jetpack_sharing_enabled":true,"_links":{"self":[{"href":"https:\/\/cdnoticias.com\/index.php\/wp-json\/wp\/v2\/posts\/87545","targetHints":{"allow":["GET"]}}],"collection":[{"href":"https:\/\/cdnoticias.com\/index.php\/wp-json\/wp\/v2\/posts"}],"about":[{"href":"https:\/\/cdnoticias.com\/index.php\/wp-json\/wp\/v2\/types\/post"}],"author":[{"embeddable":true,"href":"https:\/\/cdnoticias.com\/index.php\/wp-json\/wp\/v2\/users\/6"}],"replies":[{"embeddable":true,"href":"https:\/\/cdnoticias.com\/index.php\/wp-json\/wp\/v2\/comments?post=87545"}],"version-history":[{"count":0,"href":"https:\/\/cdnoticias.com\/index.php\/wp-json\/wp\/v2\/posts\/87545\/revisions"}],"wp:featuredmedia":[{"embeddable":true,"href":"https:\/\/cdnoticias.com\/index.php\/wp-json\/wp\/v2\/media\/41403"}],"wp:attachment":[{"href":"https:\/\/cdnoticias.com\/index.php\/wp-json\/wp\/v2\/media?parent=87545"}],"wp:term":[{"taxonomy":"category","embeddable":true,"href":"https:\/\/cdnoticias.com\/index.php\/wp-json\/wp\/v2\/categories?post=87545"},{"taxonomy":"post_tag","embeddable":true,"href":"https:\/\/cdnoticias.com\/index.php\/wp-json\/wp\/v2\/tags?post=87545"}],"curies":[{"name":"wp","href":"https:\/\/api.w.org\/{rel}","templated":true}]}}