{"id":87537,"date":"2023-06-12T14:10:16","date_gmt":"2023-06-12T17:10:16","guid":{"rendered":"https:\/\/www.centraldenoticias.com.ar\/?p=87537"},"modified":"2023-06-12T14:10:16","modified_gmt":"2023-06-12T17:10:16","slug":"se-anuncio-la-creacion-de-tres-universidades-provinciales","status":"publish","type":"post","link":"https:\/\/cdnoticias.com\/index.php\/2023\/06\/12\/se-anuncio-la-creacion-de-tres-universidades-provinciales\/","title":{"rendered":"Se anunci\u00f3 la creaci\u00f3n de tres universidades provinciales"},"content":{"rendered":"<p>Se realiz\u00f3 durante el primer encuentro de la Red Bonaerense de Centros Universitarios. Lo present\u00f3 Carlos Bianco quien destac\u00f3 que se trata de un proyecto enmarcado en un nuevo Plan Quinquenal de la Provincia.<\/p>\n<p><!--more--><\/p>\n<hr \/>\n<p><strong>Carlos Bianco, jefe de Asesores del Gobernador de la Provincia<\/strong>, afirm\u00f3 que <strong>&#8220;vamos a impulsar la creaci\u00f3n de tres universidades provinciales en el territorio bonaerense\u201d<\/strong>. Fue en el marco del primer <strong>encuentro de la Red Bonaerense de Centros Universitarios<\/strong>, realizado el viernes en Mar del Plata como parte de las acciones del programa Puentes para avanzar en el desarrollo de pol\u00edticas que garanticen el derecho a la universidad para todos los y las bonaerenses. <em>Las nuevas casas de altos estudios se sumar\u00e1n a la ya existente Universidad Provincial del Suroeste, con los nombres de Universidad Provincial del Noreste, Universidad Provincial del Noroeste y Universidad Provincial del Sureste.<\/em><\/p>\n<p>&nbsp;<\/p>\n<p>La jornada, que tuvo lugar en el Hotel Provincial de la ciudad balnearia, cont\u00f3 con la participaci\u00f3n de numerosos <strong>intendentes, autoridades universitarias y funcionarios provinciales y municipales.<\/strong><\/p>\n<p>&nbsp;<\/p>\n<p>Adem\u00e1s, durante el encuentro el Jefe de Asesores anunci\u00f3 la <strong>creaci\u00f3n de un Plan Quinquenal para el fortalecimiento de la educaci\u00f3n universitaria<\/strong>, en el marco del trabajo desarrollado a trav\u00e9s del programa Puentes.<\/p>\n<p>&nbsp;<\/p>\n<blockquote><p>&#8220;Tenemos un compromiso pol\u00edtico e hist\u00f3rico con la educaci\u00f3n superior p\u00fablica, gratuita y de calidad en la provincia de Buenos Aires&#8221;, expres\u00f3 Bianco y explic\u00f3: &#8220;Por decisi\u00f3n del Gobernador Axel Kicillof avanzamos en un Plan Quinquenal que tendr\u00e1 dos dimensiones: crear las nuevas universidades provinciales y continuar con el fortalecimiento de los centros universitarios municipales y regionales. Necesitamos m\u00e1s universidades y m\u00e1s centros universitarios, porque s\u00f3lo de esa forma vamos a garantizar que todos los y las bonaerenses tengan derecho al futuro&#8221;.<\/p><\/blockquote>\n<p>&nbsp;<\/p>\n<p><img data-recalc-dims=\"1\" loading=\"lazy\" decoding=\"async\" class=\"size-full wp-image-87539 aligncenter\" src=\"https:\/\/i0.wp.com\/cdnoticias.com\/wp-content\/uploads\/2023\/06\/DIB-universidades-nacionales.jpg?resize=800%2C422&#038;ssl=1\" alt=\"\" width=\"800\" height=\"422\" srcset=\"https:\/\/i0.wp.com\/cdnoticias.com\/wp-content\/uploads\/2023\/06\/DIB-universidades-nacionales.jpg?w=834&amp;ssl=1 834w, https:\/\/i0.wp.com\/cdnoticias.com\/wp-content\/uploads\/2023\/06\/DIB-universidades-nacionales.jpg?resize=300%2C158&amp;ssl=1 300w, https:\/\/i0.wp.com\/cdnoticias.com\/wp-content\/uploads\/2023\/06\/DIB-universidades-nacionales.jpg?resize=768%2C405&amp;ssl=1 768w, https:\/\/i0.wp.com\/cdnoticias.com\/wp-content\/uploads\/2023\/06\/DIB-universidades-nacionales.jpg?resize=390%2C205&amp;ssl=1 390w\" sizes=\"auto, (max-width: 800px) 100vw, 800px\" \/><\/p>\n<p>&nbsp;<\/p>\n<p><strong>Jornada de debate sobre la educaci\u00f3n universitaria<\/strong><\/p>\n<p>&nbsp;<\/p>\n<p>La apertura del encuentro estuvo encabezada por<strong> Bianco, la directora ejecutiva de ANSES, Fernanda Raverta, y el director ejecutivo del Consejo Provincial de Coordinaci\u00f3n con el Sistema Universitario y Cient\u00edfico, Juan Brardinelli<\/strong>.<\/p>\n<p>&nbsp;<\/p>\n<p>Bianco destac\u00f3 la<strong> presencia de intendentes de diverso signo pol\u00edtico<\/strong> y manifest\u00f3:<em> \u201cEn materia de educaci\u00f3n universitaria no deber\u00eda haber diferencias ideol\u00f3gicas. La historia nos ha ense\u00f1ado que las naciones m\u00e1s pr\u00f3speras, con mayores niveles de riqueza y de igualdad, son aquellas que han apostado por el conocimiento y la educaci\u00f3n\u201d<\/em>.<\/p>\n<p>&nbsp;<\/p>\n<p>Por su parte, Raverta afirm\u00f3: \u201cEl Estado tiene que garantizar las trayectorias educativas. En este sentido, debemos lograr que nuestros hijos tengan m\u00e1s oportunidades, y que sus hijos tengan todav\u00eda m\u00e1s\u201d.<\/p>\n<p>&nbsp;<\/p>\n<p>Las actividades continuaron con la presentaci\u00f3n de los<strong> paneles<\/strong> \u201cEstrategias para el fomento de la educaci\u00f3n universitaria en la provincia de Buenos Aires\u201d y \u201cEl derecho a la educaci\u00f3n universitaria\u201d y las mesas \u201cLa educaci\u00f3n universitaria en los municipios bonaerenses\u201d y \u201cArraigo, producci\u00f3n y capacidades locales\u201d.<\/p>\n<p>&nbsp;<\/p>\n<p>El <strong>cierre de la jornada<\/strong> estuvo encabezado por Bianco y el <strong>director general de Cultura y Educaci\u00f3n de la Provincia de Buenos Aires, Alberto Sileoni.<\/strong> El titular de la cartera educativa celebr\u00f3 las iniciativas que el Gobierno provincial est\u00e1 llevando adelante en el nivel superior y afirm\u00f3: \u201cPuentes es una pol\u00edtica p\u00fablica muy original, que construye una sociedad bonaerense m\u00e1s justa\u201d.<\/p>\n<p>&nbsp;<\/p>\n<p>Participaron de la jornada como expositores los intendentes Ricardo Moccero (Coronel Su\u00e1rez), Diego Nanni (Exaltaci\u00f3n de la Cruz), Marcos Pisano (Bol\u00edvar) y Miguel Fern\u00e1ndez (Trenque Lauquen), el subsecretario de Inclusi\u00f3n Penitenciaria de la Provincia, Diego Rao, el presidente de la Comisi\u00f3n de Investigaciones Cient\u00edficas de Provincia de Buenos Aires, Alejandro Villar, el subsecretario de Fortalecimiento de Trayectoria Estudiantiles del Misterio de Educaci\u00f3n de la Naci\u00f3n, Leandro Quiroga, y autoridades de la Universidad Nacional de Quilmes, la Universidad Provincial del Sudoeste, la Universidad Nacional Arturo Jauretche, la Universidad Tecnol\u00f3gica Nacional y la Universidad Nacional del Centro de la Provincia de Buenos Aires.<\/p>\n<p>&nbsp;<\/p>\n<p><strong>Firma de convenios con municipios<\/strong><\/p>\n<p>&nbsp;<\/p>\n<p>En el \u00faltimo tramo de la actividad, la Jefatura de Asesores del Gobernador y el Consejo Provincial de Coordinaci\u00f3n con el Sistema Universitario y Cient\u00edfico firmaron convenios para sumar nuevos municipios al programa y otorgar un segundo subsidio que permitir\u00e1 ampliar y mejorar los centros universitarios de aquellos distritos que ya forman parte de la iniciativa. Adem\u00e1s, se rubricaron acuerdos con universidades y municipios para el inicio de carreras, as\u00ed como con la Comisi\u00f3n de Investigaciones Cient\u00edficas de la Provincia para la implementaci\u00f3n de becas de investigaci\u00f3n en universidades con asiento en territorio bonaerense.<\/p>\n<p>&nbsp;<\/p>\n<p>Los 36 intendentes que participaron del encuentro fueron Ricardo Moccero (Coronel Su\u00e1rez), Marcos Pisano (Bol\u00edvar), Gustavo Barrera (Villa Gesell), Alberto Gelen\u00e9 (Las Flores), Diego Nanni (Exaltaci\u00f3n de la Cruz), Juan Jos\u00e9 Fioramonti (Lober\u00eda), Hernan Ralinqueo (25 de Mayo), Facundo Castelli (Puan), Nicol\u00e1s Mantegazza (San Vicente), Germ\u00e1n Lago (Alberti), Lisandro Matzkin (Coronel Pringles), Martin Randazzo (La Madrid), Luis Ignacio Pugnaloni (Hip\u00f3lito Yrigoyen), Jos\u00e9 Luis Salom\u00f3n (Saladillo), Javier Andr\u00e9s (Adolfo Alsina), Miguel \u00c1ngel Fern\u00e1ndez (Trenque Lauquen), Sebasti\u00e1n Ianantuony (General Alvarado), Mar\u00eda Celia Gianini (Carlos Tejedor), David Angueira (Punta Indio), Jos\u00e9 Augusto Nobre Ferreira (Guamin\u00ed), Jos\u00e9 Luis Horna (Roque P\u00e9rez), Pablo Jos\u00e9 Torres (Laprida), Miguel \u00c1ngel Gargaglione (San Cayetano), Marcos Fern\u00e1ndez (Monte Hermoso), Gustavo Cocconi (Tapalqu\u00e9), Jorge Paredi (Mar Chiquita), Eduardo Santill\u00e1n (Adolfo Gonz\u00e1lez Chavez), Julio C\u00e9sar Marini (Benito Ju\u00e1rez), Emilio Cordonnier (Ayacucho), Javier Gast\u00f3n (Chascom\u00fas), Daniel Stadnik (Carlos Casares), Facundo Diz (Navarro), Tito Sanzio (Baradero), Miguel Gesualdi (San Andr\u00e9s de Giles), Jorge Carrera (Tres Lomas) y Juan Manuel \u00c1lvarez (General Paz).<\/p>\n<p>&nbsp;<\/p>\n","protected":false},"excerpt":{"rendered":"<p>Se realiz\u00f3 durante el primer encuentro de la Red Bonaerense de Centros Universitarios. Lo present\u00f3 Carlos Bianco quien destac\u00f3 que<\/p>\n","protected":false},"author":4,"featured_media":87538,"comment_status":"closed","ping_status":"closed","sticky":false,"template":"","format":"standard","meta":{"_jetpack_memberships_contains_paid_content":false,"footnotes":""},"categories":[6,1],"tags":[],"class_list":["post-87537","post","type-post","status-publish","format-standard","has-post-thumbnail","hentry","category-nacionales","category-portada"],"jetpack_featured_media_url":"https:\/\/i0.wp.com\/cdnoticias.com\/wp-content\/uploads\/2023\/06\/Bianco-Sileoni-universidades-nacionales.jpg?fit=800%2C445&ssl=1","jetpack_sharing_enabled":true,"_links":{"self":[{"href":"https:\/\/cdnoticias.com\/index.php\/wp-json\/wp\/v2\/posts\/87537","targetHints":{"allow":["GET"]}}],"collection":[{"href":"https:\/\/cdnoticias.com\/index.php\/wp-json\/wp\/v2\/posts"}],"about":[{"href":"https:\/\/cdnoticias.com\/index.php\/wp-json\/wp\/v2\/types\/post"}],"author":[{"embeddable":true,"href":"https:\/\/cdnoticias.com\/index.php\/wp-json\/wp\/v2\/users\/4"}],"replies":[{"embeddable":true,"href":"https:\/\/cdnoticias.com\/index.php\/wp-json\/wp\/v2\/comments?post=87537"}],"version-history":[{"count":0,"href":"https:\/\/cdnoticias.com\/index.php\/wp-json\/wp\/v2\/posts\/87537\/revisions"}],"wp:featuredmedia":[{"embeddable":true,"href":"https:\/\/cdnoticias.com\/index.php\/wp-json\/wp\/v2\/media\/87538"}],"wp:attachment":[{"href":"https:\/\/cdnoticias.com\/index.php\/wp-json\/wp\/v2\/media?parent=87537"}],"wp:term":[{"taxonomy":"category","embeddable":true,"href":"https:\/\/cdnoticias.com\/index.php\/wp-json\/wp\/v2\/categories?post=87537"},{"taxonomy":"post_tag","embeddable":true,"href":"https:\/\/cdnoticias.com\/index.php\/wp-json\/wp\/v2\/tags?post=87537"}],"curies":[{"name":"wp","href":"https:\/\/api.w.org\/{rel}","templated":true}]}}