{"id":87514,"date":"2023-06-12T10:56:02","date_gmt":"2023-06-12T13:56:02","guid":{"rendered":"https:\/\/www.centraldenoticias.com.ar\/?p=87514"},"modified":"2023-06-12T11:42:49","modified_gmt":"2023-06-12T14:42:49","slug":"este-miercoles-volvera-kicillof-a-olavarria","status":"publish","type":"post","link":"https:\/\/cdnoticias.com\/index.php\/2023\/06\/12\/este-miercoles-volvera-kicillof-a-olavarria\/","title":{"rendered":"Este mi\u00e9rcoles volver\u00e1 Kicillof a Olavarr\u00eda"},"content":{"rendered":"<p>Lo anunci\u00f3 Maximiliano Wesner, quien adelant\u00f3 que el gobernador entregar\u00e1 escrituras y visitar\u00e1 la construcci\u00f3n del Polo Judicial.<\/p>\n<p><!--more--><\/p>\n<hr \/>\n<p>El <strong>gobernador Axel Kicillof<\/strong> volver\u00e1<strong> este mi\u00e9rcoles a Olavarr\u00eda<\/strong> y el anuncio lo hizo el <strong>precandidato a intendente del Frente de Todos, Maximiliano Wesner.<\/strong><\/p>\n<p>&nbsp;<\/p>\n<p>Se adelant\u00f3 que el gobernador <strong>entregar\u00e1 escrituras<\/strong> y <strong>visitar\u00e1 la construcci\u00f3n del Polo Judicial<\/strong>, <a href=\"https:\/\/cdnoticias.com\/index.php\/2023\/05\/29\/ya-hay-gente-trabajando-en-el-lugar-asi-que-estamos-muy-contentos-por-eso\/\" target=\"_blank\" rel=\"noopener\">obra retomada el mes pasado tras cinco a\u00f1os desde que hab\u00eda quedado parada<\/a>.<\/p>\n<p>&nbsp;<\/p>\n<blockquote class=\"twitter-tweet\">\n<p dir=\"ltr\" lang=\"es\">Este mi\u00e9rcoles por la ma\u00f1ana tendremos la visita del gobernador <a href=\"https:\/\/twitter.com\/Kicillofok?ref_src=twsrc%5Etfw\">@Kicillofok<\/a> a Olavarr\u00eda. Se prev\u00e9 entrega de escrituras y una visita al Polo Judicial entre otras actividades que iremos definiendo. <a href=\"https:\/\/t.co\/X0rcfd2aAR\">pic.twitter.com\/X0rcfd2aAR<\/a><\/p>\n<p>\u2014 Maximiliano Wesner (@MaximilianoWes4) <a href=\"https:\/\/twitter.com\/MaximilianoWes4\/status\/1668244825617965057?ref_src=twsrc%5Etfw\">June 12, 2023<\/a><\/p><\/blockquote>\n<p><script async src=\"https:\/\/platform.twitter.com\/widgets.js\" charset=\"utf-8\"><\/script><\/p>\n<p>&nbsp;<\/p>\n<p><strong>Kicillof hab\u00eda estado en la ciudad por \u00faltima vez en octubre del a\u00f1o pasado<\/strong>. <a href=\"https:\/\/cdnoticias.com\/index.php\/2022\/10\/26\/sin-el-titulo-de-propiedad-no-esta-completo-el-derecho-a-la-vivienda\/\" target=\"_blank\" rel=\"noopener\">El 26 de aquel mes tambi\u00e9n encabez\u00f3 un acto de entrega de escrituras<\/a> junto al intendente Ezequiel Galli y despu\u00e9s particip\u00f3 de <strong>diversas actividades junto a Maximiliano Wesner<\/strong>, quien ya se prefiguraba como dirigente destacado del Frente de Todos local.<\/p>\n<p>&nbsp;<\/p>\n<p>En este momento, <strong>el sector tiene en Olavarr\u00eda m\u00e1s precandidatos a intendentes<\/strong>: Eduardo Rodr\u00edguez y Hern\u00e1n Parra.<strong> \u00bfEstar\u00e1n tambi\u00e9n en la visita del gobernador?<\/strong><\/p>\n<p>&nbsp;<\/p>\n","protected":false},"excerpt":{"rendered":"<p>Lo anunci\u00f3 Maximiliano Wesner, quien adelant\u00f3 que el gobernador entregar\u00e1 escrituras y visitar\u00e1 la construcci\u00f3n del Polo Judicial.<\/p>\n","protected":false},"author":4,"featured_media":68383,"comment_status":"closed","ping_status":"closed","sticky":false,"template":"","format":"standard","meta":{"_jetpack_memberships_contains_paid_content":false,"footnotes":""},"categories":[4,1],"tags":[],"class_list":["post-87514","post","type-post","status-publish","format-standard","has-post-thumbnail","hentry","category-politica","category-portada"],"jetpack_featured_media_url":"https:\/\/i0.wp.com\/cdnoticias.com\/wp-content\/uploads\/2022\/10\/kicillof-confe3-scaled.jpg?fit=2560%2C1536&ssl=1","jetpack_sharing_enabled":true,"_links":{"self":[{"href":"https:\/\/cdnoticias.com\/index.php\/wp-json\/wp\/v2\/posts\/87514","targetHints":{"allow":["GET"]}}],"collection":[{"href":"https:\/\/cdnoticias.com\/index.php\/wp-json\/wp\/v2\/posts"}],"about":[{"href":"https:\/\/cdnoticias.com\/index.php\/wp-json\/wp\/v2\/types\/post"}],"author":[{"embeddable":true,"href":"https:\/\/cdnoticias.com\/index.php\/wp-json\/wp\/v2\/users\/4"}],"replies":[{"embeddable":true,"href":"https:\/\/cdnoticias.com\/index.php\/wp-json\/wp\/v2\/comments?post=87514"}],"version-history":[{"count":0,"href":"https:\/\/cdnoticias.com\/index.php\/wp-json\/wp\/v2\/posts\/87514\/revisions"}],"wp:featuredmedia":[{"embeddable":true,"href":"https:\/\/cdnoticias.com\/index.php\/wp-json\/wp\/v2\/media\/68383"}],"wp:attachment":[{"href":"https:\/\/cdnoticias.com\/index.php\/wp-json\/wp\/v2\/media?parent=87514"}],"wp:term":[{"taxonomy":"category","embeddable":true,"href":"https:\/\/cdnoticias.com\/index.php\/wp-json\/wp\/v2\/categories?post=87514"},{"taxonomy":"post_tag","embeddable":true,"href":"https:\/\/cdnoticias.com\/index.php\/wp-json\/wp\/v2\/tags?post=87514"}],"curies":[{"name":"wp","href":"https:\/\/api.w.org\/{rel}","templated":true}]}}