{"id":87501,"date":"2023-06-12T09:37:55","date_gmt":"2023-06-12T12:37:55","guid":{"rendered":"https:\/\/www.centraldenoticias.com.ar\/?p=87501"},"modified":"2023-06-12T09:37:55","modified_gmt":"2023-06-12T12:37:55","slug":"wesner-decidio-hacer-silencio-y-no-hablar-de-las-magras-jubilaciones-que-paga-la-anses","status":"publish","type":"post","link":"https:\/\/cdnoticias.com\/index.php\/2023\/06\/12\/wesner-decidio-hacer-silencio-y-no-hablar-de-las-magras-jubilaciones-que-paga-la-anses\/","title":{"rendered":"\u201cWesner decidi\u00f3 hacer silencio y no hablar de las magras jubilaciones que paga la ANSES\u201d"},"content":{"rendered":"<p>Lo expres\u00f3 el subsecretario de Legal y T\u00e9cnica del Municipio, Marcelo Fabbi. Analiz\u00f3 el impacto de la Ley de Movilidad.<!--more--><\/p>\n<hr \/>\n<p>El <strong>subsecretario de Legal y T\u00e9cnica del Gobierno Municipal Marcelo Fabbi<\/strong> analiz\u00f3 \u201cel impacto negativo que tuvo el cambio de la Ley de Movilidad para los jubilados y pensionados de Olavarr\u00eda\u201d.<\/p>\n<p>&nbsp;<\/p>\n<p>En declaraciones radiales se\u00f1al\u00f3 que \u201cel otro d\u00eda pas\u00f3 algo en la sesi\u00f3n del Concejo Deliberante que me dio bronca: uno de los concejales del Frente de Todos sali\u00f3 a decir que las jubilaciones eran magras por la guerra y la pandemia, al lado estaba el concejal Wesner que es director de la ANSES y sabe que las jubilaciones son magras por el cambio en la <strong>Ley de Movilidad<\/strong> impulsada por el gobierno nacional\u201d.<\/p>\n<p>&nbsp;<\/p>\n<p>Si bien consider\u00f3 que el bienestar de los jubilados es una deuda de la dirigencia pol\u00edtica en todo su conjunto y desde hace varios a\u00f1os, \u201cantes del cambio de Ley, la Movilidad ten\u00eda un 70% que se basaba en la variaci\u00f3n general del \u00cdndice de Precios, b\u00e1sicamente la inflaci\u00f3n y un 30% del RIPTE. La ANSES, manejada por La Campora en todo pa\u00eds, cambi\u00f3 esa movilidad al 50% de la recaudaci\u00f3n del organismo y al 50% del RIPTE\u201d.<\/p>\n<p>&nbsp;<\/p>\n<p>Agreg\u00f3 que: \u201c<strong>las jubilaciones que cobran los vecinos de Olavarr\u00eda se depreciaron un 40% en el \u00faltimo a\u00f1o.<\/strong> Si analizamos los datos de mayo del 2022 y lo comparamos con mayo de este a\u00f1o, est\u00e1 claro que tuvimos una inflaci\u00f3n acumulada de m\u00e1s del ciento por ciento y las jubilaciones en el a\u00f1o 2022 tuvieron un aumento acumulado del 72.47% y apenas un 8% m\u00e1s si sumamos los bonos que decide pagar la ANSES. M\u00e1s all\u00e1 de que la inflaci\u00f3n interanual de 2022 ha sido de casi el 95%, sumar los bonos es injusto porque los jubilados que superan la m\u00ednima por poco no cobran bonos y sus jubilaciones siguen siendo miserables\u201d.<\/p>\n<p>&nbsp;<\/p>\n<blockquote><p>Fabbi sostuvo: \u201ccon una econom\u00eda que se pincha, con la recaudaci\u00f3n baja y con trabajadores en blanco cobrando salarios por debajo de la l\u00ednea de la pobreza, tenemos el combo perfecto para que las jubilaciones sean las que son\u201d.<\/p><\/blockquote>\n<p>&nbsp;<\/p>\n<p>Por \u00faltimo, sostuvo: \u201cla C\u00e1mpora y sus concejales en Olavarr\u00eda no dicen nada. Prefieren negarlo y culpar a la guerra y la pandemia. Hay que ponerle nombre a las cosas: Maximiliano Wesner decidi\u00f3 hacer silencio frente a las magras jubilaciones que paga la ANSES\u201d.<\/p>\n","protected":false},"excerpt":{"rendered":"<p>Lo expres\u00f3 el subsecretario de Legal y T\u00e9cnica del Municipio, Marcelo Fabbi. Analiz\u00f3 el impacto de la Ley de Movilidad.<\/p>\n","protected":false},"author":5,"featured_media":87502,"comment_status":"closed","ping_status":"closed","sticky":false,"template":"","format":"standard","meta":{"_jetpack_memberships_contains_paid_content":false,"footnotes":""},"categories":[4,1],"tags":[],"class_list":["post-87501","post","type-post","status-publish","format-standard","has-post-thumbnail","hentry","category-politica","category-portada"],"jetpack_featured_media_url":"https:\/\/i0.wp.com\/cdnoticias.com\/wp-content\/uploads\/2023\/06\/marcelofabbi.jpg?fit=742%2C445&ssl=1","jetpack_sharing_enabled":true,"_links":{"self":[{"href":"https:\/\/cdnoticias.com\/index.php\/wp-json\/wp\/v2\/posts\/87501","targetHints":{"allow":["GET"]}}],"collection":[{"href":"https:\/\/cdnoticias.com\/index.php\/wp-json\/wp\/v2\/posts"}],"about":[{"href":"https:\/\/cdnoticias.com\/index.php\/wp-json\/wp\/v2\/types\/post"}],"author":[{"embeddable":true,"href":"https:\/\/cdnoticias.com\/index.php\/wp-json\/wp\/v2\/users\/5"}],"replies":[{"embeddable":true,"href":"https:\/\/cdnoticias.com\/index.php\/wp-json\/wp\/v2\/comments?post=87501"}],"version-history":[{"count":0,"href":"https:\/\/cdnoticias.com\/index.php\/wp-json\/wp\/v2\/posts\/87501\/revisions"}],"wp:featuredmedia":[{"embeddable":true,"href":"https:\/\/cdnoticias.com\/index.php\/wp-json\/wp\/v2\/media\/87502"}],"wp:attachment":[{"href":"https:\/\/cdnoticias.com\/index.php\/wp-json\/wp\/v2\/media?parent=87501"}],"wp:term":[{"taxonomy":"category","embeddable":true,"href":"https:\/\/cdnoticias.com\/index.php\/wp-json\/wp\/v2\/categories?post=87501"},{"taxonomy":"post_tag","embeddable":true,"href":"https:\/\/cdnoticias.com\/index.php\/wp-json\/wp\/v2\/tags?post=87501"}],"curies":[{"name":"wp","href":"https:\/\/api.w.org\/{rel}","templated":true}]}}