{"id":87488,"date":"2023-06-12T08:32:33","date_gmt":"2023-06-12T11:32:33","guid":{"rendered":"https:\/\/www.centraldenoticias.com.ar\/?p=87488"},"modified":"2023-06-12T08:32:33","modified_gmt":"2023-06-12T11:32:33","slug":"homenaje-a-diego-mestre-a-un-ano-de-su-fallecimiento","status":"publish","type":"post","link":"https:\/\/cdnoticias.com\/index.php\/2023\/06\/12\/homenaje-a-diego-mestre-a-un-ano-de-su-fallecimiento\/","title":{"rendered":"Homenaje a Diego Mestre a un a\u00f1o de su fallecimiento"},"content":{"rendered":"<p>Sus compa\u00f1eros de la Unidad 38 destacaron \u201csu calidad humana y alto compromiso profesional\u201d. Estuvieron su pareja y una de sus hijas.<\/p>\n<p><!--more--><\/p>\n<hr \/>\n<p>Recientemente se llev\u00f3 a cabo <strong>una ceremonia para recordar al Suboficial Principal Diego Mestre<\/strong>, quien falleci\u00f3 hace un a\u00f1o en un tr\u00e1gico accidente de tr\u00e1nsito camino la <strong>Unidad Penitenciaria N\u00ba 38<\/strong> donde trabajaba en el \u00e1rea de sanidad.<\/p>\n<p>&nbsp;<\/p>\n<p>Familiares, compa\u00f1eros y amigos se dieron cita en la Sede Acad\u00e9mica Descentralizada del Complejo Centro Zona Sur \u201cInspector General Fabi\u00e1n Roberto Recofsky\u201d, perteneciente al <strong>Centro de Capacitaci\u00f3n y Reentrenamiento Permanente del Personal Penitenciario<\/strong>.<\/p>\n<p>&nbsp;<\/p>\n<p>En el encuentro fue reconocida<strong> la trayectoria institucional y la calidad humana del agente, su empat\u00eda y solidaridad<\/strong> lo llevaron a asumir con responsabilidad la misi\u00f3n de dar servicio ya sea como agente penitenciario, enfermero, compa\u00f1ero, esposo, padre y amigo.<\/p>\n<p>&nbsp;<\/p>\n<p><img data-recalc-dims=\"1\" loading=\"lazy\" decoding=\"async\" class=\"size-full wp-image-87494 aligncenter\" src=\"https:\/\/i0.wp.com\/cdnoticias.com\/wp-content\/uploads\/2023\/06\/unidad-38-homenaje-a-diego-mestre.jpg?resize=800%2C445&#038;ssl=1\" alt=\"\" width=\"800\" height=\"445\" srcset=\"https:\/\/i0.wp.com\/cdnoticias.com\/wp-content\/uploads\/2023\/06\/unidad-38-homenaje-a-diego-mestre.jpg?w=800&amp;ssl=1 800w, https:\/\/i0.wp.com\/cdnoticias.com\/wp-content\/uploads\/2023\/06\/unidad-38-homenaje-a-diego-mestre.jpg?resize=300%2C167&amp;ssl=1 300w, https:\/\/i0.wp.com\/cdnoticias.com\/wp-content\/uploads\/2023\/06\/unidad-38-homenaje-a-diego-mestre.jpg?resize=768%2C427&amp;ssl=1 768w\" sizes=\"auto, (max-width: 800px) 100vw, 800px\" \/><\/p>\n<p>&nbsp;<\/p>\n<blockquote><p>Durante el acto, sus compa\u00f1eros destacaron que \u201csu alegr\u00eda y buen humor, como as\u00ed tambi\u00e9n su calidad humana y alto compromiso profesional, son s\u00f3lo algunos de los motivos por los cuales Diego ser\u00e1 un referente para quienes lo conocimos y tuvimos la noble oportunidad de trabajar a su lado. Por ello, \u00e9l siempre estar\u00e1 presente en nuestros corazones\u201d.<\/p><\/blockquote>\n<p>&nbsp;<\/p>\n<p><strong>Melisa, pareja de Diego, junto a una de sus hijas descubrieron una placa<\/strong> que ser\u00e1 colocada <strong>en el \u00e1rea de Sanidad de la Unidad 38<\/strong>, junto a la imagen de Mar\u00eda del Rosario de San Nicol\u00e1s. Momentos antes, el presb\u00edtero Jos\u00e9 Mar\u00eda Quattrocchio la bendijo, al igual que a todos los presentes.<\/p>\n<p>&nbsp;<\/p>\n<p>Cabe recordar que<a href=\"https:\/\/cdnoticias.com\/index.php\/2022\/05\/16\/un-motociclista-fallecio-en-un-siniestro-vial-en-el-camino-de-los-pueblos\/\" target=\"_blank\" rel=\"noopener\"> el 16 de mayo de 2022 por la ma\u00f1ana<\/a> Diego Mestre (43) iba a bordo de una moto por el Camino Uni\u00f3n de los Pueblos cuando particip\u00f3 de un siniestro vial con otros dos veh\u00edculos. La v\u00edctima fatal tambi\u00e9n se desempe\u00f1aba en el Hospital Municipal de nuestra ciudad.<\/p>\n<p>&nbsp;<\/p>\n","protected":false},"excerpt":{"rendered":"<p>Sus compa\u00f1eros de la Unidad 38 destacaron \u201csu calidad humana y alto compromiso profesional\u201d. Estuvieron su pareja y una de<\/p>\n","protected":false},"author":4,"featured_media":87496,"comment_status":"closed","ping_status":"closed","sticky":false,"template":"","format":"standard","meta":{"_jetpack_memberships_contains_paid_content":false,"footnotes":""},"categories":[5,1],"tags":[],"class_list":["post-87488","post","type-post","status-publish","format-standard","has-post-thumbnail","hentry","category-informacion-general","category-portada"],"jetpack_featured_media_url":"https:\/\/i0.wp.com\/cdnoticias.com\/wp-content\/uploads\/2023\/06\/unidad-38-homenaje-a-diego-mestre-0.jpg?fit=800%2C445&ssl=1","jetpack_sharing_enabled":true,"_links":{"self":[{"href":"https:\/\/cdnoticias.com\/index.php\/wp-json\/wp\/v2\/posts\/87488","targetHints":{"allow":["GET"]}}],"collection":[{"href":"https:\/\/cdnoticias.com\/index.php\/wp-json\/wp\/v2\/posts"}],"about":[{"href":"https:\/\/cdnoticias.com\/index.php\/wp-json\/wp\/v2\/types\/post"}],"author":[{"embeddable":true,"href":"https:\/\/cdnoticias.com\/index.php\/wp-json\/wp\/v2\/users\/4"}],"replies":[{"embeddable":true,"href":"https:\/\/cdnoticias.com\/index.php\/wp-json\/wp\/v2\/comments?post=87488"}],"version-history":[{"count":0,"href":"https:\/\/cdnoticias.com\/index.php\/wp-json\/wp\/v2\/posts\/87488\/revisions"}],"wp:featuredmedia":[{"embeddable":true,"href":"https:\/\/cdnoticias.com\/index.php\/wp-json\/wp\/v2\/media\/87496"}],"wp:attachment":[{"href":"https:\/\/cdnoticias.com\/index.php\/wp-json\/wp\/v2\/media?parent=87488"}],"wp:term":[{"taxonomy":"category","embeddable":true,"href":"https:\/\/cdnoticias.com\/index.php\/wp-json\/wp\/v2\/categories?post=87488"},{"taxonomy":"post_tag","embeddable":true,"href":"https:\/\/cdnoticias.com\/index.php\/wp-json\/wp\/v2\/tags?post=87488"}],"curies":[{"name":"wp","href":"https:\/\/api.w.org\/{rel}","templated":true}]}}