{"id":87480,"date":"2023-06-11T19:25:20","date_gmt":"2023-06-11T22:25:20","guid":{"rendered":"https:\/\/www.centraldenoticias.com.ar\/?p=87480"},"modified":"2023-06-12T08:31:10","modified_gmt":"2023-06-12T11:31:10","slug":"dia-de-la-seguridad-vial-estadisticas-2022","status":"publish","type":"post","link":"https:\/\/cdnoticias.com\/index.php\/2023\/06\/11\/dia-de-la-seguridad-vial-estadisticas-2022\/","title":{"rendered":"D\u00eda de la Seguridad Vial: Estad\u00edsticas 2022"},"content":{"rendered":"<p>Cada 10 de junio se conmemora el D\u00eda de la Seguridad Vial y como hace dos a\u00f1os volveremos a abordar este tema repasando un poco los n\u00fameros.<!--more--><\/p>\n<hr \/>\n<p><em>Por Marcos Pascua<\/em><\/p>\n<p>&nbsp;<\/p>\n<h2>Contexto<\/h2>\n<p>&nbsp;<\/p>\n<p><strong>Seg\u00fan la Organizaci\u00f3n de Naciones Unidas (ONU) cada a\u00f1o se pierden en el mundo aproximadamente 1.250.000 vidas como consecuencia de los siniestros viales, para dimensionar, es como si cada a\u00f1o perdi\u00e9ramos una provincia como Corrientes.<\/strong>\u00a0Adem\u00e1s, entre 20 y 50 millones de personas sufren traumatismos no mortales y, a su vez, una proporci\u00f3n de \u00e9stos queda con alguna forma de\u00a0<strong>discapacidad<\/strong> <strong>permanente.<\/strong><\/p>\n<p>&nbsp;<\/p>\n<p>Las muertes por siniestros viales se ubican entre las <strong>10 principales causas de muerte en el mundo<\/strong>.<\/p>\n<p>&nbsp;<\/p>\n<p>Si vamos al caso de Argentina, <strong>las muertes por siniestros viales se ubican como la 4\u00b0 causa de fallecimientos, pero en el rango etario de entre 15 a 34 a\u00f1os representa el primero (Ministerio de Salud de la Naci\u00f3n).<\/strong><\/p>\n<p>&nbsp;<\/p>\n<p><strong>Si quer\u00e9s ampliar un poco m\u00e1s sobre las estad\u00edsticas pod\u00e9s hacerlo <\/strong><a href=\"https:\/\/cdnoticias.com\/index.php\/2021\/06\/10\/la-seguridad-vial-una-responsabilidad-compartida\/\"><strong>ac\u00e1<\/strong><\/a><strong>.<\/strong><\/p>\n<p>&nbsp;<\/p>\n<h2>\u00bfQu\u00e9 paso en 2022?<\/h2>\n<p>&nbsp;<\/p>\n<p><strong>Para hablar un poco de lo que pas\u00f3 el a\u00f1o pasado vamos a tomar dos fuentes, la primera ser\u00e1 la fuente oficial (ANSV) y la segunda fuente ser\u00e1 la que nos brinda la Asociaci\u00f3n Civil Luchemos x la Vida.<\/strong><\/p>\n<p>&nbsp;<\/p>\n<h2><strong>Agencia Nacional de Seguridad Vial<\/strong><\/h2>\n<p>&nbsp;<\/p>\n<p><img data-recalc-dims=\"1\" loading=\"lazy\" decoding=\"async\" class=\"alignnone size-full wp-image-64105\" src=\"https:\/\/i0.wp.com\/cdnoticias.com\/wp-content\/uploads\/2022\/09\/accidente-pringles-2.jpg?resize=800%2C360&#038;ssl=1\" alt=\"\" width=\"800\" height=\"360\" srcset=\"https:\/\/i0.wp.com\/cdnoticias.com\/wp-content\/uploads\/2022\/09\/accidente-pringles-2.jpg?w=1000&amp;ssl=1 1000w, https:\/\/i0.wp.com\/cdnoticias.com\/wp-content\/uploads\/2022\/09\/accidente-pringles-2.jpg?resize=300%2C135&amp;ssl=1 300w, https:\/\/i0.wp.com\/cdnoticias.com\/wp-content\/uploads\/2022\/09\/accidente-pringles-2.jpg?resize=768%2C346&amp;ssl=1 768w\" sizes=\"auto, (max-width: 800px) 100vw, 800px\" \/><\/p>\n<p>&nbsp;<\/p>\n<p>Seg\u00fan la fuente oficial, en el a\u00f1o 2022 se produjeron un total de <strong>3415 siniestros fatales<\/strong> que dejaron <strong>3828 v\u00edctimas fatales<\/strong>.<\/p>\n<p>&nbsp;<\/p>\n<p>En principio si lo comparamos con las estad\u00edsticas publicadas en <strong>2021<\/strong>, a las que pod\u00e9s acceder <a href=\"https:\/\/www.argentina.gob.ar\/sites\/default\/files\/2018\/12\/ansv_informe_siniestralidad-vial_fatal_2021_datos_preliminares.pdf\">ac\u00e1<\/a> pr\u00e1cticamente no hay diferencia, ya que en ese a\u00f1o se produjeron <strong>3457 siniestros fatales<\/strong> que dejaron <strong>3870 v\u00edctimas fatales<\/strong>. Pero volvamos al 2022.<\/p>\n<p>&nbsp;<\/p>\n<p>Si analizamos las estad\u00edsticas nos encontramos con que se produjeron <strong>9,4 siniestros fatales por d\u00eda<\/strong> con un promedio de <strong>10,5 v\u00edctimas fatales en forma diaria<\/strong>.<\/p>\n<p>&nbsp;<\/p>\n<p>Las <strong>provincias<\/strong> con mayor cantidad de siniestros y v\u00edctimas fatales fueron <strong>Buenos Aires<\/strong> que tuvo <strong>936 siniestros fatales con un saldo de 1021<\/strong> <strong>v\u00edctimas fatales<\/strong> seguida por <strong>Santa Fe<\/strong> con <strong>307 y 362<\/strong> respectivamente y <strong>C\u00f3rdoba <\/strong>con <strong>254 y 281<\/strong> respectivamente.<\/p>\n<p>&nbsp;<\/p>\n<h3><strong>Tipo de v\u00eda<\/strong><\/h3>\n<p>&nbsp;<\/p>\n<p>De los <strong>3415 siniestros faltales<\/strong>, el <strong>52% se produjeron en rutas,<\/strong> siendo un <strong>29% en rutas nacionales, un 21% en rutas provinciales, mientras que el restante 2% no se especifica<\/strong>. El <strong>20%<\/strong> se produjeron en <strong>calles<\/strong>, el <strong>14% en autopistas o autov\u00edas<\/strong>, el <strong>5%<\/strong> en <strong>avenidas<\/strong> y de los restantes no se clasifica o no existen los datos<strong>. La mitad se produjeron de noche<\/strong>, un <strong>46% de d\u00eda<\/strong>, mientras que <strong>del restante 4% no existen datos<\/strong>.<\/p>\n<p>&nbsp;<\/p>\n<h3><strong>Tipo de siniestros<\/strong><\/h3>\n<p>&nbsp;<\/p>\n<p>En cuanto a los tipos de siniestros, <strong>el 51% (1741) se produjer<\/strong><strong>on por colisi\u00f3n<\/strong>, en un <strong>12% fue atropello a peat\u00f3n (409)<\/strong>, <strong>11% fue por vuelco (375)<\/strong>, <strong>7% por choque (239)<\/strong>, <strong>6% despiste (205)<\/strong>, <strong>5% ca\u00edda (170)<\/strong>, entre otros.<\/p>\n<p>&nbsp;<\/p>\n<h3><strong>Perfil de v\u00edctima fatal<\/strong><\/h3>\n<p>&nbsp;<\/p>\n<p>Analizando el tipo v\u00edctima, nos encontramos con que el <strong>76% de las v\u00edctimas fatales<\/strong> fueron <strong>varones<\/strong>, mientras que en un <strong>22% fueron mujeres<\/strong>, del restante 2% no hay datos.<\/p>\n<p>&nbsp;<\/p>\n<p>Entre las edades de las v\u00edctimas, <strong>el rango de entre 15 a 34 a\u00f1os<\/strong> (algo hablamos en la introducci\u00f3n) fue el m\u00e1s vulnerable <strong>representando el 37% de las v\u00edctimas fatales<\/strong>, seguido del rango de entre 35 a 44 con un 15% y el rango etario de 45 a 54 con un 12%.<\/p>\n<p>&nbsp;<\/p>\n<p>Los usuarios con mayor presencia entre las v\u00edctimas fatales fueron los y las <strong>motociclistas en un 40%<\/strong>, seguido de los y las <strong>automovilistas con un 27%<\/strong> y <strong>peatones en un 10%.<\/strong><\/p>\n<p>&nbsp;<\/p>\n<h2>Luchemos x la vida<\/h2>\n<p>&nbsp;<\/p>\n<p>Seg\u00fan la <strong>ONG Luchemos x la Vida <\/strong>que cada a\u00f1o durante 2022 se produjeron <strong>6184 v\u00edctimas fatales<\/strong>, lo que da un promedio diario de <strong>17 personas fallecidas por d\u00eda<\/strong> o un <strong>promedio mensual de 515 personas.<\/strong><\/p>\n<p>&nbsp;<\/p>\n<p>Para 2021, en sus estad\u00edsticas contaron <strong>5957 v\u00edctimas fatales<\/strong>.<\/p>\n<p>&nbsp;<\/p>\n<p>En su p\u00e1gina aclara que <em>\u201clas cifras son una proyecci\u00f3n de los datos habidos hasta el presente, aplicados al nuevo lapso, e incluyendo fallecidos en el hecho o como consecuencia de \u00e9l hasta dentro de los 30 d\u00edas posteriores, seg\u00fan el criterio internacional m\u00e1s generalizado. Las cifras utilizadas son las \u00faltimas disponibles (de origen policial, municipal, u otro), actualizadas. Como la gran mayor\u00eda de las cifras originales s\u00f3lo computan los fallecidos en el momento del siniestro, las mismas tambi\u00e9n han sido corregidas seg\u00fan \u00edndices internacionalmente aceptados, a fin de apreciaci\u00f3n, estudio y comparaci\u00f3n seria de la mortalidad en la siniestralidad vial argentina. Las presentes cifras no son estad\u00edsticas oficiales, ni pretenden reemplazar a las mismas\u201d.<\/em><\/p>\n<p>&nbsp;<\/p>\n<h2>Conclusiones<\/h2>\n<p>&nbsp;<\/p>\n<p>Si bien hablamos de n\u00fameros, no tenemos que perder de vista que esos n\u00fameros representan a personas que fallecieron en un siniestro vial con las p\u00e9rdidas humanas y econ\u00f3micas que eso conlleva.<\/p>\n<p>&nbsp;<\/p>\n<p>Ahora, qu\u00e9 nos dejan las estad\u00edsticas:<\/p>\n<p>&nbsp;<\/p>\n<ul>\n<li>Motociclistas como principales usuarios involucrados en siniestros viales.<\/li>\n<li>Personas de entre 15 y 34 a\u00f1os como las m\u00e1s vulnerables.<\/li>\n<li>La mayor\u00eda de las v\u00edctimas fatales fueron hombres. En este punto vale aclarar que la conducci\u00f3n sigue siendo un \u00e1mbito m\u00e1s bien patriarcal, tema que ya abordamos en <a href=\"https:\/\/cdnoticias.com\/index.php\/2022\/02\/06\/seguridad-vial-con-perspectiva-de-genero-las-mujeres-manejan-mejor\/\">otra columna<\/a>.<\/li>\n<li>Las rutas como el tipo de v\u00eda de mayor cantidad de siniestros.<\/li>\n<li>Un llamado de atenci\u00f3n es la cantidad de atropellos que se produjeron, como segundo tipo de colisi\u00f3n. <strong>Siempre respet\u00e1 al peat\u00f3n.<\/strong><\/li>\n<li>Seg\u00fan las estad\u00edsticas de la ANSV no hubo grandes diferencias respecto al 2021.<\/li>\n<li>Seg\u00fan la Asociaci\u00f3n Civil \u201cLuchemos x la vida\u201d hubo un leve aumento de las v\u00edctimas fatales respecto al 2021.<\/li>\n<li>No se informa sobre cantidad de personas heridas, ni los costos de la siniestralidad, ni tampoco sobre las causas de los siniestros viales.<\/li>\n<\/ul>\n<p>&nbsp;<\/p>\n<p>De estos n\u00fameros se desprende que uno de los principales desaf\u00edos <strong>es integrar a las motocicletas de forma segura al espacio p\u00fablico<\/strong>, que es necesario trabajar en <strong>la formaci\u00f3n de las personas en la conducci\u00f3n desde temprana edad<\/strong> y que es necesario <strong>contar con ciudades m\u00e1s seguras y amables con las personas<\/strong>. Para complementar la informaci\u00f3n ser\u00eda bueno contar con otras estad\u00edsticas como <strong>personas heridas<\/strong>, <strong>costos de la siniestralidad vial <\/strong>y principalmente <strong>causas de los siniestros<\/strong>, ya que si no sabemos por qu\u00e9 se producen, es m\u00e1s dif\u00edcil saber c\u00f3mo podemos reducir sus consecuencias.<\/p>\n<p>&nbsp;<\/p>\n<p>Si nos remontamos a las primeras columnas presentadas en este espacio aun falta mucho por hacer, all\u00ed planteaba la necesidad de <strong>trabajar sobre la velocidad de circulaci\u00f3n<\/strong>, de <strong>contar con infraestructura segura en las rutas y con entornos m\u00e1s amables de la ciudad<\/strong>, adem\u00e1s de trabajar en <strong>cursos formaci\u00f3n de personas para conducir<\/strong> y no en escriban\u00edas dedicadas a emitir licencias.<\/p>\n<p>&nbsp;<\/p>\n<p>En el caso particular de <strong>Olavarr\u00eda<\/strong>, en el <strong>2021<\/strong> tuvimos el informe de siniestralidad vial a fines de <strong>marzo<\/strong>, en <strong>2022<\/strong> el informe lleg\u00f3 en <strong>mayo<\/strong> y en <strong>2023,<\/strong> a la fecha <strong>no tenemos un informe que nos permita saber las estad\u00edsticas locales<\/strong>.<\/p>\n<p>&nbsp;<\/p>\n<p><a href=\"https:\/\/www.argentina.gob.ar\/sites\/default\/files\/2018\/12\/ansv_informe_siniestralidad_2022_datos_preliminares.pdf\">Ac\u00e1<\/a> pod\u00e9s acceder al informe de la ANSV y <a href=\"http:\/\/luchemos.org.ar\/es\/estadisticas\/muertosanuales\/muertos-en-argentina-durante-2022\">ac\u00e1<\/a> a las estad\u00edsticas de la ONG Luchemos x la vida.<\/p>\n","protected":false},"excerpt":{"rendered":"<p>Cada 10 de junio se conmemora el D\u00eda de la Seguridad Vial y como hace dos a\u00f1os volveremos a abordar<\/p>\n","protected":false},"author":2,"featured_media":73336,"comment_status":"closed","ping_status":"closed","sticky":false,"template":"","format":"standard","meta":{"_jetpack_memberships_contains_paid_content":false,"footnotes":""},"categories":[5,1],"tags":[],"class_list":["post-87480","post","type-post","status-publish","format-standard","has-post-thumbnail","hentry","category-informacion-general","category-portada"],"jetpack_featured_media_url":"https:\/\/i0.wp.com\/cdnoticias.com\/wp-content\/uploads\/2022\/12\/Seguridad-vial.png?fit=696%2C432&ssl=1","jetpack_sharing_enabled":true,"_links":{"self":[{"href":"https:\/\/cdnoticias.com\/index.php\/wp-json\/wp\/v2\/posts\/87480","targetHints":{"allow":["GET"]}}],"collection":[{"href":"https:\/\/cdnoticias.com\/index.php\/wp-json\/wp\/v2\/posts"}],"about":[{"href":"https:\/\/cdnoticias.com\/index.php\/wp-json\/wp\/v2\/types\/post"}],"author":[{"embeddable":true,"href":"https:\/\/cdnoticias.com\/index.php\/wp-json\/wp\/v2\/users\/2"}],"replies":[{"embeddable":true,"href":"https:\/\/cdnoticias.com\/index.php\/wp-json\/wp\/v2\/comments?post=87480"}],"version-history":[{"count":0,"href":"https:\/\/cdnoticias.com\/index.php\/wp-json\/wp\/v2\/posts\/87480\/revisions"}],"wp:featuredmedia":[{"embeddable":true,"href":"https:\/\/cdnoticias.com\/index.php\/wp-json\/wp\/v2\/media\/73336"}],"wp:attachment":[{"href":"https:\/\/cdnoticias.com\/index.php\/wp-json\/wp\/v2\/media?parent=87480"}],"wp:term":[{"taxonomy":"category","embeddable":true,"href":"https:\/\/cdnoticias.com\/index.php\/wp-json\/wp\/v2\/categories?post=87480"},{"taxonomy":"post_tag","embeddable":true,"href":"https:\/\/cdnoticias.com\/index.php\/wp-json\/wp\/v2\/tags?post=87480"}],"curies":[{"name":"wp","href":"https:\/\/api.w.org\/{rel}","templated":true}]}}