{"id":87476,"date":"2023-06-12T08:30:53","date_gmt":"2023-06-12T11:30:53","guid":{"rendered":"https:\/\/www.centraldenoticias.com.ar\/?p=87476"},"modified":"2023-06-12T10:17:49","modified_gmt":"2023-06-12T13:17:49","slug":"__trashed-6","status":"publish","type":"post","link":"https:\/\/cdnoticias.com\/index.php\/2023\/06\/12\/__trashed-6\/","title":{"rendered":"El mandato de arriba para definir el mapa de abajo: \u00bfqu\u00e9 pasa en Olavarr\u00eda?"},"content":{"rendered":"<p>Wesner a la cancha oficialmente, Galli lanzado, y todo lo dem\u00e1s es incertidumbre. En Olavarr\u00eda hubo muchas novedades, algunas definiciones y hasta curiosidades.<!--more--><\/p>\n<hr \/>\n<p><em>(Este es un extracto del newsletter Volver a las Fuentes*, realizado por Josefina Bargas y Alexis Grierson)<\/em><\/p>\n<p>&nbsp;<\/p>\n<p>El \u201c10\u201d fue el d\u00eda indicado para que <strong>Maximiliano Wesner<\/strong> ratifique (o lo diga por primera vez tras las cientos de se\u00f1ales) su precandidatura a Intendente por el Frente de Todos. Que tras los dichos de Sergio Massa parece sellar una PASO que se arrastrar\u00e1 de arriba hacia abajo, y el titular de Anses encabeza, de m\u00ednima, el sector m\u00e1s numeroso y con mayor cantidad de agrupaciones de la oposici\u00f3n local.<\/p>\n<p>&nbsp;<\/p>\n<p>El lugar elegido fue el <strong>Parque Cerrito<\/strong>, donde se aprovech\u00f3 la geograf\u00eda del lugar para mostrar la -otra vez- importante convocatoria. Una campa\u00f1a muy personalizada en Wesner, donde adem\u00e1s, tuvo un spot complementario de vecinos que contaron por qu\u00e9 debe ser el sucesor de Ezequiel Galli en diciembre de 2023.<\/p>\n<p>&nbsp;<\/p>\n<p>Y con una semana plagada de recorridas y muestras de gesti\u00f3n: desde la recorrida por la <strong>Casa de la Provincia<\/strong> (con la \u00bfsorpresiva? aparici\u00f3n de Julio Ferraro) y la entrega de<strong> seis viviendas en el barrio Educadores<\/strong>, Wesner anticip\u00f3 que muchos de estos actos de gobierno, los de esta semana y los de anteriores, englobar\u00e1n cinco grandes ejes vinculados con las propuestas de campa\u00f1a.<\/p>\n<p>&nbsp;<\/p>\n<p><img data-recalc-dims=\"1\" loading=\"lazy\" decoding=\"async\" class=\"aligncenter size-full wp-image-87362\" src=\"https:\/\/i0.wp.com\/cdnoticias.com\/wp-content\/uploads\/2023\/06\/WhatsApp-Image-2023-06-09-at-16.47.43.jpeg?resize=800%2C532&#038;ssl=1\" alt=\"\" width=\"800\" height=\"532\" srcset=\"https:\/\/i0.wp.com\/cdnoticias.com\/wp-content\/uploads\/2023\/06\/WhatsApp-Image-2023-06-09-at-16.47.43.jpeg?w=1600&amp;ssl=1 1600w, https:\/\/i0.wp.com\/cdnoticias.com\/wp-content\/uploads\/2023\/06\/WhatsApp-Image-2023-06-09-at-16.47.43.jpeg?resize=300%2C200&amp;ssl=1 300w, https:\/\/i0.wp.com\/cdnoticias.com\/wp-content\/uploads\/2023\/06\/WhatsApp-Image-2023-06-09-at-16.47.43.jpeg?resize=1024%2C681&amp;ssl=1 1024w, https:\/\/i0.wp.com\/cdnoticias.com\/wp-content\/uploads\/2023\/06\/WhatsApp-Image-2023-06-09-at-16.47.43.jpeg?resize=768%2C511&amp;ssl=1 768w, https:\/\/i0.wp.com\/cdnoticias.com\/wp-content\/uploads\/2023\/06\/WhatsApp-Image-2023-06-09-at-16.47.43.jpeg?resize=1536%2C1021&amp;ssl=1 1536w, https:\/\/i0.wp.com\/cdnoticias.com\/wp-content\/uploads\/2023\/06\/WhatsApp-Image-2023-06-09-at-16.47.43.jpeg?resize=272%2C182&amp;ssl=1 272w\" sizes=\"auto, (max-width: 800px) 100vw, 800px\" \/><\/p>\n<p>&nbsp;<\/p>\n<p><strong>Suelo urbano y plan de viviendas; Plan de turismo, recreaci\u00f3n y cultura; Salud p\u00fablica; Educaci\u00f3n y Trabajo<\/strong> es lo planteado en la primera muestra expl\u00edcita de una candidatura.<\/p>\n<p>&nbsp;<\/p>\n<p>Durante la semana, justamente, continu\u00f3 una l\u00ednea de posicionamientos que mostr\u00f3 a Wesner siempre cerca de la concejala <strong>Mercedes Land\u00edvar<\/strong>. Por ahora sin pistas del cierre de listas, una cosa es cierta: la legisladora local terminar\u00e1 su mandato en diciembre y podr\u00eda formar parte nuevamente de la n\u00f3mina de precandidatos a concejales\u2026o incluso con algo m\u00e1s. Por ahora, no hubo ni la m\u00e1s m\u00ednima muestra de cartas a dos semanas del cierre de listas. Solo lecturas.<\/p>\n<p>&nbsp;<\/p>\n<p>M\u00e1s all\u00e1 de las disputas y las discusiones que comenzar\u00e1n en las pr\u00f3ximas horas para definir las listas locales y seccionales, este sector del Frente de Todos pareciera tener el cierre m\u00e1s armonioso en torno a la integraci\u00f3n de las agrupaciones que acompa\u00f1an a Wesner. Se nota el trabajo en conjunto m\u00e1s all\u00e1 de las diferencias (como sucede en otro estamento con el kirchnerismo y el Movimiento Evita, por citar un ejemplo al azar) y dependiendo de qu\u00e9 suceda con las PASO nacionales y provinciales (y como viene la mano, probablemente seccionales) el armado podr\u00eda ser a\u00fan m\u00e1s armonioso.<\/p>\n<p>&nbsp;<\/p>\n<p>Y esto va para todos los espacios: si bien no tiene un protagonismo absoluto, habr\u00e1 que estar muy atento al primer lugar en la lista local (puede ser un eventual intendente interino) y tambi\u00e9n a los tres primeros lugares en la lista seccional del Frente de Todos, Juntos y La Libertad Avanza. Ah\u00ed puede estar la distribuci\u00f3n de los seis legisladores en juego.<\/p>\n<p>&nbsp;<\/p>\n<p><strong>\u00bfC\u00f3mo se configura la PASO del Frente de Todos?<\/strong><\/p>\n<p>&nbsp;<\/p>\n<p><strong>Scioli<\/strong> parece no bajarse. <strong>Tolosa Paz<\/strong> parece no bajarse. <strong>Massa<\/strong> insisti\u00f3, en el Congreso Nacional del Frente Renovador que el Frente de Todos debe trabajar en unidad a como d\u00e9 lugar, que debe haber un candidato de consenso pero \u201csi quieren PASO, anotennos porque tambi\u00e9n ah\u00ed vamos a estar\u201d casi resignado a lo que vendr\u00e1: una interna en todos los niveles.<\/p>\n<p>&nbsp;<\/p>\n<p>En principio, se\u00f1alar que la situaci\u00f3n dentro del Frente de Todos est\u00e1 tan tensa, que si habilitan una <strong>PASO<\/strong> a Scioli y Tolosa Paz es pr\u00e1cticamente una \u201cdeclaraci\u00f3n de guerra\u201d del Presidente hacia Cristina Fern\u00e1ndez y Sergio Massa. \u201cQue armen en todo el pa\u00eds\u201d se oy\u00f3 decir a integrantes que responden a la vicepresidenta y al Ministro de Econom\u00eda. Los funcionarios del gobierno nacional, en paralelo, se jactaron de tener ya estructura en los 135 municipios del territorio bonaerense.<\/p>\n<p>&nbsp;<\/p>\n<p>\u00bfQu\u00e9 pasa entonces? Se llevar\u00eda adelante el <strong>m\u00e9todo de la \u201cI\u201d<\/strong>, es decir, cada uno lleva su lista completa y el que triunfa sigue y el que pierde acompa\u00f1a, e integra si supera el piso (M\u00e1ximo Kirchner buscar\u00eda que ese piso sea del 40%). \u00bfC\u00f3mo entran los precandidatos en este juego? Repasemos.<\/p>\n<p>&nbsp;<\/p>\n<p><img data-recalc-dims=\"1\" loading=\"lazy\" decoding=\"async\" class=\"aligncenter size-full wp-image-87455\" src=\"https:\/\/i0.wp.com\/cdnoticias.com\/wp-content\/uploads\/2023\/06\/frente-renovador01.jpg?resize=800%2C480&#038;ssl=1\" alt=\"\" width=\"800\" height=\"480\" srcset=\"https:\/\/i0.wp.com\/cdnoticias.com\/wp-content\/uploads\/2023\/06\/frente-renovador01.jpg?w=1489&amp;ssl=1 1489w, https:\/\/i0.wp.com\/cdnoticias.com\/wp-content\/uploads\/2023\/06\/frente-renovador01.jpg?resize=300%2C180&amp;ssl=1 300w, https:\/\/i0.wp.com\/cdnoticias.com\/wp-content\/uploads\/2023\/06\/frente-renovador01.jpg?resize=1024%2C614&amp;ssl=1 1024w, https:\/\/i0.wp.com\/cdnoticias.com\/wp-content\/uploads\/2023\/06\/frente-renovador01.jpg?resize=768%2C461&amp;ssl=1 768w\" sizes=\"auto, (max-width: 800px) 100vw, 800px\" \/><\/p>\n<p>&nbsp;<\/p>\n<p><strong>Eduardo Rodr\u00edguez, del Frente Renovador, ya est\u00e1 lanzado como precandidato.<\/strong> <strong>Responde a Sergio Massa, que ayer pidi\u00f3 unidad pero si hay PASO se competir\u00e1.<\/strong> Hasta ac\u00e1, todo perfecto. Pero si pregona la unidad, y tiene un acuerdo con Cristina Fern\u00e1ndez, \u00bfc\u00f3mo lanzar\u00e1 una interna contra Maximiliano Wesner, que tiene de referencia a la vicepresidenta? Adem\u00e1s, Rodr\u00edguez tambi\u00e9n mostr\u00f3 una adhesi\u00f3n plena al gobernador Kicillof, \u00bfqu\u00e9 pasa en este punto, coincidente con el funcionario local de Anses?<\/p>\n<p>&nbsp;<\/p>\n<p>Seguimos con lo electoral. Caso m\u00e1s paradigm\u00e1tico es el de <strong>Hern\u00e1n Parra.<\/strong> Abiertamente de campa\u00f1a (incluso con una caravana de autos durante la jornada del s\u00e1bado en distintos puntos de la ciudad y tras lanzar una publicidad con el director de la Orquesta Sif\u00f3nica, Diego Lurbe) el empresario devenido en precandidato por el Frente de Todos tiene <strong>referencia en el senador \u201cBali\u201d Bucca<\/strong>, que al mismo tiempo hoy no queda claro a qu\u00e9 espacio responde, m\u00e1s all\u00e1 de la foto que logr\u00f3 con \u201cWado\u201d De Pedro el d\u00eda del Bombero Voluntario.<\/p>\n<p>&nbsp;<\/p>\n<p>\u00bfSer\u00e1 Parra el que comparta la boleta con Scioli y Tolosa Paz para enfrentar a Wesner y una eventual colectora? \u00bfSe quedar\u00e1 afuera? Seg\u00fan logr\u00f3 saber este newsletter, durante esta semana comenzaron las charlas para el armado de las listas y comenzaron los di\u00e1logos m\u00e1s fuertes para pasar el filtro del 24 de junio. \u201cHemos hablado con quienes hab\u00eda que hablar, ahora iremos a reclamar nuestro lugar en el cierre de listas\u201d indicaron en estricto off a este newsletter.<\/p>\n<p>&nbsp;<\/p>\n<blockquote><p>Tres listas para, por ahora, dos lugares. Miren si no ser\u00e1 un final abierto.<\/p><\/blockquote>\n<p>&nbsp;<\/p>\n<p><strong>Un reflejo y un hecho hist\u00f3rico<\/strong><\/p>\n<p>&nbsp;<\/p>\n<p>Si alguien ten\u00eda dudas en torno a un posible acuerdo de todos los sectores del Frente de Todos, estar un momento en la hist\u00f3rica reapertura de Fanazul alcanz\u00f3 para darse cuenta que es, casi, una utop\u00eda.<\/p>\n<p>&nbsp;<\/p>\n<p>Un s<strong>olitario presidente Alberto Fern\u00e1ndez<\/strong> encabez\u00f3 el hecho, plagado de se\u00f1ales y ejemplos de por qu\u00e9 la coalici\u00f3n de gobierno se encuentra fragmentada, de m\u00ednima, en dos.<\/p>\n<p>&nbsp;<\/p>\n<p>A Alberto lo acompa\u00f1aron el jefe de Gabinete (y por ahora precandidato) Agust\u00edn Rossi, el ministro de Defensa Jorge Taiana, el ministro de Relaciones Exteriores Santiago Cafiero, el secretario de Presidencia, Jorge Vitobello\u2026y luego hay que ir hasta Nelson Sombra en importancia de autoridades. En el medio, nada.<\/p>\n<p>&nbsp;<\/p>\n<p><img data-recalc-dims=\"1\" loading=\"lazy\" decoding=\"async\" class=\"aligncenter size-full wp-image-87331\" src=\"https:\/\/i0.wp.com\/cdnoticias.com\/wp-content\/uploads\/2023\/06\/fanazul8.jpg?resize=800%2C480&#038;ssl=1\" alt=\"\" width=\"800\" height=\"480\" srcset=\"https:\/\/i0.wp.com\/cdnoticias.com\/wp-content\/uploads\/2023\/06\/fanazul8.jpg?w=979&amp;ssl=1 979w, https:\/\/i0.wp.com\/cdnoticias.com\/wp-content\/uploads\/2023\/06\/fanazul8.jpg?resize=300%2C180&amp;ssl=1 300w, https:\/\/i0.wp.com\/cdnoticias.com\/wp-content\/uploads\/2023\/06\/fanazul8.jpg?resize=768%2C460&amp;ssl=1 768w\" sizes=\"auto, (max-width: 800px) 100vw, 800px\" \/><\/p>\n<p>&nbsp;<\/p>\n<p>Con la presencia de <strong>ATE c<\/strong>omo sost\u00e9n militante del presidente y con los trabajadores como protagonistas de un s\u00edmbolo de lucha de una comunidad por una empresa s\u00edmbolo en la vecina ciudad de Azul, el acto pas\u00f3 bastante desapercibido. Curioso: es quiz\u00e1s uno de los ejemplos m\u00e1s expuestos de la diferencia de gesti\u00f3n entre Macri y Fern\u00e1ndez, o si lo llevamos a conceptos m\u00e1s generales, entre los dos proyectos de pa\u00eds que expone cada uno.<\/p>\n<p>&nbsp;<\/p>\n<p>De Olavarr\u00eda, se vio a Carmelo Vinci y Carlos Genson de la Comisi\u00f3n por la Memoria, quienes se tomaron una foto con Taiana y dialogaron un momento sobre la lucha por los derechos humanos en la regi\u00f3n centro de la Provincia. Tambi\u00e9n, ya en otro \u00e1mbito, estuvieron presentes Jorge Sobarzo e Ignacio Spinella, de la Uni\u00f3n Industrial, por la importancia de Fabricaciones Militares en la Miner\u00eda de la regi\u00f3n.<\/p>\n<p>&nbsp;<\/p>\n<p><strong>La gesti\u00f3n es la bandera<\/strong><\/p>\n<p>&nbsp;<\/p>\n<p>En Juntos, la incertidumbre es creciente conforme se acerca el 24 de junio. <strong>Ezequiel Galli es el precandidato del Pro y la b\u00fasqueda de su tercer mandato<\/strong> lo tuvo en una semana tranquila en lo local. C\u00f3mo viene haciendo semanalmente, <strong>se centr\u00f3 en la gesti\u00f3n y tuvo su foto en una obra edilicia escolar, en dos obras vinculadas a salud -en el CAPS 7 y en el Hospital, en una entrega de lotes para autoconstrucci\u00f3n y en reuniones con vecinos, una de ellas en un acto de Bomberos de Loma Negra donde tambi\u00e9n entreg\u00f3 lotes para autoconstrucci\u00f3n<\/strong> (fueron 40 en una semana).<\/p>\n<p>&nbsp;<\/p>\n<p>Pero el lunes hubo reuni\u00f3n de la <strong>Mesa Provincial de Pro<\/strong>, como todos los lunes. Y seg\u00fan supimos hubo alg\u00fan tipo de planteo de los dirigentes que la componen, vinculada justamente con la incertidumbre que a pocos d\u00edas del cierre reina en los municipios.<\/p>\n<p>&nbsp;<\/p>\n<p><img data-recalc-dims=\"1\" loading=\"lazy\" decoding=\"async\" class=\"aligncenter size-full wp-image-87313\" src=\"https:\/\/i0.wp.com\/cdnoticias.com\/wp-content\/uploads\/2023\/06\/galli-ampliacion-CAPS-7-b.jpg?resize=800%2C445&#038;ssl=1\" alt=\"\" width=\"800\" height=\"445\" srcset=\"https:\/\/i0.wp.com\/cdnoticias.com\/wp-content\/uploads\/2023\/06\/galli-ampliacion-CAPS-7-b.jpg?w=800&amp;ssl=1 800w, https:\/\/i0.wp.com\/cdnoticias.com\/wp-content\/uploads\/2023\/06\/galli-ampliacion-CAPS-7-b.jpg?resize=300%2C167&amp;ssl=1 300w, https:\/\/i0.wp.com\/cdnoticias.com\/wp-content\/uploads\/2023\/06\/galli-ampliacion-CAPS-7-b.jpg?resize=768%2C427&amp;ssl=1 768w\" sizes=\"auto, (max-width: 800px) 100vw, 800px\" \/><\/p>\n<p>&nbsp;<\/p>\n<p>Es que, desde el larretismo hubo pedidos para que no haya PASO en distritos gobernados por propios y hasta se consider\u00f3 definido ese punto con la intervenci\u00f3n del l\u00edder del espacio a nivel nacional, Mauricio Macri. Pero ese supuesto acuerdo interno no tuvo eco en la dirigencia que negocia las precandidaturas nacionales. Para ellos, por supuesto que lo que suceda en la provincia ser\u00e1 clave para la definici\u00f3n electoral, con lo que el di\u00e1logo que pueda establecerse en el plano bonaerense queda avasallado por las apetencias nacionales.<\/p>\n<p>&nbsp;<\/p>\n<blockquote><p>Conclusi\u00f3n: en Olavarr\u00eda hay varios dirigentes que se muestran en carrera y aspiran a una PASO contra Galli. <strong>\u201cSi quieren PASO, que haya PASO\u201d se oy\u00f3 decir en la comuna<\/strong>, un mensaje desafiante que se acopla con la decisi\u00f3n que claramente ya parece tomada.<\/p><\/blockquote>\n<p>&nbsp;<\/p>\n<p>Volviendo al oficialismo, y tal como sucede en el sector m\u00e1s populoso del Frente de Todos, el armado del Intendente Galli de las listas tanto locales como seccionales parece \u201carmonioso\u201d en el sentido de que tendr\u00e1 pr\u00e1cticamente el 100% de potestad para acordar teniendo en cuenta que la interna con Bullrich-Grindetti y los candidatos seccionales y locales ser\u00e1 total. Justamente, en la S\u00e9ptima hubo una exposici\u00f3n de referencia plena hacia el jefe comunal local, y solo restar\u00e1 elegir a los dirigentes de los ocho distritos para seis lugares en la boleta de diputados provinciales.<\/p>\n<p>&nbsp;<\/p>\n","protected":false},"excerpt":{"rendered":"<p>Wesner a la cancha oficialmente, Galli lanzado, y todo lo dem\u00e1s es incertidumbre. En Olavarr\u00eda hubo muchas novedades, algunas definiciones<\/p>\n","protected":false},"author":2,"featured_media":87413,"comment_status":"closed","ping_status":"closed","sticky":false,"template":"","format":"standard","meta":{"_jetpack_memberships_contains_paid_content":false,"footnotes":""},"categories":[4,1],"tags":[],"class_list":["post-87476","post","type-post","status-publish","format-standard","has-post-thumbnail","hentry","category-politica","category-portada"],"jetpack_featured_media_url":"https:\/\/i0.wp.com\/cdnoticias.com\/wp-content\/uploads\/2023\/06\/WhatsApp-Image-2023-06-10-at-13.32.15.jpeg?fit=1536%2C742&ssl=1","jetpack_sharing_enabled":true,"_links":{"self":[{"href":"https:\/\/cdnoticias.com\/index.php\/wp-json\/wp\/v2\/posts\/87476","targetHints":{"allow":["GET"]}}],"collection":[{"href":"https:\/\/cdnoticias.com\/index.php\/wp-json\/wp\/v2\/posts"}],"about":[{"href":"https:\/\/cdnoticias.com\/index.php\/wp-json\/wp\/v2\/types\/post"}],"author":[{"embeddable":true,"href":"https:\/\/cdnoticias.com\/index.php\/wp-json\/wp\/v2\/users\/2"}],"replies":[{"embeddable":true,"href":"https:\/\/cdnoticias.com\/index.php\/wp-json\/wp\/v2\/comments?post=87476"}],"version-history":[{"count":0,"href":"https:\/\/cdnoticias.com\/index.php\/wp-json\/wp\/v2\/posts\/87476\/revisions"}],"wp:featuredmedia":[{"embeddable":true,"href":"https:\/\/cdnoticias.com\/index.php\/wp-json\/wp\/v2\/media\/87413"}],"wp:attachment":[{"href":"https:\/\/cdnoticias.com\/index.php\/wp-json\/wp\/v2\/media?parent=87476"}],"wp:term":[{"taxonomy":"category","embeddable":true,"href":"https:\/\/cdnoticias.com\/index.php\/wp-json\/wp\/v2\/categories?post=87476"},{"taxonomy":"post_tag","embeddable":true,"href":"https:\/\/cdnoticias.com\/index.php\/wp-json\/wp\/v2\/tags?post=87476"}],"curies":[{"name":"wp","href":"https:\/\/api.w.org\/{rel}","templated":true}]}}