{"id":87466,"date":"2023-06-11T17:44:50","date_gmt":"2023-06-11T20:44:50","guid":{"rendered":"https:\/\/www.centraldenoticias.com.ar\/?p=87466"},"modified":"2023-06-11T19:27:36","modified_gmt":"2023-06-11T22:27:36","slug":"monos-sabios-entre-las-cervezas-que-realizaran-la-ipa-argenta-por-el-dia-de-la-independencia","status":"publish","type":"post","link":"https:\/\/cdnoticias.com\/index.php\/2023\/06\/11\/monos-sabios-entre-las-cervezas-que-realizaran-la-ipa-argenta-por-el-dia-de-la-independencia\/","title":{"rendered":"Monos Sabios entre las cervezas que realizar\u00e1n la \u201cIPA Argenta\u201d por el D\u00eda de la Independencia"},"content":{"rendered":"<p>Fue realizada junto a cerveceros locales y de la regi\u00f3n. Estar\u00e1 disponible el 9 de Julio, fecha en la que se presenta el logo de Cervecer\u00eda Independiente Argentina.<!--more--><\/p>\n<hr \/>\n<p>En la previa de la presentaci\u00f3n de la nueva <strong>IPA Argenta<\/strong>, se conoci\u00f3 que <strong>la cerveza olavarriense Monos Sabios (junto a varios cerveceros de todo el Partido de Olavarr\u00eda y de la regi\u00f3n) forma parte de un grupo de 21 marcas de todo el pa\u00eds que prepararon este nuevo sabor para \u201ccelebrar la independencia cervecera\u201d.<\/strong><\/p>\n<p>&nbsp;<\/p>\n<p>Justamente, la independencia cervecera se dar\u00e1 con la presentaci\u00f3n, en simult\u00e1neo, del<strong> logo de Cervecer\u00eda Independiente Argentina.<\/strong><\/p>\n<p>&nbsp;<\/p>\n<blockquote><p>En Olavarr\u00eda, esta cocci\u00f3n se llev\u00f3 a cabo el 9 de junio en las instalaciones de Monos Sabios y participaron cerveceros de la localidad y de algunas cervecer\u00edas amigas de la regi\u00f3n. Formaron parte del proyecto Monos Sabios, Del Fondo, Fenchel, Sur del Sur, RAB, Planeta 9; Danke Sch\u00f6en, FR, Gaia, Yanketruz, Jooks y Bon Vivant.<\/p><\/blockquote>\n<p>&nbsp;<\/p>\n<p><img data-recalc-dims=\"1\" loading=\"lazy\" decoding=\"async\" class=\"alignnone size-full wp-image-87468\" src=\"https:\/\/i0.wp.com\/cdnoticias.com\/wp-content\/uploads\/2023\/06\/monos-ipa-argenta1.jpg?resize=800%2C533&#038;ssl=1\" alt=\"\" width=\"800\" height=\"533\" srcset=\"https:\/\/i0.wp.com\/cdnoticias.com\/wp-content\/uploads\/2023\/06\/monos-ipa-argenta1.jpg?w=961&amp;ssl=1 961w, https:\/\/i0.wp.com\/cdnoticias.com\/wp-content\/uploads\/2023\/06\/monos-ipa-argenta1.jpg?resize=300%2C200&amp;ssl=1 300w, https:\/\/i0.wp.com\/cdnoticias.com\/wp-content\/uploads\/2023\/06\/monos-ipa-argenta1.jpg?resize=768%2C511&amp;ssl=1 768w, https:\/\/i0.wp.com\/cdnoticias.com\/wp-content\/uploads\/2023\/06\/monos-ipa-argenta1.jpg?resize=272%2C182&amp;ssl=1 272w\" sizes=\"auto, (max-width: 800px) 100vw, 800px\" \/><\/p>\n<p>&nbsp;<\/p>\n<p>La IPA Argenta, adem\u00e1s, fue realizada en simult\u00e1neo por Ancestral (San Juan), Bierhaus (San Isidro), Antares (Mar del Plata), Astor (La Plata), Crafter (Cipolletti), Pe\u00f1\u00f3n del Aguila (C\u00f3rdoba), Wesley (Bariloche), Okcidenta (Santa Fe), \u00danica (CABA), Kerze (San Luis), B\u00edchofeo (Chaco), La Birra DK (Berisso), Monos Sabios (Olavarr\u00eda), Portlander (Vicente L\u00f3pez), Pulpo Rojo (Chubut), \u00d1ande (Corrientes), Krigaren (Avellaneda), Gutenbier (Lan\u00fas), 372\/Divague (Rosario), Tatane (Formosa) y Birra del Fuego (Tierra del Fuego).<\/p>\n<p>&nbsp;<\/p>\n<p>Cabe se\u00f1alar que la cerveza ser\u00e1 <em>\u201cmuy sabrosa, con dejo de cereza, aroma intenso a pomelo y frutas dulces y tropicales, de final seco y amargor medio\u201d.<\/em><\/p>\n<p>&nbsp;<\/p>\n<blockquote><p>\u201cCon alta tomabilidad, es elaborada 100% con maltas, l\u00fapulos y levaduras nacionales; y se recomienda que se tome con un buen locro patrio, guiso de lentejas o empanadas de carne cortada a cuchillo\u201d.<\/p><\/blockquote>\n<p>&nbsp;<\/p>\n<p>En tanto, se explic\u00f3 que <strong>hubo un aporte de instalaciones, mano de obra, materias primas, fermentos y<em> \u201clo m\u00e1s importante contamos con la ayuda de cerveceros de todo el pa\u00eds\u201d.<\/em><\/strong><\/p>\n<p>&nbsp;<\/p>\n<p><em>\u201cEs la primera acci\u00f3n colaborativa en Argentina que re\u00fane a tantos cerveceros, lo que nos confirma la solidez de la industria craft y el potencial que tenemos para seguir creando y creciendo\u201d<\/em> indicaron desde Cervecer\u00eda Independiente Argentina.<\/p>\n<p>&nbsp;<\/p>\n<p><strong>El sector artesanal representa s\u00f3lo 3% del volumen de cerveza vendido a nivel nacional, pero est\u00e1 compuesto por m\u00e1s de 1.500 pymes y genera m\u00e1s de 5.000 puestos de trabajo de manera directa.<\/strong><\/p>\n<p>&nbsp;<\/p>\n<p>La iniciativa busca potenciar no s\u00f3lo el estilo nacional IPA Argenta <em>\u201csino tambi\u00e9n lo que se puede hacer a nivel nacional con insumos del pa\u00eds\u201d. Adem\u00e1s, \u201ces una muestra m\u00e1s de c\u00f3mo la industria artesanal logra romper fronteras y crear una birra que une a todos los fan\u00e1ticos y apasionados por la cerveza\u201d.<\/em><\/p>\n<p>&nbsp;<\/p>\n<p>Finalmente, confirmaron que <strong>la IPA Argenta -de edici\u00f3n limitada- saldr\u00e1 a la luz el 9 de julio, D\u00eda de la Independencia y estar\u00e1 presente en varios bares de la ciudad y la regi\u00f3n.<\/strong><\/p>\n","protected":false},"excerpt":{"rendered":"<p>Fue realizada junto a cerveceros locales y de la regi\u00f3n. Estar\u00e1 disponible el 9 de Julio, fecha en la que<\/p>\n","protected":false},"author":2,"featured_media":87467,"comment_status":"closed","ping_status":"closed","sticky":false,"template":"","format":"standard","meta":{"_jetpack_memberships_contains_paid_content":false,"footnotes":""},"categories":[5,1],"tags":[],"class_list":["post-87466","post","type-post","status-publish","format-standard","has-post-thumbnail","hentry","category-informacion-general","category-portada"],"jetpack_featured_media_url":"https:\/\/i0.wp.com\/cdnoticias.com\/wp-content\/uploads\/2023\/06\/monos-ipa-argenta.jpg?fit=1600%2C1066&ssl=1","jetpack_sharing_enabled":true,"_links":{"self":[{"href":"https:\/\/cdnoticias.com\/index.php\/wp-json\/wp\/v2\/posts\/87466","targetHints":{"allow":["GET"]}}],"collection":[{"href":"https:\/\/cdnoticias.com\/index.php\/wp-json\/wp\/v2\/posts"}],"about":[{"href":"https:\/\/cdnoticias.com\/index.php\/wp-json\/wp\/v2\/types\/post"}],"author":[{"embeddable":true,"href":"https:\/\/cdnoticias.com\/index.php\/wp-json\/wp\/v2\/users\/2"}],"replies":[{"embeddable":true,"href":"https:\/\/cdnoticias.com\/index.php\/wp-json\/wp\/v2\/comments?post=87466"}],"version-history":[{"count":0,"href":"https:\/\/cdnoticias.com\/index.php\/wp-json\/wp\/v2\/posts\/87466\/revisions"}],"wp:featuredmedia":[{"embeddable":true,"href":"https:\/\/cdnoticias.com\/index.php\/wp-json\/wp\/v2\/media\/87467"}],"wp:attachment":[{"href":"https:\/\/cdnoticias.com\/index.php\/wp-json\/wp\/v2\/media?parent=87466"}],"wp:term":[{"taxonomy":"category","embeddable":true,"href":"https:\/\/cdnoticias.com\/index.php\/wp-json\/wp\/v2\/categories?post=87466"},{"taxonomy":"post_tag","embeddable":true,"href":"https:\/\/cdnoticias.com\/index.php\/wp-json\/wp\/v2\/tags?post=87466"}],"curies":[{"name":"wp","href":"https:\/\/api.w.org\/{rel}","templated":true}]}}