{"id":87460,"date":"2023-06-11T19:14:36","date_gmt":"2023-06-11T22:14:36","guid":{"rendered":"https:\/\/www.centraldenoticias.com.ar\/?p=87460"},"modified":"2023-06-11T19:14:36","modified_gmt":"2023-06-11T22:14:36","slug":"el-consejero-escolar-ariel-rodriguez-visito-la-escuela-secundaria-tecnica-n-1","status":"publish","type":"post","link":"https:\/\/cdnoticias.com\/index.php\/2023\/06\/11\/el-consejero-escolar-ariel-rodriguez-visito-la-escuela-secundaria-tecnica-n-1\/","title":{"rendered":"El Consejero escolar Ariel Rodr\u00edguez visit\u00f3 la Escuela Secundaria T\u00e9cnica N\u00b0 1"},"content":{"rendered":"<p>Recorri\u00f3 el establecimiento y dialog\u00f3 con profesores y estudiantes.<!--more--><\/p>\n<hr \/>\n<p>En el marco de una recorrida por las escuelas, el consejero escolar por el Frente de Todos, Ariel Rodr\u00edguez se reuni\u00f3 con Diego Cunioli, director de la <strong>Escuela Secundaria T\u00e9cnica N\u00b0 1,<\/strong> que funciona en barrio CECO I.<\/p>\n<p>&nbsp;<\/p>\n<p>&#8220;En el \u00faltimo a\u00f1o se realiz\u00f3 una importante inversi\u00f3n con fondos provinciales en la instituci\u00f3n, para la compra y mantenimiento de los equipos de calefacci\u00f3n, se trata de<strong> 8 calderas automatizadas.<\/strong> Durante la recorrida verificamos tambi\u00e9n el estado de ba\u00f1os y red el\u00e9ctrica&#8221; expres\u00f3 Rodr\u00edguez.<\/p>\n<p>&nbsp;<\/p>\n<p><img data-recalc-dims=\"1\" loading=\"lazy\" decoding=\"async\" class=\"aligncenter size-full wp-image-87461\" src=\"https:\/\/i0.wp.com\/cdnoticias.com\/wp-content\/uploads\/2023\/06\/rodriguez-ariel-02.jpg?resize=800%2C480&#038;ssl=1\" alt=\"\" width=\"800\" height=\"480\" srcset=\"https:\/\/i0.wp.com\/cdnoticias.com\/wp-content\/uploads\/2023\/06\/rodriguez-ariel-02.jpg?w=1600&amp;ssl=1 1600w, https:\/\/i0.wp.com\/cdnoticias.com\/wp-content\/uploads\/2023\/06\/rodriguez-ariel-02.jpg?resize=300%2C180&amp;ssl=1 300w, https:\/\/i0.wp.com\/cdnoticias.com\/wp-content\/uploads\/2023\/06\/rodriguez-ariel-02.jpg?resize=1024%2C614&amp;ssl=1 1024w, https:\/\/i0.wp.com\/cdnoticias.com\/wp-content\/uploads\/2023\/06\/rodriguez-ariel-02.jpg?resize=768%2C461&amp;ssl=1 768w, https:\/\/i0.wp.com\/cdnoticias.com\/wp-content\/uploads\/2023\/06\/rodriguez-ariel-02.jpg?resize=1536%2C922&amp;ssl=1 1536w\" sizes=\"auto, (max-width: 800px) 100vw, 800px\" \/><\/p>\n<p>&nbsp;<\/p>\n<p>Adem\u00e1s dialogaron con las y los estudiantes y profesores acerca de las <strong>necesidades y sugerencias<\/strong> que proponen las y los j\u00f3venes, quienes contaron algunos de sus 49 proyectos de investigaci\u00f3n en los que est\u00e1n trabajando.<\/p>\n<p>&nbsp;<\/p>\n<p>&#8220;En lo que va del a\u00f1o, desde el \u00e1rea de infraestructura del Consejo Escolar hemos realizado<strong> m\u00e1s de 600 intervenciones<\/strong> y seguimos trabajando junto a cada instituci\u00f3n para llegar a cada demanda. Todo esto es posible porque contamos con un gobernador (Axel Kicillof) que persigue el desaf\u00edo de mejorar cada escuela de las 135 ciudades que conforman la provincia de Buenos Aires&#8221; finaliz\u00f3 Ariel Rodr\u00edguez.<\/p>\n","protected":false},"excerpt":{"rendered":"<p>Recorri\u00f3 el establecimiento y dialog\u00f3 con profesores y estudiantes.<\/p>\n","protected":false},"author":5,"featured_media":87462,"comment_status":"closed","ping_status":"closed","sticky":false,"template":"","format":"standard","meta":{"_jetpack_memberships_contains_paid_content":false,"footnotes":""},"categories":[4,1],"tags":[],"class_list":["post-87460","post","type-post","status-publish","format-standard","has-post-thumbnail","hentry","category-politica","category-portada"],"jetpack_featured_media_url":"https:\/\/i0.wp.com\/cdnoticias.com\/wp-content\/uploads\/2023\/06\/rodriguez-ariel-01.jpg?fit=1515%2C909&ssl=1","jetpack_sharing_enabled":true,"_links":{"self":[{"href":"https:\/\/cdnoticias.com\/index.php\/wp-json\/wp\/v2\/posts\/87460","targetHints":{"allow":["GET"]}}],"collection":[{"href":"https:\/\/cdnoticias.com\/index.php\/wp-json\/wp\/v2\/posts"}],"about":[{"href":"https:\/\/cdnoticias.com\/index.php\/wp-json\/wp\/v2\/types\/post"}],"author":[{"embeddable":true,"href":"https:\/\/cdnoticias.com\/index.php\/wp-json\/wp\/v2\/users\/5"}],"replies":[{"embeddable":true,"href":"https:\/\/cdnoticias.com\/index.php\/wp-json\/wp\/v2\/comments?post=87460"}],"version-history":[{"count":0,"href":"https:\/\/cdnoticias.com\/index.php\/wp-json\/wp\/v2\/posts\/87460\/revisions"}],"wp:featuredmedia":[{"embeddable":true,"href":"https:\/\/cdnoticias.com\/index.php\/wp-json\/wp\/v2\/media\/87462"}],"wp:attachment":[{"href":"https:\/\/cdnoticias.com\/index.php\/wp-json\/wp\/v2\/media?parent=87460"}],"wp:term":[{"taxonomy":"category","embeddable":true,"href":"https:\/\/cdnoticias.com\/index.php\/wp-json\/wp\/v2\/categories?post=87460"},{"taxonomy":"post_tag","embeddable":true,"href":"https:\/\/cdnoticias.com\/index.php\/wp-json\/wp\/v2\/tags?post=87460"}],"curies":[{"name":"wp","href":"https:\/\/api.w.org\/{rel}","templated":true}]}}