{"id":87442,"date":"2023-06-11T09:21:45","date_gmt":"2023-06-11T12:21:45","guid":{"rendered":"https:\/\/www.centraldenoticias.com.ar\/?p=87442"},"modified":"2023-06-11T11:29:59","modified_gmt":"2023-06-11T14:29:59","slug":"emotivo-acto-por-el-25-aniversario-del-destacamento-1-de-bomberos-de-loma-negra","status":"publish","type":"post","link":"https:\/\/cdnoticias.com\/index.php\/2023\/06\/11\/emotivo-acto-por-el-25-aniversario-del-destacamento-1-de-bomberos-de-loma-negra\/","title":{"rendered":"Emotivo acto por el 25 aniversario del Destacamento 1 de Bomberos de Loma Negra"},"content":{"rendered":"<p>Se realizaron distinciones a referentes de la instituci\u00f3n. Tambi\u00e9n se inaugur\u00f3 una nueva unidad destinada al destacamento.<!--more--><\/p>\n<hr \/>\n<p>El s\u00e1bado por la tarde en la plaza principal de Loma Negra se desarroll\u00f3 el acto oficial por el<strong> 25 aniversario del Destacamento 1.<\/strong><\/p>\n<p>&nbsp;<\/p>\n<p>Cont\u00f3 con la presencia de la Jefatura de la asociaci\u00f3n, representantes del Consejo Directivo, la Subcomisi\u00f3n de Damas, el Intendente Municipal Ezequiel Galli, el Grupo de Scouts de Loma Negra, escuelas y jardines de la localidad.<\/p>\n<p>&nbsp;<\/p>\n<p>El evento inici\u00f3 con las palabras del <strong>Comandante General Ra\u00fal Ferreira<\/strong>, quien hizo un recorrido hist\u00f3rico por estos 25 a\u00f1os del destacamento. En principio explic\u00f3 que el destacamento se cre\u00f3 con el objetivo de acortar la distancia y tiempo de llegada a una emergencia. Actualmente el Destacamento 1 de Loma Negra trabaja arduamente no solo en incendios y siniestros sino tambi\u00e9n en accidentes viales al interior y exterior de la localidad.<\/p>\n<p>&nbsp;<\/p>\n<p><img data-recalc-dims=\"1\" loading=\"lazy\" decoding=\"async\" class=\"aligncenter size-full wp-image-87445\" src=\"https:\/\/i0.wp.com\/cdnoticias.com\/wp-content\/uploads\/2023\/06\/bomberos-loma-negra-03.jpg?resize=742%2C445&#038;ssl=1\" alt=\"\" width=\"742\" height=\"445\" srcset=\"https:\/\/i0.wp.com\/cdnoticias.com\/wp-content\/uploads\/2023\/06\/bomberos-loma-negra-03.jpg?w=742&amp;ssl=1 742w, https:\/\/i0.wp.com\/cdnoticias.com\/wp-content\/uploads\/2023\/06\/bomberos-loma-negra-03.jpg?resize=300%2C180&amp;ssl=1 300w\" sizes=\"auto, (max-width: 742px) 100vw, 742px\" \/><\/p>\n<p>&nbsp;<\/p>\n<p>Por otra parte, dio a conocer que gracias al aporte de la empresa Cementos Avellaneda se pudo realizar la compra de una <strong>nueva unidad<\/strong>. En esta misma ceremonia se dio a conocer que el veh\u00edculo llevar\u00e1 el nombre del primer jefe del destacamento, <strong>Marcelo Fabi\u00e1n Petehs.<\/strong><\/p>\n<p>&nbsp;<\/p>\n<p>Petehs por su parte, agradeci\u00f3 al Comandante General y al Comandante Mayor Marcelo Menchaca por tal distinci\u00f3n. Agradeci\u00f3 a su familia por el apoyo brindado en los a\u00f1os de servicio y a sus compa\u00f1eros que lo acompa\u00f1aron en el oficio. Tambi\u00e9n aprovech\u00f3 la ocasi\u00f3n para saludar al destacamento y sus bomberos en este especial aniversario.<\/p>\n<p>&nbsp;<\/p>\n<p><img data-recalc-dims=\"1\" loading=\"lazy\" decoding=\"async\" class=\"aligncenter size-full wp-image-87443\" src=\"https:\/\/i0.wp.com\/cdnoticias.com\/wp-content\/uploads\/2023\/06\/bomberos-loma-negra-05.jpg?resize=741%2C445&#038;ssl=1\" alt=\"\" width=\"741\" height=\"445\" srcset=\"https:\/\/i0.wp.com\/cdnoticias.com\/wp-content\/uploads\/2023\/06\/bomberos-loma-negra-05.jpg?w=741&amp;ssl=1 741w, https:\/\/i0.wp.com\/cdnoticias.com\/wp-content\/uploads\/2023\/06\/bomberos-loma-negra-05.jpg?resize=300%2C180&amp;ssl=1 300w\" sizes=\"auto, (max-width: 741px) 100vw, 741px\" \/><\/p>\n<p>&nbsp;<\/p>\n<p>El <strong>presidente del Consejo Directivo Hugo Fayan\u00e1s<\/strong> por su parte, felicit\u00f3 a los bomberos y agradeci\u00f3 el acompa\u00f1amiento del Consejo Directivo, la Subcomisi\u00f3n de Damas, la Jefatura, y las instituciones presentes.<\/p>\n<p>&nbsp;<\/p>\n<blockquote><p>Tambi\u00e9n dio detalles de los avances de las pr\u00f3ximas semanas de cara a la construcci\u00f3n del nuevo Destacamento de la Villa Alfredo Fortabat. As\u00ed mismo, se anunci\u00f3 una <a href=\"https:\/\/cdnoticias.com\/index.php\/2023\/06\/11\/loma-negra-20-lotes-para-autoconstruccion-de-viviendas-para-bomberos-voluntarios\/\" target=\"_blank\" rel=\"noopener\">importante entrega de terrenos desde el municipio para hacer viviendas para bomberos con el sistema de autoconstrucci\u00f3n.<\/a><\/p><\/blockquote>\n<p>&nbsp;<\/p>\n<p><img data-recalc-dims=\"1\" loading=\"lazy\" decoding=\"async\" class=\"aligncenter size-full wp-image-87447\" src=\"https:\/\/i0.wp.com\/cdnoticias.com\/wp-content\/uploads\/2023\/06\/bomberos-loma-negra-02.jpg?resize=742%2C445&#038;ssl=1\" alt=\"\" width=\"742\" height=\"445\" srcset=\"https:\/\/i0.wp.com\/cdnoticias.com\/wp-content\/uploads\/2023\/06\/bomberos-loma-negra-02.jpg?w=742&amp;ssl=1 742w, https:\/\/i0.wp.com\/cdnoticias.com\/wp-content\/uploads\/2023\/06\/bomberos-loma-negra-02.jpg?resize=300%2C180&amp;ssl=1 300w\" sizes=\"auto, (max-width: 742px) 100vw, 742px\" \/><\/p>\n<p>&nbsp;<\/p>\n<p>El actual Intendente Ezequiel Galli, tambi\u00e9n habl\u00f3 de estas importantes obras. Destac\u00f3 la importancia de apostar por el crecimiento de la instituci\u00f3n y el trabajo mancomunado.<\/p>\n<p>&nbsp;<\/p>\n<p><img data-recalc-dims=\"1\" loading=\"lazy\" decoding=\"async\" class=\"aligncenter size-full wp-image-87444\" src=\"https:\/\/i0.wp.com\/cdnoticias.com\/wp-content\/uploads\/2023\/06\/bomberos-loma-negra-04.jpg?resize=742%2C445&#038;ssl=1\" alt=\"\" width=\"742\" height=\"445\" srcset=\"https:\/\/i0.wp.com\/cdnoticias.com\/wp-content\/uploads\/2023\/06\/bomberos-loma-negra-04.jpg?w=742&amp;ssl=1 742w, https:\/\/i0.wp.com\/cdnoticias.com\/wp-content\/uploads\/2023\/06\/bomberos-loma-negra-04.jpg?resize=300%2C180&amp;ssl=1 300w\" sizes=\"auto, (max-width: 742px) 100vw, 742px\" \/><\/p>\n<p>&nbsp;<\/p>\n<p>Luego, se realiz\u00f3 una <strong>distinci\u00f3n<\/strong> a todos los bomberos que fueron jefes del Destacamento N\u00ba1 en los 15 a\u00f1os de historia. El acto cerr\u00f3 con un desfile de unidades que transitaron por las calles principales de Loma Negra.<\/p>\n<p>&nbsp;<\/p>\n<blockquote class=\"wp-embedded-content\" data-secret=\"93USPqOyND\"><p><a href=\"https:\/\/cdnoticias.com\/index.php\/2023\/06\/11\/loma-negra-20-lotes-para-autoconstruccion-de-viviendas-para-bomberos-voluntarios\/\">Loma Negra: 20 lotes para autoconstrucci\u00f3n de viviendas para bomberos voluntarios<\/a><\/p><\/blockquote>\n<p><iframe loading=\"lazy\" class=\"wp-embedded-content\" sandbox=\"allow-scripts\" security=\"restricted\" style=\"position: absolute; clip: rect(1px, 1px, 1px, 1px);\" title=\"&#8220;Loma Negra: 20 lotes para autoconstrucci\u00f3n de viviendas para bomberos voluntarios&#8221; &#8212; Central de Noticias | Olavarr\u00eda\" src=\"https:\/\/cdnoticias.com\/index.php\/2023\/06\/11\/loma-negra-20-lotes-para-autoconstruccion-de-viviendas-para-bomberos-voluntarios\/embed\/#?secret=Iupx9PijRY#?secret=93USPqOyND\" data-secret=\"93USPqOyND\" width=\"600\" height=\"338\" frameborder=\"0\" marginwidth=\"0\" marginheight=\"0\" scrolling=\"no\"><\/iframe><\/p>\n","protected":false},"excerpt":{"rendered":"<p>Se realizaron distinciones a referentes de la instituci\u00f3n. Tambi\u00e9n se inaugur\u00f3 una nueva unidad destinada al destacamento.<\/p>\n","protected":false},"author":5,"featured_media":87446,"comment_status":"closed","ping_status":"closed","sticky":false,"template":"","format":"standard","meta":{"_jetpack_memberships_contains_paid_content":false,"footnotes":""},"categories":[5,1],"tags":[],"class_list":["post-87442","post","type-post","status-publish","format-standard","has-post-thumbnail","hentry","category-informacion-general","category-portada"],"jetpack_featured_media_url":"https:\/\/i0.wp.com\/cdnoticias.com\/wp-content\/uploads\/2023\/06\/bomberos-loma-negra-01.jpg?fit=742%2C445&ssl=1","jetpack_sharing_enabled":true,"_links":{"self":[{"href":"https:\/\/cdnoticias.com\/index.php\/wp-json\/wp\/v2\/posts\/87442","targetHints":{"allow":["GET"]}}],"collection":[{"href":"https:\/\/cdnoticias.com\/index.php\/wp-json\/wp\/v2\/posts"}],"about":[{"href":"https:\/\/cdnoticias.com\/index.php\/wp-json\/wp\/v2\/types\/post"}],"author":[{"embeddable":true,"href":"https:\/\/cdnoticias.com\/index.php\/wp-json\/wp\/v2\/users\/5"}],"replies":[{"embeddable":true,"href":"https:\/\/cdnoticias.com\/index.php\/wp-json\/wp\/v2\/comments?post=87442"}],"version-history":[{"count":0,"href":"https:\/\/cdnoticias.com\/index.php\/wp-json\/wp\/v2\/posts\/87442\/revisions"}],"wp:featuredmedia":[{"embeddable":true,"href":"https:\/\/cdnoticias.com\/index.php\/wp-json\/wp\/v2\/media\/87446"}],"wp:attachment":[{"href":"https:\/\/cdnoticias.com\/index.php\/wp-json\/wp\/v2\/media?parent=87442"}],"wp:term":[{"taxonomy":"category","embeddable":true,"href":"https:\/\/cdnoticias.com\/index.php\/wp-json\/wp\/v2\/categories?post=87442"},{"taxonomy":"post_tag","embeddable":true,"href":"https:\/\/cdnoticias.com\/index.php\/wp-json\/wp\/v2\/tags?post=87442"}],"curies":[{"name":"wp","href":"https:\/\/api.w.org\/{rel}","templated":true}]}}