{"id":87438,"date":"2023-06-11T08:47:15","date_gmt":"2023-06-11T11:47:15","guid":{"rendered":"https:\/\/www.centraldenoticias.com.ar\/?p=87438"},"modified":"2023-06-11T09:21:56","modified_gmt":"2023-06-11T12:21:56","slug":"patrimonio-es-la-segunda-muestra-mas-grande-de-manuel-belgrano","status":"publish","type":"post","link":"https:\/\/cdnoticias.com\/index.php\/2023\/06\/11\/patrimonio-es-la-segunda-muestra-mas-grande-de-manuel-belgrano\/","title":{"rendered":"Patrimonio: \u201ces la segunda muestra m\u00e1s grande de Manuel Belgrano\u201d"},"content":{"rendered":"<p>Lo expres\u00f3 el intendente Ezequiel Galli en el marco de la inauguraci\u00f3n de la muestra que se exhibe en el Museo D\u00e1maso Arce hasta septiembre.<!--more--><\/p>\n<hr \/>\n<p>El intendente Ezequiel Galli inaugur\u00f3, en <strong>Sala 1 del Museo D\u00e1maso Arce<\/strong>, la muestra Patrimonio, que exhibe el famoso cuadro de Manuel Belgrano, pintado por Fran\u00e7ois Carbonnier en 1815, durante el viaje diplom\u00e1tico que hizo a Londres.<\/p>\n<p>&nbsp;<\/p>\n<p>Asimismo, se exponen bienes que pertenecen al <strong>Instituto Nacional Belgraniano<\/strong>, entre ellos libros, documentaci\u00f3n, r\u00e9plica del sable y la pistola que utilizaba el pr\u00f3cer, junto a \u00f3leos y otros objetos que cuentan parte de la vida del general.<\/p>\n<p>&nbsp;<\/p>\n<p>Galli estuvo acompa\u00f1ado por Manuel Belgrano, la presidente del HCD Cecilia Krivochen, el secretario de Desarrollo Humano y Calidad de Vida Diego Robbiani, la directora de Gesti\u00f3n Cultural Agustina Marino, el presidente de la Asociaci\u00f3n Cultural Belgraniana Rito Germ\u00e1n L\u00f3pez, los primos de Belgrano Andrea y Miguel e integrantes del MDA.<\/p>\n<p>&nbsp;<\/p>\n<p><img data-recalc-dims=\"1\" loading=\"lazy\" decoding=\"async\" class=\"aligncenter size-full wp-image-87439\" src=\"https:\/\/i0.wp.com\/cdnoticias.com\/wp-content\/uploads\/2023\/06\/patrimonia-02.jpg?resize=742%2C445&#038;ssl=1\" alt=\"\" width=\"742\" height=\"445\" srcset=\"https:\/\/i0.wp.com\/cdnoticias.com\/wp-content\/uploads\/2023\/06\/patrimonia-02.jpg?w=742&amp;ssl=1 742w, https:\/\/i0.wp.com\/cdnoticias.com\/wp-content\/uploads\/2023\/06\/patrimonia-02.jpg?resize=300%2C180&amp;ssl=1 300w\" sizes=\"auto, (max-width: 742px) 100vw, 742px\" \/><\/p>\n<p>&nbsp;<\/p>\n<p>\u201cPara m\u00ed es un orgullo estar presentando esta muestra, en las v\u00edsperas del D\u00eda de la Bandera y estar acompa\u00f1ado que nada m\u00e1s y nada menos por Manuel y el sello del Instituto Nacional Belgraniano y su generosidad\u201d, asegur\u00f3 el intendente Ezequiel Galli.<\/p>\n<p>&nbsp;<\/p>\n<blockquote><p>Asimismo, remarc\u00f3 que \u201cesta muestra tiene una importancia en la historia. Nos contaba Manuel que es la segunda m\u00e1s grande, despu\u00e9s de una que se hizo en 1994. Tiene elementos de mucho inter\u00e9s hist\u00f3rico y cultural.\u00a0 Que podamos en Olavarr\u00eda exponer semejante obra es un orgullo\u201d.<\/p><\/blockquote>\n<p>&nbsp;<\/p>\n<p>El Intendente indic\u00f3 que \u201cesta muestra va a estar <strong>hasta el mes de septiembre<\/strong> y nosotros queremos que sea visitada por los m\u00e1s chicos, las escuelas\u2026 que puedan venir a recorrer, aprender y conocer la obra de Manuel Belgrano\u201d.<\/p>\n<p>&nbsp;<\/p>\n<p>\u201cGracias al Instituto Nacional Belgraniano, que nos da el prestigio de esta muestra y que est\u00e9 la familia de Belgrano acompa\u00f1\u00e1ndonos para nosotros es muy importante\u201d, concluy\u00f3.<\/p>\n","protected":false},"excerpt":{"rendered":"<p>Lo expres\u00f3 el intendente Ezequiel Galli en el marco de la inauguraci\u00f3n de la muestra que se exhibe en el<\/p>\n","protected":false},"author":5,"featured_media":87440,"comment_status":"closed","ping_status":"closed","sticky":false,"template":"","format":"standard","meta":{"_jetpack_memberships_contains_paid_content":false,"footnotes":""},"categories":[9,1],"tags":[],"class_list":["post-87438","post","type-post","status-publish","format-standard","has-post-thumbnail","hentry","category-cultura","category-portada"],"jetpack_featured_media_url":"https:\/\/i0.wp.com\/cdnoticias.com\/wp-content\/uploads\/2023\/06\/patrimonia-03.jpg?fit=742%2C445&ssl=1","jetpack_sharing_enabled":true,"_links":{"self":[{"href":"https:\/\/cdnoticias.com\/index.php\/wp-json\/wp\/v2\/posts\/87438","targetHints":{"allow":["GET"]}}],"collection":[{"href":"https:\/\/cdnoticias.com\/index.php\/wp-json\/wp\/v2\/posts"}],"about":[{"href":"https:\/\/cdnoticias.com\/index.php\/wp-json\/wp\/v2\/types\/post"}],"author":[{"embeddable":true,"href":"https:\/\/cdnoticias.com\/index.php\/wp-json\/wp\/v2\/users\/5"}],"replies":[{"embeddable":true,"href":"https:\/\/cdnoticias.com\/index.php\/wp-json\/wp\/v2\/comments?post=87438"}],"version-history":[{"count":0,"href":"https:\/\/cdnoticias.com\/index.php\/wp-json\/wp\/v2\/posts\/87438\/revisions"}],"wp:featuredmedia":[{"embeddable":true,"href":"https:\/\/cdnoticias.com\/index.php\/wp-json\/wp\/v2\/media\/87440"}],"wp:attachment":[{"href":"https:\/\/cdnoticias.com\/index.php\/wp-json\/wp\/v2\/media?parent=87438"}],"wp:term":[{"taxonomy":"category","embeddable":true,"href":"https:\/\/cdnoticias.com\/index.php\/wp-json\/wp\/v2\/categories?post=87438"},{"taxonomy":"post_tag","embeddable":true,"href":"https:\/\/cdnoticias.com\/index.php\/wp-json\/wp\/v2\/tags?post=87438"}],"curies":[{"name":"wp","href":"https:\/\/api.w.org\/{rel}","templated":true}]}}