{"id":87430,"date":"2023-06-11T11:29:44","date_gmt":"2023-06-11T14:29:44","guid":{"rendered":"https:\/\/www.centraldenoticias.com.ar\/?p=87430"},"modified":"2023-06-11T17:45:07","modified_gmt":"2023-06-11T20:45:07","slug":"servicio-electrico-en-sierras-bayas-coopelectric-presento-su-plan-de-obras","status":"publish","type":"post","link":"https:\/\/cdnoticias.com\/index.php\/2023\/06\/11\/servicio-electrico-en-sierras-bayas-coopelectric-presento-su-plan-de-obras\/","title":{"rendered":"Servicio el\u00e9ctrico en Sierras Bayas: Coopelectric present\u00f3 su plan de obras"},"content":{"rendered":"<p>Trabaja para separar las l\u00edneas que alimentan la planta urbana y la industria minera. En diciembre finalizar\u00e1n las obras.<\/p>\n<p><!--more--><\/p>\n<hr \/>\n<p>En la sede de Coopelectric se presentaron<strong> las obras con las que se planifica mejorar el servicio el\u00e9ctrico en Sierras Bayas<\/strong>. La exposici\u00f3n estuvo a cargo del <strong>gerente de Distribuci\u00f3n del Servicio El\u00e9ctrico, Claudio N\u00e1poli<\/strong>, quien detall\u00f3 los trabajos realizados, en ejecuci\u00f3n y proyectados. Centralmente consisten en <strong>separar las l\u00edneas que alimentan la planta urbana, incluyendo Colonia San Miguel<\/strong>, y el sector de la industria minera. Estim\u00f3 que para diciembre finalizar\u00e1n las obras.<\/p>\n<p>&nbsp;<\/p>\n<p>La presentaci\u00f3n fue encabezada por<strong> Cruz Arouxet, presidente del Consejo de Administraci\u00f3n de Coopelectric<\/strong>, y por <em><a href=\"https:\/\/cdnoticias.com\/index.php\/2023\/06\/09\/el-intendente-participo-del-anuncio-de-obras-de-coopelectric-en-sierras-bayas\/\" target=\"_blank\" rel=\"noopener\">el intendente Ezequiel Galli<\/a>. Tambi\u00e9n asistieron el secretario del Consejo de Administraci\u00f3n, Alberto Miotti, el vocal del Consejo de Administraci\u00f3n, Jose Mor\u00e1n, el s\u00edndico de Coopelectric, Horacio Balbiani, y el delegado municipal de Sierras Bayas, Guillermo Rikal<\/em>.<\/p>\n<p>&nbsp;<\/p>\n<p><iframe loading=\"lazy\" title=\"YouTube video player\" src=\"https:\/\/www.youtube.com\/embed\/x673RNvpUPM\" width=\"560\" height=\"315\" frameborder=\"0\" allowfullscreen=\"allowfullscreen\"><\/iframe><\/p>\n<p>&nbsp;<\/p>\n<blockquote><p>\u201cEste plan de obras va a beneficiar a los vecinos de Sierras Bayas. Es un plan programado en el resto del a\u00f1o 2023 y 2024. Fundamentalmente va a beneficiar a los vecinos de Villa Arrieta, del barrio Mart\u00edn Fierro, de Colonia San Miguel y tambi\u00e9n a canteristas de la zona de Cerro Sotuyo. As\u00ed que estamos muy contentos de poder presentarlo\u201d dijo Cruz Arouxet.<\/p><\/blockquote>\n<p>&nbsp;<\/p>\n<p>Napoli explic\u00f3 que las obras se definieron en funci\u00f3n de que <em>\u201cya hace unos a\u00f1os que ten\u00edamos esta problem\u00e1tica de que tanto la zona urbana como la industrial, conocida como Cerro Sotuyo, estaban alimentadas por una \u00fanica l\u00ednea de 33 kilovoltios que es la que nosotros denominamos l\u00ednea n\u00famero 6. Tuvimos una situaci\u00f3n con la salida de servicio de la planta cementera de Sierras Bayas. Esa l\u00ednea de alimentaci\u00f3n, la 6, era una l\u00ednea que estaba agotada en su capacidad y parte necesita ser renovada por temas de antig\u00fcedad y mantenimiento\u201d<\/em>.<\/p>\n<p>&nbsp;<\/p>\n<p><img data-recalc-dims=\"1\" loading=\"lazy\" decoding=\"async\" class=\"size-full wp-image-87318 aligncenter\" src=\"https:\/\/i0.wp.com\/cdnoticias.com\/wp-content\/uploads\/2023\/06\/galli-en-coopelectric-01.jpg?resize=800%2C445&#038;ssl=1\" alt=\"\" width=\"800\" height=\"445\" srcset=\"https:\/\/i0.wp.com\/cdnoticias.com\/wp-content\/uploads\/2023\/06\/galli-en-coopelectric-01.jpg?w=800&amp;ssl=1 800w, https:\/\/i0.wp.com\/cdnoticias.com\/wp-content\/uploads\/2023\/06\/galli-en-coopelectric-01.jpg?resize=300%2C167&amp;ssl=1 300w, https:\/\/i0.wp.com\/cdnoticias.com\/wp-content\/uploads\/2023\/06\/galli-en-coopelectric-01.jpg?resize=768%2C427&amp;ssl=1 768w\" sizes=\"auto, (max-width: 800px) 100vw, 800px\" \/><\/p>\n<p>&nbsp;<\/p>\n<p>&nbsp;<\/p>\n<p>Coopelectric se plante\u00f3 ante ello distintos <strong>objetivos<\/strong>: <strong>mejorar la calidad de servicio<\/strong> -para reducir las salidas de servicio del sistema-; <strong>ampliar la capacidad de transmisi\u00f3n<\/strong> -para Cerro Sotuyo y contribuir al desarrollo industrial regional-; <strong>ampliar m\u00e1s l\u00edneas en la zona<\/strong> -para que ante un problema se interconecten con otras l\u00edneas y separar el consumo urbano del industrial-.<\/p>\n<p>&nbsp;<\/p>\n<p><strong>Punto de partida<\/strong><\/p>\n<p>&nbsp;<\/p>\n<p>\u201cQueremos mostrarles cu\u00e1l era la situaci\u00f3n, qu\u00e9 es lo que pensamos y c\u00f3mo paso a paso vamos concretando las obras para lograr una mejora tanto para la planta urbana como para la zona industrial de la localidad\u201d resumi\u00f3 el gerente.<\/p>\n<p>&nbsp;<\/p>\n<p><img data-recalc-dims=\"1\" loading=\"lazy\" decoding=\"async\" class=\"size-full wp-image-87432 aligncenter\" src=\"https:\/\/i0.wp.com\/cdnoticias.com\/wp-content\/uploads\/2023\/06\/coopelectric-sierras-bayas-napoli-03.jpg?resize=800%2C445&#038;ssl=1\" alt=\"\" width=\"800\" height=\"445\" srcset=\"https:\/\/i0.wp.com\/cdnoticias.com\/wp-content\/uploads\/2023\/06\/coopelectric-sierras-bayas-napoli-03.jpg?w=800&amp;ssl=1 800w, https:\/\/i0.wp.com\/cdnoticias.com\/wp-content\/uploads\/2023\/06\/coopelectric-sierras-bayas-napoli-03.jpg?resize=300%2C167&amp;ssl=1 300w, https:\/\/i0.wp.com\/cdnoticias.com\/wp-content\/uploads\/2023\/06\/coopelectric-sierras-bayas-napoli-03.jpg?resize=768%2C427&amp;ssl=1 768w\" sizes=\"auto, (max-width: 800px) 100vw, 800px\" \/><\/p>\n<p>&nbsp;<\/p>\n<p><strong>Desde la transportadora de energ\u00eda (Transba) hacia Sierras Bayas hab\u00eda una sola l\u00ednea de unos 20 kil\u00f3metros<\/strong> que alimentaba tanto Colonia Nieves, Villa M\u00f3nica, la parte urbana de Sierras Bayas, Colonia San Miguel y toda la parte de canteras que est\u00e1 en Cerro Sotuyo.<\/p>\n<p>&nbsp;<\/p>\n<p>La <strong>planta cementera de Sierras Bayas ten\u00eda sus propias l\u00edneas de media tensi\u00f3n<\/strong> directo desde Transba, las l\u00edneas 7 y 8. \u201cAl salir de servicio la planta nos liber\u00f3 la posibilidad de utilizar estas dos l\u00edneas para otro tipo de cuestiones\u201d indic\u00f3 Napoli. En paralelo, detectaron que <strong>\u201chab\u00eda muchos pedidos de la zona del Cerro Sotuyo para ampliaci\u00f3n de potencia en\u00a0 plantas de mineras que se iban a instalar<\/strong> y dada la distancia desde el origen hasta donde llegamos, no es que la l\u00ednea no ten\u00eda potencia pero s\u00ed hab\u00eda un problema de ca\u00edda de tensi\u00f3n que hac\u00eda imposible que incorpor\u00e1ramos nuevos este establecimientos mineros\u201d.<\/p>\n<p>&nbsp;<\/p>\n<blockquote><p>Claudio N\u00e1poli tambi\u00e9n fue consultado por el costo de la obra. \u201cEsta obra fue proyectada y presupuestada en 2018. A valores del 2018 fue una obra que cost\u00f3 alrededor de 27 millones de pesos. Actualizada a hoy es dif\u00edcil actualizarlo con los indicadores pero creo que es una suma que supera los 60 millones de pesos. La idea fue reunir a los canteristas que eran los que estaban este sufriendo el problema de no poder expandirse\u201d.<\/p><\/blockquote>\n<p>&nbsp;<\/p>\n<p><img data-recalc-dims=\"1\" loading=\"lazy\" decoding=\"async\" class=\"size-full wp-image-87435 aligncenter\" src=\"https:\/\/i0.wp.com\/cdnoticias.com\/wp-content\/uploads\/2023\/06\/coopelectric-sierras-bayas-napoli-02.jpg?resize=800%2C445&#038;ssl=1\" alt=\"\" width=\"800\" height=\"445\" srcset=\"https:\/\/i0.wp.com\/cdnoticias.com\/wp-content\/uploads\/2023\/06\/coopelectric-sierras-bayas-napoli-02.jpg?w=800&amp;ssl=1 800w, https:\/\/i0.wp.com\/cdnoticias.com\/wp-content\/uploads\/2023\/06\/coopelectric-sierras-bayas-napoli-02.jpg?resize=300%2C167&amp;ssl=1 300w, https:\/\/i0.wp.com\/cdnoticias.com\/wp-content\/uploads\/2023\/06\/coopelectric-sierras-bayas-napoli-02.jpg?resize=768%2C427&amp;ssl=1 768w\" sizes=\"auto, (max-width: 800px) 100vw, 800px\" \/><\/p>\n<p>&nbsp;<\/p>\n<p><strong>Las obras<\/strong><\/p>\n<p>&nbsp;<\/p>\n<p>Para dar respuesta a este problema la Cooperativa dise\u00f1\u00f3 y puso en marcha la llamada <strong>\u201cl\u00ednea Sotuyo. Es una nueva l\u00ednea de 33 kilovoltios<\/strong>, de aproximadamente 5 kil\u00f3metros de l\u00ednea a\u00e9rea y 1,5 kil\u00f3metro de l\u00ednea subterr\u00e1nea que va a brindarle a la zona de Cerro Sotuyo la posibilidad de expansi\u00f3n del sistema\u201d. Se origina en una de las l\u00edneas que alimentaba la cementera, con lo cual parte de su traza es urbana.<\/p>\n<p>&nbsp;<\/p>\n<blockquote><p>La financiaci\u00f3n de estos trabajos, que ya est\u00e1n avanzados en un 95%, estuvo a cargo de los canteristas. \u201cAportaron el financiamiento de esta obra y nosotros hicimos una reserva de potencia. Hicimos un plan por el cual por seis a\u00f1os le dimos la posibilidad de que se reservaran para ellos la potencia que ampliaba esta l\u00ednea\u201d se explic\u00f3.<\/p><\/blockquote>\n<p>&nbsp;<\/p>\n<p><strong>El servicio urbano se concentrar\u00e1 en \u201dla l\u00ednea 8 que alimentaba Sierras Bayas<\/strong>. Parte de esta tarea ya la hicimos. Un enlace con lo cual hoy parte de la localidad de Sierras Bayas se encuentra alimentada por l\u00ednea 8, separada de l\u00ednea 6. <strong>Hoy Villa Arrieta y Colonia San Miguel todav\u00eda siguen conectadas con l\u00ednea 6<\/strong>. \u00bfCu\u00e1l es el objetivo? Que estos sectores tambi\u00e9n est\u00e9n conectados de l\u00ednea 8 en el futuro y usamos la l\u00ednea 8 para alimentar toda la planta urbana de Sierras Bayas y Colonia San Miguel\u201d. Al cierre de los trabajos en la l\u00ednea Cerro Sotuyo se terminar\u00e1 con la separaci\u00f3n y la terminaci\u00f3n de l\u00ednea 8.<\/p>\n<p>&nbsp;<\/p>\n<p><img data-recalc-dims=\"1\" loading=\"lazy\" decoding=\"async\" class=\"size-full wp-image-87436 aligncenter\" src=\"https:\/\/i0.wp.com\/cdnoticias.com\/wp-content\/uploads\/2023\/06\/coopelectric-sierras-bayas-01.jpg?resize=800%2C445&#038;ssl=1\" alt=\"\" width=\"800\" height=\"445\" srcset=\"https:\/\/i0.wp.com\/cdnoticias.com\/wp-content\/uploads\/2023\/06\/coopelectric-sierras-bayas-01.jpg?w=800&amp;ssl=1 800w, https:\/\/i0.wp.com\/cdnoticias.com\/wp-content\/uploads\/2023\/06\/coopelectric-sierras-bayas-01.jpg?resize=300%2C167&amp;ssl=1 300w, https:\/\/i0.wp.com\/cdnoticias.com\/wp-content\/uploads\/2023\/06\/coopelectric-sierras-bayas-01.jpg?resize=768%2C427&amp;ssl=1 768w\" sizes=\"auto, (max-width: 800px) 100vw, 800px\" \/><\/p>\n<p>&nbsp;<\/p>\n<p><strong>Proyectos<\/strong><\/p>\n<p>&nbsp;<\/p>\n<p>El gerente tambi\u00e9n dio a conocer \u201cideas y proyectos\u201d de mayor plazo para la localidad. Uno de ellos es<strong> \u201creemplazar la l\u00ednea de media tensi\u00f3n que tiene traza por la zona urbana del centro de Sierras Bayas\u201d<\/strong>.<\/p>\n<p>&nbsp;<\/p>\n<p>Plante\u00f3 que \u201cla idea es que esa l\u00ednea va a estar reemplazada por otra l\u00ednea. Este enlace nos va a permitir <strong>sacar de servicio toda esta parte sin afectar a ning\u00fan suministro.<\/strong> Ah\u00ed estuvimos trabajando tambi\u00e9n con la gente de la Municipalidad buscando cu\u00e1l es la mejor traza para no afectar ni a los vecinos ni a las diferentes fiestas que se hacen en la localidad. Determinamos cu\u00e1l es la traza y estamos empezando a trabajar ya con el proyecto para empezar en meses mediantes con la obra para poder eliminar la otra l\u00ednea\u201d.<\/p>\n<p>&nbsp;<\/p>\n<p>Respecto a trabajos ya hechos, mencion\u00f3 que <strong>en Villa Arrieta se mont\u00f3 una nueva subestaci\u00f3n transformadora en 2022<\/strong> para ese barrio. <em>\u201cEsto tiene una particularidad, antes este barrio estaba alimentado en otro nivel de tensi\u00f3n -en 13,2- lo cual nos implicaba que tuvi\u00e9ramos dos tramos. Eso es m\u00e1s probabilidades de falla. As\u00ed que armamos una subestaci\u00f3n en 33 kilovolt\u201d<\/em>.<\/p>\n<p>&nbsp;<\/p>\n<blockquote class=\"wp-embedded-content\" data-secret=\"zJEOEwjGuy\"><p><a href=\"https:\/\/cdnoticias.com\/index.php\/2023\/06\/09\/el-intendente-participo-del-anuncio-de-obras-de-coopelectric-en-sierras-bayas\/\">El intendente particip\u00f3 del anuncio de obras de Coopelectric en Sierras Bayas<\/a><\/p><\/blockquote>\n<p><iframe loading=\"lazy\" class=\"wp-embedded-content\" sandbox=\"allow-scripts\" security=\"restricted\" style=\"position: absolute; clip: rect(1px, 1px, 1px, 1px);\" title=\"&#8220;El intendente particip\u00f3 del anuncio de obras de Coopelectric en Sierras Bayas&#8221; &#8212; Central de Noticias | Olavarr\u00eda\" src=\"https:\/\/cdnoticias.com\/index.php\/2023\/06\/09\/el-intendente-participo-del-anuncio-de-obras-de-coopelectric-en-sierras-bayas\/embed\/#?secret=0YKWiJ85m2#?secret=zJEOEwjGuy\" data-secret=\"zJEOEwjGuy\" width=\"600\" height=\"338\" frameborder=\"0\" marginwidth=\"0\" marginheight=\"0\" scrolling=\"no\"><\/iframe><\/p>\n<p>&nbsp;<\/p>\n","protected":false},"excerpt":{"rendered":"<p>Trabaja para separar las l\u00edneas que alimentan la planta urbana y la industria minera. En diciembre finalizar\u00e1n las obras.<\/p>\n","protected":false},"author":4,"featured_media":87431,"comment_status":"closed","ping_status":"closed","sticky":false,"template":"","format":"standard","meta":{"_jetpack_memberships_contains_paid_content":false,"footnotes":""},"categories":[5,1],"tags":[],"class_list":["post-87430","post","type-post","status-publish","format-standard","has-post-thumbnail","hentry","category-informacion-general","category-portada"],"jetpack_featured_media_url":"https:\/\/i0.wp.com\/cdnoticias.com\/wp-content\/uploads\/2023\/06\/coopelectric-sierras-bayas-00.jpg?fit=800%2C445&ssl=1","jetpack_sharing_enabled":true,"_links":{"self":[{"href":"https:\/\/cdnoticias.com\/index.php\/wp-json\/wp\/v2\/posts\/87430","targetHints":{"allow":["GET"]}}],"collection":[{"href":"https:\/\/cdnoticias.com\/index.php\/wp-json\/wp\/v2\/posts"}],"about":[{"href":"https:\/\/cdnoticias.com\/index.php\/wp-json\/wp\/v2\/types\/post"}],"author":[{"embeddable":true,"href":"https:\/\/cdnoticias.com\/index.php\/wp-json\/wp\/v2\/users\/4"}],"replies":[{"embeddable":true,"href":"https:\/\/cdnoticias.com\/index.php\/wp-json\/wp\/v2\/comments?post=87430"}],"version-history":[{"count":0,"href":"https:\/\/cdnoticias.com\/index.php\/wp-json\/wp\/v2\/posts\/87430\/revisions"}],"wp:featuredmedia":[{"embeddable":true,"href":"https:\/\/cdnoticias.com\/index.php\/wp-json\/wp\/v2\/media\/87431"}],"wp:attachment":[{"href":"https:\/\/cdnoticias.com\/index.php\/wp-json\/wp\/v2\/media?parent=87430"}],"wp:term":[{"taxonomy":"category","embeddable":true,"href":"https:\/\/cdnoticias.com\/index.php\/wp-json\/wp\/v2\/categories?post=87430"},{"taxonomy":"post_tag","embeddable":true,"href":"https:\/\/cdnoticias.com\/index.php\/wp-json\/wp\/v2\/tags?post=87430"}],"curies":[{"name":"wp","href":"https:\/\/api.w.org\/{rel}","templated":true}]}}