{"id":87422,"date":"2023-06-10T18:47:03","date_gmt":"2023-06-10T21:47:03","guid":{"rendered":"https:\/\/www.centraldenoticias.com.ar\/?p=87422"},"modified":"2023-06-10T18:47:03","modified_gmt":"2023-06-10T21:47:03","slug":"coronel-jauregui-y-zyla-se-mostraron-juntos-en-una-actividad-en-el-barrio-ceco","status":"publish","type":"post","link":"https:\/\/cdnoticias.com\/index.php\/2023\/06\/10\/coronel-jauregui-y-zyla-se-mostraron-juntos-en-una-actividad-en-el-barrio-ceco\/","title":{"rendered":"Coronel, J\u00e1uregui y Zyla se mostraron juntos en una actividad en el Barrio CECO"},"content":{"rendered":"<p>Fue en la tarde del viernes. Se mostraron como \u201cprecandidatos a Intendente\u201d del espacio que lidera Patricia Bullrich.<!--more--><\/p>\n<hr \/>\n<p>En la tarde del \u00faltimo viernes<strong>, Andrea Coronel, Dalton J\u00e1uregui y Juan Zyla se mostraron juntos en una reuni\u00f3n realizada en la Sociedad de Fomento del barrio CECO.<\/strong><\/p>\n<p>&nbsp;<\/p>\n<p>Se mostraron com<strong><em>o \u201cprecandidatos a Intendente\u201d <\/em><\/strong>en el encuentro con <strong>Gabriel Castro, presidente de la entidad fomentista, y miembros de la comisi\u00f3n directiva, qui\u00e9nes hablaron sobre las problem\u00e1ticas del barrio.<\/strong><\/p>\n<p>&nbsp;<\/p>\n<p>All\u00ed se destac\u00f3<strong> la situaci\u00f3n con el alumbrado p\u00fablico en el interior del barrio y en espacios p\u00fablicos, la posibilidad de que el barrio cuente con obras que impidan el desborde en caso de lluvias, mayor patrullaje, e incluso la necesidad de poder contar con un cajero autom\u00e1tico en el barrio.<\/strong><\/p>\n<p>&nbsp;<\/p>\n<p><em>\u201cQueremos mostrarle al vecino olavarriense que somos una nueva alternativa, junto a Dalton, Juan y todo el equipo, vamos a trabajar para resolver los problemas que tanto los preocupan\u201d<\/em> dijo Coronel.<\/p>\n","protected":false},"excerpt":{"rendered":"<p>Fue en la tarde del viernes. Se mostraron como \u201cprecandidatos a Intendente\u201d del espacio que lidera Patricia Bullrich.<\/p>\n","protected":false},"author":2,"featured_media":87423,"comment_status":"closed","ping_status":"closed","sticky":false,"template":"","format":"standard","meta":{"_jetpack_memberships_contains_paid_content":false,"footnotes":""},"categories":[4,1],"tags":[],"class_list":["post-87422","post","type-post","status-publish","format-standard","has-post-thumbnail","hentry","category-politica","category-portada"],"jetpack_featured_media_url":"https:\/\/i0.wp.com\/cdnoticias.com\/wp-content\/uploads\/2023\/06\/WhatsApp-Image-2023-06-09-at-23.24.06-e1686520700780.jpeg?fit=974%2C600&ssl=1","jetpack_sharing_enabled":true,"_links":{"self":[{"href":"https:\/\/cdnoticias.com\/index.php\/wp-json\/wp\/v2\/posts\/87422","targetHints":{"allow":["GET"]}}],"collection":[{"href":"https:\/\/cdnoticias.com\/index.php\/wp-json\/wp\/v2\/posts"}],"about":[{"href":"https:\/\/cdnoticias.com\/index.php\/wp-json\/wp\/v2\/types\/post"}],"author":[{"embeddable":true,"href":"https:\/\/cdnoticias.com\/index.php\/wp-json\/wp\/v2\/users\/2"}],"replies":[{"embeddable":true,"href":"https:\/\/cdnoticias.com\/index.php\/wp-json\/wp\/v2\/comments?post=87422"}],"version-history":[{"count":0,"href":"https:\/\/cdnoticias.com\/index.php\/wp-json\/wp\/v2\/posts\/87422\/revisions"}],"wp:featuredmedia":[{"embeddable":true,"href":"https:\/\/cdnoticias.com\/index.php\/wp-json\/wp\/v2\/media\/87423"}],"wp:attachment":[{"href":"https:\/\/cdnoticias.com\/index.php\/wp-json\/wp\/v2\/media?parent=87422"}],"wp:term":[{"taxonomy":"category","embeddable":true,"href":"https:\/\/cdnoticias.com\/index.php\/wp-json\/wp\/v2\/categories?post=87422"},{"taxonomy":"post_tag","embeddable":true,"href":"https:\/\/cdnoticias.com\/index.php\/wp-json\/wp\/v2\/tags?post=87422"}],"curies":[{"name":"wp","href":"https:\/\/api.w.org\/{rel}","templated":true}]}}