{"id":87419,"date":"2023-06-10T16:58:41","date_gmt":"2023-06-10T19:58:41","guid":{"rendered":"https:\/\/www.centraldenoticias.com.ar\/?p=87419"},"modified":"2023-06-10T19:03:13","modified_gmt":"2023-06-10T22:03:13","slug":"anunciaron-aumentos-en-los-boletos-de-los-transportes-urbano-e-interurbano-de-la-ciudad","status":"publish","type":"post","link":"https:\/\/cdnoticias.com\/index.php\/2023\/06\/10\/anunciaron-aumentos-en-los-boletos-de-los-transportes-urbano-e-interurbano-de-la-ciudad\/","title":{"rendered":"Anunciaron aumentos en los boletos de los transportes urbano e interurbano de la ciudad"},"content":{"rendered":"<p>Fue informado por la Secretar\u00eda de Gobierno Municipal. La suba en el interurbano ser\u00e1 de 52.45% y la del urbano llegar\u00e1 a 136 pesos, con un 58.20% de incremento.<!--more--><\/p>\n<hr \/>\n<p>La Secretar\u00eda de Gobierno Municipal inform\u00f3 este s\u00e1bado que<strong> se autoriz\u00f3 la actualizaci\u00f3n tarifaria para las empresas que prestan el servicio de transporte urbano e interurbano de pasajeros en el Partido de Olavarr\u00eda, por lo que hubo aumentos de entre el 52 y el 58% en los boletos.<\/strong><\/p>\n<p>&nbsp;<\/p>\n<p>Cabe se\u00f1alar qu<strong>e la documentaci\u00f3n fue enviada y aprobada por la Comisi\u00f3n Nacional de Regulaci\u00f3n del Transporte (CNRT)<\/strong>. <strong>\u201cLa misma ya se encuentra en Naci\u00f3n Servicios para que se actualicen las nuevas tarifas en las validadoras y en los pr\u00f3ximos d\u00edas se pondr\u00e1 en vigencia el nuevo valor del boleto\u201d<\/strong> se\u00f1alaron, dando cuenta de la novedad.<\/p>\n<p>&nbsp;<\/p>\n<p>En cifras, el aumento en el transporte interurbano ser\u00e1 de 52.45% y las tarifas ser\u00e1n las siguientes:<\/p>\n<p>&nbsp;<\/p>\n<p><strong>L\u00ednea 509 (Olavarr\u00eda \u2013 Loma Negra)<\/strong><\/p>\n<p>&nbsp;<\/p>\n<p>Boleto m\u00ednimo: $105.81 (Tarifa social $47.61)<\/p>\n<p>&nbsp;<\/p>\n<p>Loma Negra: $ 132.99 (Tarifa social $59.84)<\/p>\n<p>&nbsp;<\/p>\n<p>Villa Mi Serran\u00eda: $ 135.77 (Tarifa social $61.09)<\/p>\n<p>&nbsp;<\/p>\n<p><strong>L\u00ednea 510 (Olavarr\u00eda \u2013 Sierras Bayas)<\/strong><\/p>\n<p>&nbsp;<\/p>\n<p>Boleto m\u00ednimo: $105.81 (Tarifa social $47.61)<\/p>\n<p>&nbsp;<\/p>\n<p>Sierras Bayas: $ 146.62 (Tarifa social $65.98)<\/p>\n<p>&nbsp;<\/p>\n<p>Colonia San Miguel: $ 157.51 (Tarifa social $70.88)<\/p>\n<p>&nbsp;<\/p>\n<p><strong>L\u00ednea 514 (Olavarr\u00eda \u2013 Hinojo \u2013 Sierra Chica)<\/strong><\/p>\n<p>&nbsp;<\/p>\n<p>Boleto m\u00ednimo: $ 105.81 (Tarifa social $ 47.61)<\/p>\n<p>&nbsp;<\/p>\n<p>Sierra Chica: $ 122.15 (Tarifa social $ 54.97)<\/p>\n<p>&nbsp;<\/p>\n<p>Hinojo: $ 135.77 (Tarifa social $ 61.09)<\/p>\n<p>&nbsp;<\/p>\n<p>Colonia Hinojo: $ 132.99 (Tarifa social $ 59.84)<\/p>\n<p>&nbsp;<\/p>\n<p>Sierra Chica a Hinojo: $122.15 (Tarifa social $ 54.97)<\/p>\n<p>&nbsp;<\/p>\n<p>B\u00b0 Cuarteles a Colonia Hinojo: $132.99 (Tarifa social $59.84)<\/p>\n<p>&nbsp;<\/p>\n<p>B\u00b0 Cuarteles a Hinojo: $ 122.15 (Tarifa social $54.97)<\/p>\n<p>&nbsp;<\/p>\n<p>Por su parte, <strong>el transporte urbano de pasajeros tendr\u00e1 una actualizaci\u00f3n correspondiente al 58.20% y el boleto pasar\u00e1 a valer $135.98, en tanto que los beneficiarios de la tarifa social abonar\u00e1n $61.19.<\/strong><\/p>\n","protected":false},"excerpt":{"rendered":"<p>Fue informado por la Secretar\u00eda de Gobierno Municipal. La suba en el interurbano ser\u00e1 de 52.45% y la del urbano<\/p>\n","protected":false},"author":2,"featured_media":51077,"comment_status":"closed","ping_status":"closed","sticky":false,"template":"","format":"standard","meta":{"_jetpack_memberships_contains_paid_content":false,"footnotes":""},"categories":[5,1],"tags":[],"class_list":["post-87419","post","type-post","status-publish","format-standard","has-post-thumbnail","hentry","category-informacion-general","category-portada"],"jetpack_featured_media_url":"https:\/\/i0.wp.com\/cdnoticias.com\/wp-content\/uploads\/2022\/04\/colectivo-boleto-tu-bus-1.jpg?fit=800%2C445&ssl=1","jetpack_sharing_enabled":true,"_links":{"self":[{"href":"https:\/\/cdnoticias.com\/index.php\/wp-json\/wp\/v2\/posts\/87419","targetHints":{"allow":["GET"]}}],"collection":[{"href":"https:\/\/cdnoticias.com\/index.php\/wp-json\/wp\/v2\/posts"}],"about":[{"href":"https:\/\/cdnoticias.com\/index.php\/wp-json\/wp\/v2\/types\/post"}],"author":[{"embeddable":true,"href":"https:\/\/cdnoticias.com\/index.php\/wp-json\/wp\/v2\/users\/2"}],"replies":[{"embeddable":true,"href":"https:\/\/cdnoticias.com\/index.php\/wp-json\/wp\/v2\/comments?post=87419"}],"version-history":[{"count":0,"href":"https:\/\/cdnoticias.com\/index.php\/wp-json\/wp\/v2\/posts\/87419\/revisions"}],"wp:featuredmedia":[{"embeddable":true,"href":"https:\/\/cdnoticias.com\/index.php\/wp-json\/wp\/v2\/media\/51077"}],"wp:attachment":[{"href":"https:\/\/cdnoticias.com\/index.php\/wp-json\/wp\/v2\/media?parent=87419"}],"wp:term":[{"taxonomy":"category","embeddable":true,"href":"https:\/\/cdnoticias.com\/index.php\/wp-json\/wp\/v2\/categories?post=87419"},{"taxonomy":"post_tag","embeddable":true,"href":"https:\/\/cdnoticias.com\/index.php\/wp-json\/wp\/v2\/tags?post=87419"}],"curies":[{"name":"wp","href":"https:\/\/api.w.org\/{rel}","templated":true}]}}