{"id":87412,"date":"2023-06-10T19:14:43","date_gmt":"2023-06-10T22:14:43","guid":{"rendered":"https:\/\/www.centraldenoticias.com.ar\/?p=87412"},"modified":"2023-06-10T19:14:34","modified_gmt":"2023-06-10T22:14:34","slug":"maxi-wesner-lanzo-su-precandidatura-a-intendente-de-olavarria","status":"publish","type":"post","link":"https:\/\/cdnoticias.com\/index.php\/2023\/06\/10\/maxi-wesner-lanzo-su-precandidatura-a-intendente-de-olavarria\/","title":{"rendered":"Maxi Wesner lanz\u00f3 su precandidatura a intendente de Olavarr\u00eda"},"content":{"rendered":"<p>&#8220;Somos muchos y se respira un aire de transformaci\u00f3n en Olavarr\u00eda&#8221;, destac\u00f3 el Contador P\u00fablico y titular de Anses que buscar\u00e1 llegar a la intendencia en agosto y octubre.<!--more--><\/p>\n<hr \/>\n<p>Este s\u00e1bado, <strong>el titular de Anses y legislador local Maximiliano Wesner oficializ\u00f3 su precandidatura a intendente de Olavarr\u00eda por el Frente de Todos.<\/strong> El lanzamiento se realiz\u00f3 esta ma\u00f1ana en el Parque Cerrito y cont\u00f3 con el acompa\u00f1amiento de referentes de distintas organizaciones, militantes y cientos de vecinos y vecinas de los barrios y localidades de Olavarr\u00eda.<\/p>\n<p><strong><em>&#8220;La esperanza de una ciudad mejor est\u00e1 ac\u00e1. Asumo el compromiso de ser candidato a intendente para que ning\u00fan vecino qued\u00e9 esperando su turno en el hospital, impulsar un ambicioso plan de viviendas y trabajar por la inclusi\u00f3n de los vecinos de los barrios m\u00e1s humildes&#8221;<\/em><\/strong>, expres\u00f3 el precandidato.<\/p>\n<p>&nbsp;<\/p>\n<p><img data-recalc-dims=\"1\" loading=\"lazy\" decoding=\"async\" class=\"alignnone size-large wp-image-87415\" src=\"https:\/\/i0.wp.com\/cdnoticias.com\/wp-content\/uploads\/2023\/06\/WhatsApp-Image-2023-06-10-at-13.32.18.jpeg?resize=800%2C481&#038;ssl=1\" alt=\"\" width=\"800\" height=\"481\" srcset=\"https:\/\/i0.wp.com\/cdnoticias.com\/wp-content\/uploads\/2023\/06\/WhatsApp-Image-2023-06-10-at-13.32.18.jpeg?resize=1024%2C616&amp;ssl=1 1024w, https:\/\/i0.wp.com\/cdnoticias.com\/wp-content\/uploads\/2023\/06\/WhatsApp-Image-2023-06-10-at-13.32.18.jpeg?resize=300%2C180&amp;ssl=1 300w, https:\/\/i0.wp.com\/cdnoticias.com\/wp-content\/uploads\/2023\/06\/WhatsApp-Image-2023-06-10-at-13.32.18.jpeg?resize=768%2C462&amp;ssl=1 768w, https:\/\/i0.wp.com\/cdnoticias.com\/wp-content\/uploads\/2023\/06\/WhatsApp-Image-2023-06-10-at-13.32.18.jpeg?w=1286&amp;ssl=1 1286w\" sizes=\"auto, (max-width: 800px) 100vw, 800px\" \/><\/p>\n<blockquote><p>&#8220;Es posible, somos muchos y se respira un aire de transformaci\u00f3n. Ando mucho en la calle y la gente me recibe con palabras de apoyo y fuerza. Las victorias no se logran de forma individual sino de manera colectiva&#8221;, subray\u00f3.<\/p><\/blockquote>\n<p>El precandidato llam\u00f3 a toda la ciudadan\u00eda a<em> &#8220;retomar el camino de una Olavarr\u00eda del trabajo&#8221;<\/em> y elegir a una &#8220;administraci\u00f3n municipal honesta que gobierne de cara al pueblo y no a sus espaldas&#8221;.<\/p>\n<p><em>&#8220;Nosotros no llegamos a la pol\u00edtica para cambiar la camioneta cada dos a\u00f1os, no nos encerramos en un country, sino que acompa\u00f1amos todos los d\u00edas a quienes tienen alguna necesidad&#8221;<\/em>, apunt\u00f3 Wesner.<\/p>\n<p>El precandidato a intendente anticip\u00f3 que <strong>en los pr\u00f3ximos d\u00edas presentar\u00e1 la plataforma de propuestas de su espacio en base a 5 ejes ya definidos: Suelo urbano y plan de viviendas; Plan de turismo, recreaci\u00f3n y cultura; Salud p\u00fablica; Educaci\u00f3n y Trabajo.<\/strong><\/p>\n<p><strong><em>&#8220;Hay un aire de transformaci\u00f3n que alimentamos todos los d\u00edas porque queremos cambiar la realidad de los 126.328 olavarrienses&#8221;<\/em><\/strong>, concluy\u00f3 el dirigente.<\/p>\n","protected":false},"excerpt":{"rendered":"<p>&#8220;Somos muchos y se respira un aire de transformaci\u00f3n en Olavarr\u00eda&#8221;, destac\u00f3 el Contador P\u00fablico y titular de Anses que<\/p>\n","protected":false},"author":2,"featured_media":87414,"comment_status":"closed","ping_status":"closed","sticky":false,"template":"","format":"standard","meta":{"_jetpack_memberships_contains_paid_content":false,"footnotes":""},"categories":[4,1],"tags":[],"class_list":["post-87412","post","type-post","status-publish","format-standard","has-post-thumbnail","hentry","category-politica","category-portada"],"jetpack_featured_media_url":"https:\/\/i0.wp.com\/cdnoticias.com\/wp-content\/uploads\/2023\/06\/WhatsApp-Image-2023-06-10-at-13.32.17.jpeg?fit=1286%2C856&ssl=1","jetpack_sharing_enabled":true,"_links":{"self":[{"href":"https:\/\/cdnoticias.com\/index.php\/wp-json\/wp\/v2\/posts\/87412","targetHints":{"allow":["GET"]}}],"collection":[{"href":"https:\/\/cdnoticias.com\/index.php\/wp-json\/wp\/v2\/posts"}],"about":[{"href":"https:\/\/cdnoticias.com\/index.php\/wp-json\/wp\/v2\/types\/post"}],"author":[{"embeddable":true,"href":"https:\/\/cdnoticias.com\/index.php\/wp-json\/wp\/v2\/users\/2"}],"replies":[{"embeddable":true,"href":"https:\/\/cdnoticias.com\/index.php\/wp-json\/wp\/v2\/comments?post=87412"}],"version-history":[{"count":0,"href":"https:\/\/cdnoticias.com\/index.php\/wp-json\/wp\/v2\/posts\/87412\/revisions"}],"wp:featuredmedia":[{"embeddable":true,"href":"https:\/\/cdnoticias.com\/index.php\/wp-json\/wp\/v2\/media\/87414"}],"wp:attachment":[{"href":"https:\/\/cdnoticias.com\/index.php\/wp-json\/wp\/v2\/media?parent=87412"}],"wp:term":[{"taxonomy":"category","embeddable":true,"href":"https:\/\/cdnoticias.com\/index.php\/wp-json\/wp\/v2\/categories?post=87412"},{"taxonomy":"post_tag","embeddable":true,"href":"https:\/\/cdnoticias.com\/index.php\/wp-json\/wp\/v2\/tags?post=87412"}],"curies":[{"name":"wp","href":"https:\/\/api.w.org\/{rel}","templated":true}]}}