{"id":87392,"date":"2023-06-09T20:19:52","date_gmt":"2023-06-09T23:19:52","guid":{"rendered":"https:\/\/www.centraldenoticias.com.ar\/?p=87392"},"modified":"2023-06-09T20:19:52","modified_gmt":"2023-06-09T23:19:52","slug":"nuevo-plenario-de-normalizacion-de-la-cgt-olavarria","status":"publish","type":"post","link":"https:\/\/cdnoticias.com\/index.php\/2023\/06\/09\/nuevo-plenario-de-normalizacion-de-la-cgt-olavarria\/","title":{"rendered":"Nuevo plenario de normalizaci\u00f3n de la CGT Olavarr\u00eda"},"content":{"rendered":"<p>Confirmaron que enviaron la lista a CGT Central para que sea aprobada. \u201cNunca pas\u00f3 esto en Olavarr\u00eda\u201d indicaron por la presencia de m\u00e1s de 40 entidades gremiales.<!--more--><\/p>\n<hr \/>\n<p>En la noche de este viernes, <strong>un nuevo plenario de m\u00e1s de 40 agrupaciones gremiales que buscan normalizar la CGT Olavarr\u00eda trajo algunas novedades, siempre a la espera de la aprobaci\u00f3n definitiva de la lista por la Central para su confirmaci\u00f3n y normalizaci\u00f3n final.<\/strong><\/p>\n<p>&nbsp;<\/p>\n<p>Con la presencia de afiliados de distintos sindicatos en el sal\u00f3n del club Mariano Moreno y un <strong>acompa\u00f1amiento un\u00e1nime a los gremios y trabajadores de El Popular (que contin\u00faan con los destratos y sin abonar los correspondientes salarios) el ejemplo fue la punta de lanza para se\u00f1alar la importancia del trabajo de una CGT en unidad.<\/strong><\/p>\n<p>&nbsp;<\/p>\n<p><img data-recalc-dims=\"1\" loading=\"lazy\" decoding=\"async\" class=\"alignnone size-large wp-image-87388\" src=\"https:\/\/i0.wp.com\/cdnoticias.com\/wp-content\/uploads\/2023\/06\/cgt-olava3.jpg?resize=800%2C480&#038;ssl=1\" alt=\"\" width=\"800\" height=\"480\" srcset=\"https:\/\/i0.wp.com\/cdnoticias.com\/wp-content\/uploads\/2023\/06\/cgt-olava3.jpg?resize=1024%2C614&amp;ssl=1 1024w, https:\/\/i0.wp.com\/cdnoticias.com\/wp-content\/uploads\/2023\/06\/cgt-olava3.jpg?resize=300%2C180&amp;ssl=1 300w, https:\/\/i0.wp.com\/cdnoticias.com\/wp-content\/uploads\/2023\/06\/cgt-olava3.jpg?resize=768%2C461&amp;ssl=1 768w, https:\/\/i0.wp.com\/cdnoticias.com\/wp-content\/uploads\/2023\/06\/cgt-olava3.jpg?w=1072&amp;ssl=1 1072w\" sizes=\"auto, (max-width: 800px) 100vw, 800px\" \/><\/p>\n<p>&nbsp;<\/p>\n<p><img data-recalc-dims=\"1\" loading=\"lazy\" decoding=\"async\" class=\"alignnone size-full wp-image-87386\" src=\"https:\/\/i0.wp.com\/cdnoticias.com\/wp-content\/uploads\/2023\/06\/cgt-olava2.jpg?resize=800%2C480&#038;ssl=1\" alt=\"\" width=\"800\" height=\"480\" \/><\/p>\n<p>&nbsp;<\/p>\n<p>Uno de los oradores del evento fue el titular del sindicato del Vidrio, <strong>Ezequiel Collado, quien confirm\u00f3 que enviaron la lista correspondiente a la CGT Central para que sea aprobada \u201cen las pr\u00f3ximas semanas\u201d donde se normalizar\u00e1 finalmente la entidad.<\/strong><\/p>\n<p>&nbsp;<\/p>\n<p>Justamente, la unidad <strong><em>\u201cnunca pas\u00f3 en Olavarr\u00eda, nos ha costado, venimos de tiempos dif\u00edciles y vienen m\u00e1s dif\u00edcil todav\u00eda\u201d<\/em><\/strong> y por ello \u201cno podemos estar uno por un lado y otro por el otro sabiendo c\u00f3mo est\u00e1 Olavarr\u00eda\u201d que reconocieron<strong><em> &#8220;no escapa a la situaci\u00f3n nacional&#8221;.<\/em><\/strong><\/p>\n<p>&nbsp;<\/p>\n<p><img data-recalc-dims=\"1\" loading=\"lazy\" decoding=\"async\" class=\"alignnone size-large wp-image-87387\" src=\"https:\/\/i0.wp.com\/cdnoticias.com\/wp-content\/uploads\/2023\/06\/cgt-olava1.jpg?resize=800%2C480&#038;ssl=1\" alt=\"\" width=\"800\" height=\"480\" srcset=\"https:\/\/i0.wp.com\/cdnoticias.com\/wp-content\/uploads\/2023\/06\/cgt-olava1.jpg?resize=1024%2C614&amp;ssl=1 1024w, https:\/\/i0.wp.com\/cdnoticias.com\/wp-content\/uploads\/2023\/06\/cgt-olava1.jpg?resize=300%2C180&amp;ssl=1 300w, https:\/\/i0.wp.com\/cdnoticias.com\/wp-content\/uploads\/2023\/06\/cgt-olava1.jpg?resize=768%2C461&amp;ssl=1 768w, https:\/\/i0.wp.com\/cdnoticias.com\/wp-content\/uploads\/2023\/06\/cgt-olava1.jpg?w=1072&amp;ssl=1 1072w\" sizes=\"auto, (max-width: 800px) 100vw, 800px\" \/><\/p>\n<p>&nbsp;<\/p>\n<blockquote><p>\u201cA muchos vivos les conviene que no estemos juntos, siempre nos quisieron dividir\u201d acus\u00f3 Collado ante el aplauso de los presentes. Y justamente, esta situaci\u00f3n de ausencia de unidad hizo que \u201cseamos de las ultimas regionales en Argentina que falta normalizar\u201d.<\/p><\/blockquote>\n<p>&nbsp;<\/p>\n<p>Luego de la cr\u00edtica y la autocr\u00edtica<em> \u201cnos empezamos a sacar todos esos celos, resquemores que no sumaban. Estamos marcando un camino, que es muy dif\u00edcil y a\u00fan falta\u201d.<\/em><\/p>\n<p>&nbsp;<\/p>\n<p><img data-recalc-dims=\"1\" loading=\"lazy\" decoding=\"async\" class=\"alignnone size-large wp-image-87391\" src=\"https:\/\/i0.wp.com\/cdnoticias.com\/wp-content\/uploads\/2023\/06\/cgt-olava6.jpg?resize=800%2C480&#038;ssl=1\" alt=\"\" width=\"800\" height=\"480\" srcset=\"https:\/\/i0.wp.com\/cdnoticias.com\/wp-content\/uploads\/2023\/06\/cgt-olava6-scaled.jpg?resize=1024%2C614&amp;ssl=1 1024w, https:\/\/i0.wp.com\/cdnoticias.com\/wp-content\/uploads\/2023\/06\/cgt-olava6-scaled.jpg?resize=300%2C180&amp;ssl=1 300w, https:\/\/i0.wp.com\/cdnoticias.com\/wp-content\/uploads\/2023\/06\/cgt-olava6-scaled.jpg?resize=768%2C461&amp;ssl=1 768w, https:\/\/i0.wp.com\/cdnoticias.com\/wp-content\/uploads\/2023\/06\/cgt-olava6-scaled.jpg?resize=1536%2C922&amp;ssl=1 1536w, https:\/\/i0.wp.com\/cdnoticias.com\/wp-content\/uploads\/2023\/06\/cgt-olava6-scaled.jpg?resize=2048%2C1229&amp;ssl=1 2048w, https:\/\/i0.wp.com\/cdnoticias.com\/wp-content\/uploads\/2023\/06\/cgt-olava6-scaled.jpg?w=1600&amp;ssl=1 1600w, https:\/\/i0.wp.com\/cdnoticias.com\/wp-content\/uploads\/2023\/06\/cgt-olava6-scaled.jpg?w=2400&amp;ssl=1 2400w\" sizes=\"auto, (max-width: 800px) 100vw, 800px\" \/><\/p>\n<p>&nbsp;<\/p>\n<p><img data-recalc-dims=\"1\" loading=\"lazy\" decoding=\"async\" class=\"alignnone size-large wp-image-87389\" src=\"https:\/\/i0.wp.com\/cdnoticias.com\/wp-content\/uploads\/2023\/06\/cgt-olava4.jpg?resize=800%2C480&#038;ssl=1\" alt=\"\" width=\"800\" height=\"480\" srcset=\"https:\/\/i0.wp.com\/cdnoticias.com\/wp-content\/uploads\/2023\/06\/cgt-olava4.jpg?resize=1024%2C614&amp;ssl=1 1024w, https:\/\/i0.wp.com\/cdnoticias.com\/wp-content\/uploads\/2023\/06\/cgt-olava4.jpg?resize=300%2C180&amp;ssl=1 300w, https:\/\/i0.wp.com\/cdnoticias.com\/wp-content\/uploads\/2023\/06\/cgt-olava4.jpg?resize=768%2C461&amp;ssl=1 768w, https:\/\/i0.wp.com\/cdnoticias.com\/wp-content\/uploads\/2023\/06\/cgt-olava4.jpg?w=1072&amp;ssl=1 1072w\" sizes=\"auto, (max-width: 800px) 100vw, 800px\" \/><\/p>\n<p>&nbsp;<\/p>\n<p>Con respecto a los conflictos laborales y la situaci\u00f3n con los trabajadores<strong><em> \u201cla CGT tiene que ser un brazo para ayudar a esas problem\u00e1ticas en Olavarr\u00eda. El movimiento obrero est\u00e1 mostrando que se puede trabajar juntos\u201d.<\/em><\/strong><\/p>\n<p>&nbsp;<\/p>\n<p>Tambi\u00e9n hubo otros oradores en una tarde noche cargada de cantos, colores y bombos, <strong>a la espera de la novedad de la normalizaci\u00f3n de la CGT Olavarr\u00eda.<\/strong><\/p>\n","protected":false},"excerpt":{"rendered":"<p>Confirmaron que enviaron la lista a CGT Central para que sea aprobada. \u201cNunca pas\u00f3 esto en Olavarr\u00eda\u201d indicaron por la<\/p>\n","protected":false},"author":2,"featured_media":87390,"comment_status":"closed","ping_status":"closed","sticky":false,"template":"","format":"standard","meta":{"_jetpack_memberships_contains_paid_content":false,"footnotes":""},"categories":[4,1],"tags":[],"class_list":["post-87392","post","type-post","status-publish","format-standard","has-post-thumbnail","hentry","category-politica","category-portada"],"jetpack_featured_media_url":"https:\/\/i0.wp.com\/cdnoticias.com\/wp-content\/uploads\/2023\/06\/cgt-olava5.jpg?fit=926%2C556&ssl=1","jetpack_sharing_enabled":true,"_links":{"self":[{"href":"https:\/\/cdnoticias.com\/index.php\/wp-json\/wp\/v2\/posts\/87392","targetHints":{"allow":["GET"]}}],"collection":[{"href":"https:\/\/cdnoticias.com\/index.php\/wp-json\/wp\/v2\/posts"}],"about":[{"href":"https:\/\/cdnoticias.com\/index.php\/wp-json\/wp\/v2\/types\/post"}],"author":[{"embeddable":true,"href":"https:\/\/cdnoticias.com\/index.php\/wp-json\/wp\/v2\/users\/2"}],"replies":[{"embeddable":true,"href":"https:\/\/cdnoticias.com\/index.php\/wp-json\/wp\/v2\/comments?post=87392"}],"version-history":[{"count":0,"href":"https:\/\/cdnoticias.com\/index.php\/wp-json\/wp\/v2\/posts\/87392\/revisions"}],"wp:featuredmedia":[{"embeddable":true,"href":"https:\/\/cdnoticias.com\/index.php\/wp-json\/wp\/v2\/media\/87390"}],"wp:attachment":[{"href":"https:\/\/cdnoticias.com\/index.php\/wp-json\/wp\/v2\/media?parent=87392"}],"wp:term":[{"taxonomy":"category","embeddable":true,"href":"https:\/\/cdnoticias.com\/index.php\/wp-json\/wp\/v2\/categories?post=87392"},{"taxonomy":"post_tag","embeddable":true,"href":"https:\/\/cdnoticias.com\/index.php\/wp-json\/wp\/v2\/tags?post=87392"}],"curies":[{"name":"wp","href":"https:\/\/api.w.org\/{rel}","templated":true}]}}