{"id":8738,"date":"2020-12-11T15:43:50","date_gmt":"2020-12-11T18:43:50","guid":{"rendered":"http:\/\/www.centraldenoticias.com.ar\/?p=8738"},"modified":"2020-12-11T14:44:19","modified_gmt":"2020-12-11T17:44:19","slug":"coronavirus-casi-todos-los-pacientes-generan-anticuerpos-pero-no-de-por-vida","status":"publish","type":"post","link":"https:\/\/cdnoticias.com\/index.php\/2020\/12\/11\/coronavirus-casi-todos-los-pacientes-generan-anticuerpos-pero-no-de-por-vida\/","title":{"rendered":"Coronavirus: casi todos los pacientes generan anticuerpos, pero \u201cno de por vida\u201d"},"content":{"rendered":"<p>La secretaria de Acceso a la Salud, Carla Vizzotti, dijo que es posible que comiencen a surgir reinfecciones entre quienes ya atravesaron la enfermedad. Reiter\u00f3 la importancia de mantener la prevenci\u00f3n.<!--more--><\/p>\n<hr \/>\n<p><strong>El Ministerio de Salud de la Naci\u00f3n inform\u00f3 este viernes que el 90% de las personas que contrajeron coronavirus generaron una respuesta inmune entre el d\u00eda 10 y 21 despu\u00e9s de los primeros s\u00edntomas<\/strong>, y que hay \u201cmuy pocos\u201d casos de reinfecciones, pero recomend\u00f3 a quienes tuvieron el virus mantener la prevenci\u00f3n y el cuidado.<\/p>\n<blockquote><p>\u201cHasta ahora, m\u00e1s del 90% de los casos positivos de Covid-19 generan respuesta inmune o anticuerpos despu\u00e9s del d\u00eda 10 a 21, y se sabe que esos anticuerpos disminuyen, no generan anticuerpos de por vida\u201d, explic\u00f3 la secretaria de Acceso a la Salud, Carla Vizzotti.<\/p><\/blockquote>\n<p>En ese sentido, manifest\u00f3 que \u201cse considera <strong>reinfecci\u00f3n<\/strong> cuando las personas tuvieron s\u00edntomas o un PCR positivo y luego de una recuperaci\u00f3n c\u00ednica o por PCR negativo, volvieron a tener un episodio confirmado por laboratorio\u201d.<\/p>\n<p>\u201cSe considera <strong>sospechosos de reinfecci\u00f3n<\/strong> a una persona con PCR detectable despu\u00e9s de m\u00e1s de 45 d\u00edas de haber resuelto los s\u00edntomas o que haya tenido un nuevo PCR positivo\u201d, a\u00f1adi\u00f3 la viceministra de Salud.<\/p>\n<blockquote><p>Sin embargo, Vizzotti aclar\u00f3 que \u201cno hay informaci\u00f3n que pueda descartar que una persona pueda reinfectarse y transmitir la infecci\u00f3n, aunque el riesgo es bajo\u201d.<\/p><\/blockquote>\n<p>Por eso, explic\u00f3, a los pacientes recuperados de Covid-19 que presentan una nueva exposici\u00f3n a un contacto estrecho <strong>\u201cno se les recomienda el aislamiento, ni las prueba diagn\u00f3sticas, pero s\u00ed el control de la evoluci\u00f3n\u201d<\/strong>.<\/p>\n<p>\u201cSi ya tuvo y se confirma la reinfecci\u00f3n, entonces se recomienda aislamiento, cuidado y control de contactos. <strong>Hay poca informaci\u00f3n y pocos datos documentados.<\/strong> Sabemos que ante el segundo episodio es recomendable descartar otras causas, pero las medidas de prevenci\u00f3n son las mismas que para los que no tuvieron el virus\u201d.<\/p>\n<p>Vizzotti reiter\u00f3 la importancia de \u201c<strong>cumplir con el uso del barbijo, el lavado de manos y el distanciamiento social<\/strong>, con preferencia en espacios abiertos y de no ser posible mantener la ventilaci\u00f3n de los ambientes en espacios cerrados\u201d y destac\u00f3 la importancia de mantener los cuidados.<\/p>\n<p><em>Fuente: Agencia DIB<\/em><\/p>\n","protected":false},"excerpt":{"rendered":"<p>La secretaria de Acceso a la Salud, Carla Vizzotti, dijo que es posible que comiencen a surgir reinfecciones entre quienes<\/p>\n","protected":false},"author":4,"featured_media":8734,"comment_status":"closed","ping_status":"closed","sticky":false,"template":"","format":"standard","meta":{"_jetpack_memberships_contains_paid_content":false,"footnotes":""},"categories":[6],"tags":[],"class_list":["post-8738","post","type-post","status-publish","format-standard","has-post-thumbnail","hentry","category-nacionales"],"jetpack_featured_media_url":"https:\/\/i0.wp.com\/cdnoticias.com\/wp-content\/uploads\/2020\/12\/Coronavirus-anticuerpos-696x522-covid.jpg?fit=696%2C522&ssl=1","jetpack_sharing_enabled":true,"_links":{"self":[{"href":"https:\/\/cdnoticias.com\/index.php\/wp-json\/wp\/v2\/posts\/8738","targetHints":{"allow":["GET"]}}],"collection":[{"href":"https:\/\/cdnoticias.com\/index.php\/wp-json\/wp\/v2\/posts"}],"about":[{"href":"https:\/\/cdnoticias.com\/index.php\/wp-json\/wp\/v2\/types\/post"}],"author":[{"embeddable":true,"href":"https:\/\/cdnoticias.com\/index.php\/wp-json\/wp\/v2\/users\/4"}],"replies":[{"embeddable":true,"href":"https:\/\/cdnoticias.com\/index.php\/wp-json\/wp\/v2\/comments?post=8738"}],"version-history":[{"count":0,"href":"https:\/\/cdnoticias.com\/index.php\/wp-json\/wp\/v2\/posts\/8738\/revisions"}],"wp:featuredmedia":[{"embeddable":true,"href":"https:\/\/cdnoticias.com\/index.php\/wp-json\/wp\/v2\/media\/8734"}],"wp:attachment":[{"href":"https:\/\/cdnoticias.com\/index.php\/wp-json\/wp\/v2\/media?parent=8738"}],"wp:term":[{"taxonomy":"category","embeddable":true,"href":"https:\/\/cdnoticias.com\/index.php\/wp-json\/wp\/v2\/categories?post=8738"},{"taxonomy":"post_tag","embeddable":true,"href":"https:\/\/cdnoticias.com\/index.php\/wp-json\/wp\/v2\/tags?post=8738"}],"curies":[{"name":"wp","href":"https:\/\/api.w.org\/{rel}","templated":true}]}}