{"id":87348,"date":"2023-06-09T18:00:38","date_gmt":"2023-06-09T21:00:38","guid":{"rendered":"https:\/\/www.centraldenoticias.com.ar\/?p=87348"},"modified":"2023-06-09T19:00:25","modified_gmt":"2023-06-09T22:00:25","slug":"recorrida-por-la-casa-de-la-provincia-se-espera-el-final-de-obra-en-tres-meses","status":"publish","type":"post","link":"https:\/\/cdnoticias.com\/index.php\/2023\/06\/09\/recorrida-por-la-casa-de-la-provincia-se-espera-el-final-de-obra-en-tres-meses\/","title":{"rendered":"Recorrida por la Casa de la Provincia: se espera el final de obra en tres meses"},"content":{"rendered":"<p>Con el funcionario del Ministerio de Gobierno provincial, Juan Pablo Cusa, dirigentes del Frente de Todos mostraron el avance. \u201cVa a cambiar la impronta y el sentido de circulaci\u00f3n de nuestra ciudad\u201d proyect\u00f3 Maxi Wesner.<\/p>\n<p><!--more--><\/p>\n<hr \/>\n<p><strong>Con funcionarios provinciales en Olavarr\u00eda, este viernes hubo una recorrida por la construcci\u00f3n de la Casa de la Provincia<\/strong>, obra que se emplaza en <strong>Jun\u00edn y Necochea<\/strong> donde<a href=\"https:\/\/cdnoticias.com\/index.php\/2022\/01\/22\/comenzo-la-obra-de-construccion-de-la-casa-de-la-provincia-en-olavarria\/\" target=\"_blank\" rel=\"noopener\"> los trabajos comenzaron en enero del a\u00f1o pasado<\/a>.<\/p>\n<p>&nbsp;<\/p>\n<p>Lleg\u00f3 el <strong>subsecretario de Gesti\u00f3n Operativa del Ministerio de Gobierno bonaerense, Juan Pablo Cusa<\/strong>, <em>la asesora de la Subsecretar\u00eda, Bel\u00e9n Recalde, la inspectora de obra de la Direcci\u00f3n provincial de Arquitectura, Roc\u00edo Parra, y el jefe de obra ingeniero Manuel Barquero<\/em>. Estuvieron el<strong> diputado provincial C\u00e9sar Valicenti, el precandidato a intendente del Frente de Todos, Maximiliano Wesner<\/strong>;<em> los concejales Mercedes Land\u00edvar, Ubaldo Garc\u00eda, Telma Cazot y Natalia \u00c1lvarez; y el subsecretario de Miner\u00eda, Federico Aguilera<\/em>, entre otros.<\/p>\n<p>&nbsp;<\/p>\n<p>A su vez, se hizo presente el<strong> secretario de Obras P\u00fablicas municipal, Julio Ferraro<\/strong>, quien hizo hincapi\u00e9 en el<strong> trabajo conjunto para la definici\u00f3n del emplazamiento.<\/strong><\/p>\n<p>&nbsp;<\/p>\n<blockquote><p>\u201cLa obra va bien, avanzada y trabajando. Contento, recorriendo. Viendo los compa\u00f1eros y el acompa\u00f1amiento. Nosotros venimos charlando mucho adem\u00e1s con la Municipalidad, junto con Maximiliano (Wesner), en cuanto estar al tanto del proceso y el avance de obra\u201d indic\u00f3 Cusa.<\/p><\/blockquote>\n<p>&nbsp;<\/p>\n<p><img data-recalc-dims=\"1\" loading=\"lazy\" decoding=\"async\" class=\"size-full wp-image-87352 aligncenter\" src=\"https:\/\/i0.wp.com\/cdnoticias.com\/wp-content\/uploads\/2023\/06\/casa-de-la-provincia-01.jpg?resize=800%2C445&#038;ssl=1\" alt=\"\" width=\"800\" height=\"445\" srcset=\"https:\/\/i0.wp.com\/cdnoticias.com\/wp-content\/uploads\/2023\/06\/casa-de-la-provincia-01.jpg?w=800&amp;ssl=1 800w, https:\/\/i0.wp.com\/cdnoticias.com\/wp-content\/uploads\/2023\/06\/casa-de-la-provincia-01.jpg?resize=300%2C167&amp;ssl=1 300w, https:\/\/i0.wp.com\/cdnoticias.com\/wp-content\/uploads\/2023\/06\/casa-de-la-provincia-01.jpg?resize=768%2C427&amp;ssl=1 768w\" sizes=\"auto, (max-width: 800px) 100vw, 800px\" \/><\/p>\n<p>&nbsp;<\/p>\n<p>Hizo hincapi\u00e9 en que los plazos de avance van de acuerdo a lo estimado en la licitaci\u00f3n.<strong> \u201cLa fecha de entrega de la Casa tendr\u00eda que ser para septiembre.<\/strong> Es una obra, con todos los pormenores que puede tener. Pero creemos que se entregar\u00e1 en tiempo y forma\u201d a\u00f1adi\u00f3. De esta manera, apunt\u00f3 a que en unos tres meses finalizar\u00e1n los trabajos en Olavarr\u00eda.<\/p>\n<p>&nbsp;<\/p>\n<blockquote><p>Maximiliano Wesner destac\u00f3 que esta obra \u201cva a cambiar la impronta y el sentido de circulaci\u00f3n de nuestra ciudad. Para nosotros es una alegr\u00eda\u201d. Y luego dio cuenta de que habitualmente recorre la obra y habla con los trabajadores.<\/p><\/blockquote>\n<p>&nbsp;<\/p>\n<p>Juan Pablo Cusa cont\u00f3 adem\u00e1s que este viernes hizo recorridas por todas las obras de este tipo que se llevan adelante en la S\u00e9ptima: 25 de Mayo, Bol\u00edvar y Saladillo, adem\u00e1s de Olavarr\u00eda.<\/p>\n<p>&nbsp;<\/p>\n<p>Indic\u00f3 que <strong>se construyen en total 50 Casas de la Provincia<\/strong>, de las cuales una ya se inaugur\u00f3 -en Baradero- hay cinco que se inaugurar\u00e1n en breve y \u201cla casa madre que es la de CABA, que de ah\u00ed se desarrolla esta pol\u00edtica. La de Capital cumple este a\u00f1o 75 a\u00f1os y fue inaugurada por Per\u00f3n\u201d.<\/p>\n<p>&nbsp;<\/p>\n<p><img data-recalc-dims=\"1\" loading=\"lazy\" decoding=\"async\" class=\"size-full wp-image-87353 aligncenter\" src=\"https:\/\/i0.wp.com\/cdnoticias.com\/wp-content\/uploads\/2023\/06\/casa-de-la-provincia-02.jpg?resize=800%2C445&#038;ssl=1\" alt=\"\" width=\"800\" height=\"445\" srcset=\"https:\/\/i0.wp.com\/cdnoticias.com\/wp-content\/uploads\/2023\/06\/casa-de-la-provincia-02.jpg?w=800&amp;ssl=1 800w, https:\/\/i0.wp.com\/cdnoticias.com\/wp-content\/uploads\/2023\/06\/casa-de-la-provincia-02.jpg?resize=300%2C167&amp;ssl=1 300w, https:\/\/i0.wp.com\/cdnoticias.com\/wp-content\/uploads\/2023\/06\/casa-de-la-provincia-02.jpg?resize=768%2C427&amp;ssl=1 768w\" sizes=\"auto, (max-width: 800px) 100vw, 800px\" \/><\/p>\n<p>&nbsp;<\/p>\n<p><span style=\"text-decoration: underline;\"><strong>Dependencias y servicios<\/strong><\/span><\/p>\n<p>&nbsp;<\/p>\n<p>A lo largo del recorrido, Roc\u00edo Parra y Bel\u00e9n Recalde fueron se\u00f1alando los espacios que ocupar\u00e1 cada dependencia. En ese sentido, Cusa ya hab\u00eda indicado que <strong>ARBA, IOMA, IPS, Ministerio de Trabajo, Ministerio de Mujeres y el Registro de las Personas<\/strong> estar\u00e1n en el edificio que tendr\u00e1 tres pisos.<\/p>\n<p>&nbsp;<\/p>\n<p>En tanto, Wesner adelant\u00f3 que actualmente est\u00e1n en contacto con <strong>representantes del Instituto Cultural de la Provincia de Buenos Aires y el \u00e1rea de Turismo para que la Casa de la Provincia \u201ctenga una impronta m\u00e1s abierta a toda la comunidad.<\/strong> Pensemos que estamos en el Parque Eva Per\u00f3n con lo cual eso es muy importante para la de nuestra ciudad\u201d.<\/p>\n<p>&nbsp;<\/p>\n<p><img data-recalc-dims=\"1\" loading=\"lazy\" decoding=\"async\" class=\"size-full wp-image-87354 aligncenter\" src=\"https:\/\/i0.wp.com\/cdnoticias.com\/wp-content\/uploads\/2023\/06\/casa-de-la-provincia-07.jpg?resize=500%2C750&#038;ssl=1\" alt=\"\" width=\"500\" height=\"750\" srcset=\"https:\/\/i0.wp.com\/cdnoticias.com\/wp-content\/uploads\/2023\/06\/casa-de-la-provincia-07.jpg?w=500&amp;ssl=1 500w, https:\/\/i0.wp.com\/cdnoticias.com\/wp-content\/uploads\/2023\/06\/casa-de-la-provincia-07.jpg?resize=200%2C300&amp;ssl=1 200w\" sizes=\"auto, (max-width: 500px) 100vw, 500px\" \/><\/p>\n<p>&nbsp;<\/p>\n<p>Asimismo, el concejal y titular de Anses, apunt\u00f3 a que<strong> \u201chemos hablado con el gobernador, con Axel Kicillof y el ahorro en alquileres ser\u00e1 cuantioso para la provincia\u201d<\/strong> una vez que est\u00e9 en funcionamiento la sede con dependencias que actualmente funcionan en edificios arrendados. \u201cTambi\u00e9n garantizar a trabajadoras y trabajadores de los organismos provinciales dignidad, ya que hay una situaci\u00f3n precaria de algunos de los edificios que hoy no est\u00e1n aptos para el funcionamiento sin remodelaciones y refacci\u00f3n. No queremos que eso suceda. Que est\u00e9n de manera c\u00f3moda y tambi\u00e9n para quien venga a hacer un tr\u00e1mite con calidad de atenci\u00f3n integral. Que pueda estar atendi\u00e9ndose en el Ministerio de Trabajo de la provincia y gestionar una cobertura en el IOMA\u201d agreg\u00f3 Wesner.<\/p>\n<p>&nbsp;<\/p>\n<p><span style=\"text-decoration: underline;\"><strong>La obra<\/strong><\/span><\/p>\n<p>&nbsp;<\/p>\n<p>La construcci\u00f3n <strong>est\u00e1 a cargo de la UTE FCM Comar Construcciones S.R.L. y ESCA Construcciones S.R.L.<\/strong> con una inversi\u00f3n prevista en <strong>m\u00e1s de 171 millones de pesos.<\/strong><\/p>\n<p>&nbsp;<\/p>\n<p><img data-recalc-dims=\"1\" loading=\"lazy\" decoding=\"async\" class=\"size-full wp-image-87355 aligncenter\" src=\"https:\/\/i0.wp.com\/cdnoticias.com\/wp-content\/uploads\/2023\/06\/casa-de-la-provincia-05.jpg?resize=800%2C445&#038;ssl=1\" alt=\"\" width=\"800\" height=\"445\" srcset=\"https:\/\/i0.wp.com\/cdnoticias.com\/wp-content\/uploads\/2023\/06\/casa-de-la-provincia-05.jpg?w=800&amp;ssl=1 800w, https:\/\/i0.wp.com\/cdnoticias.com\/wp-content\/uploads\/2023\/06\/casa-de-la-provincia-05.jpg?resize=300%2C167&amp;ssl=1 300w, https:\/\/i0.wp.com\/cdnoticias.com\/wp-content\/uploads\/2023\/06\/casa-de-la-provincia-05.jpg?resize=768%2C427&amp;ssl=1 768w\" sizes=\"auto, (max-width: 800px) 100vw, 800px\" \/><\/p>\n<p>&nbsp;<\/p>\n<p><strong>Central de Noticias<\/strong> habl\u00f3 con el jefe de obra, ingeniero Manuel Barquero, quien inform\u00f3 que <strong>trabajan 10 personas en la construcci\u00f3n en tareas de alba\u00f1iler\u00eda.<\/strong> Se trata de olavarrienses que fueron contratados para estos trabajos y lleg\u00f3 a haber hasta 15 obreros.<\/p>\n<p>&nbsp;<\/p>\n<p>A ellos se suman \u201clos gremios de instalaciones, aire acondicionado, que son subcontratistas que vienen de La Plata, lo mismo el ascensor. La cuadrilla de Durlock son cinco personas que van a venir de La Plata\u201d.<\/p>\n<p>&nbsp;<\/p>\n","protected":false},"excerpt":{"rendered":"<p>Con el funcionario del Ministerio de Gobierno provincial, Juan Pablo Cusa, dirigentes del Frente de Todos mostraron el avance. \u201cVa<\/p>\n","protected":false},"author":4,"featured_media":87351,"comment_status":"closed","ping_status":"closed","sticky":false,"template":"","format":"standard","meta":{"_jetpack_memberships_contains_paid_content":false,"footnotes":""},"categories":[5,1],"tags":[],"class_list":["post-87348","post","type-post","status-publish","format-standard","has-post-thumbnail","hentry","category-informacion-general","category-portada"],"jetpack_featured_media_url":"https:\/\/i0.wp.com\/cdnoticias.com\/wp-content\/uploads\/2023\/06\/casa-de-la-provincia-00.jpg?fit=800%2C445&ssl=1","jetpack_sharing_enabled":true,"_links":{"self":[{"href":"https:\/\/cdnoticias.com\/index.php\/wp-json\/wp\/v2\/posts\/87348","targetHints":{"allow":["GET"]}}],"collection":[{"href":"https:\/\/cdnoticias.com\/index.php\/wp-json\/wp\/v2\/posts"}],"about":[{"href":"https:\/\/cdnoticias.com\/index.php\/wp-json\/wp\/v2\/types\/post"}],"author":[{"embeddable":true,"href":"https:\/\/cdnoticias.com\/index.php\/wp-json\/wp\/v2\/users\/4"}],"replies":[{"embeddable":true,"href":"https:\/\/cdnoticias.com\/index.php\/wp-json\/wp\/v2\/comments?post=87348"}],"version-history":[{"count":0,"href":"https:\/\/cdnoticias.com\/index.php\/wp-json\/wp\/v2\/posts\/87348\/revisions"}],"wp:featuredmedia":[{"embeddable":true,"href":"https:\/\/cdnoticias.com\/index.php\/wp-json\/wp\/v2\/media\/87351"}],"wp:attachment":[{"href":"https:\/\/cdnoticias.com\/index.php\/wp-json\/wp\/v2\/media?parent=87348"}],"wp:term":[{"taxonomy":"category","embeddable":true,"href":"https:\/\/cdnoticias.com\/index.php\/wp-json\/wp\/v2\/categories?post=87348"},{"taxonomy":"post_tag","embeddable":true,"href":"https:\/\/cdnoticias.com\/index.php\/wp-json\/wp\/v2\/tags?post=87348"}],"curies":[{"name":"wp","href":"https:\/\/api.w.org\/{rel}","templated":true}]}}