{"id":8731,"date":"2020-12-11T14:36:48","date_gmt":"2020-12-11T17:36:48","guid":{"rendered":"http:\/\/www.centraldenoticias.com.ar\/?p=8731"},"modified":"2020-12-11T17:00:40","modified_gmt":"2020-12-11T20:00:40","slug":"debate-por-el-aborto-municipio-aclaro-su-color-verde","status":"publish","type":"post","link":"https:\/\/cdnoticias.com\/index.php\/2020\/12\/11\/debate-por-el-aborto-municipio-aclaro-su-color-verde\/","title":{"rendered":"Debate por el aborto: Municipio aclar\u00f3 su \u201ccolor verde\u201d"},"content":{"rendered":"<p>Se trat\u00f3 de una coincidencia por la \u201cambientaci\u00f3n navide\u00f1a\u201d del Paseo Jes\u00fas Mend\u00eda. Se\u00f1alaron que es un edificio que \u201crepresenta a todos los olavarrienses\u201d incluidas \u201csus posturas\u201d.<!--more--><\/p>\n<hr \/>\n<p>Tras observar <a href=\"https:\/\/cdnoticias.com\/index.php\/2020\/12\/10\/en-una-jornada-historica-la-plaza-se-tino-de-verde\/\" target=\"_blank\" rel=\"noopener\">las luces del Municipio de color verde en el marco del debate en el Congreso por la despenalizaci\u00f3n y legalizaci\u00f3n del aborto<\/a>, <strong>el Gobierno Municipal aclar\u00f3 que no tom\u00f3 postura por el tema, sino que coincidi\u00f3 con una \u201cambientaci\u00f3n\u201d.<\/strong><\/p>\n<p>&nbsp;<\/p>\n<blockquote><p>Indicaron que desde el 8 de diciembre \u201cla Municipalidad est\u00e1 iluminada de acuerdo a la ambientaci\u00f3n navide\u00f1a del Paseo Jes\u00fas Mendia\u201d.<\/p><\/blockquote>\n<p>&nbsp;<\/p>\n<p>Por ser<em> \u201cun edificio p\u00fablico que nos representa a todos los olavarrienses\u201d<\/em> se\u00f1alaron que se tiene como premisa fundamental<strong><em> \u201cel respeto de todas las posturas de la comunidad\u201d.<\/em><\/strong><\/p>\n<p>&nbsp;<\/p>\n<blockquote class=\"twitter-tweet\">\n<p dir=\"ltr\" lang=\"es\">Desde el pasado martes 8 de diciembre, la Municipalidad est\u00e1 iluminada de acuerdo a la ambientaci\u00f3n navide\u00f1a del Paseo Jes\u00fas Mendia.<br \/>\nEs un edificio p\u00fablico, nos representa a todos los olavarrienses, por lo que es fundamental el respeto de todas las posturas de la comunidad. <a href=\"https:\/\/t.co\/gFwZSA5M57\">pic.twitter.com\/gFwZSA5M57<\/a><\/p>\n<p>\u2014 Olavarria Municipio (@MuniOlav) <a href=\"https:\/\/twitter.com\/MuniOlav\/status\/1337441561718775808?ref_src=twsrc%5Etfw\">December 11, 2020<\/a><\/p><\/blockquote>\n<p><script async src=\"https:\/\/platform.twitter.com\/widgets.js\" charset=\"utf-8\"><\/script><\/p>\n<p>&nbsp;<\/p>\n<p>De esta forma, tras indicar que el Municipio hab\u00eda tomado postura en el tema por su color verde, <strong>solo fue una \u201ccoincidencia\u201d con los colores y la \u00e9poca navide\u00f1a. \u00a0\u00a0\u00a0\u00a0<\/strong><\/p>\n","protected":false},"excerpt":{"rendered":"<p>Se trat\u00f3 de una coincidencia por la \u201cambientaci\u00f3n navide\u00f1a\u201d del Paseo Jes\u00fas Mend\u00eda. Se\u00f1alaron que es un edificio que \u201crepresenta<\/p>\n","protected":false},"author":2,"featured_media":8736,"comment_status":"closed","ping_status":"closed","sticky":false,"template":"","format":"standard","meta":{"_jetpack_memberships_contains_paid_content":false,"footnotes":""},"categories":[5,1],"tags":[],"class_list":["post-8731","post","type-post","status-publish","format-standard","has-post-thumbnail","hentry","category-informacion-general","category-portada"],"jetpack_featured_media_url":"https:\/\/i0.wp.com\/cdnoticias.com\/wp-content\/uploads\/2020\/12\/WhatsApp-Image-2020-12-11-at-14.36.06.jpeg?fit=1221%2C849&ssl=1","jetpack_sharing_enabled":true,"_links":{"self":[{"href":"https:\/\/cdnoticias.com\/index.php\/wp-json\/wp\/v2\/posts\/8731","targetHints":{"allow":["GET"]}}],"collection":[{"href":"https:\/\/cdnoticias.com\/index.php\/wp-json\/wp\/v2\/posts"}],"about":[{"href":"https:\/\/cdnoticias.com\/index.php\/wp-json\/wp\/v2\/types\/post"}],"author":[{"embeddable":true,"href":"https:\/\/cdnoticias.com\/index.php\/wp-json\/wp\/v2\/users\/2"}],"replies":[{"embeddable":true,"href":"https:\/\/cdnoticias.com\/index.php\/wp-json\/wp\/v2\/comments?post=8731"}],"version-history":[{"count":0,"href":"https:\/\/cdnoticias.com\/index.php\/wp-json\/wp\/v2\/posts\/8731\/revisions"}],"wp:featuredmedia":[{"embeddable":true,"href":"https:\/\/cdnoticias.com\/index.php\/wp-json\/wp\/v2\/media\/8736"}],"wp:attachment":[{"href":"https:\/\/cdnoticias.com\/index.php\/wp-json\/wp\/v2\/media?parent=8731"}],"wp:term":[{"taxonomy":"category","embeddable":true,"href":"https:\/\/cdnoticias.com\/index.php\/wp-json\/wp\/v2\/categories?post=8731"},{"taxonomy":"post_tag","embeddable":true,"href":"https:\/\/cdnoticias.com\/index.php\/wp-json\/wp\/v2\/tags?post=8731"}],"curies":[{"name":"wp","href":"https:\/\/api.w.org\/{rel}","templated":true}]}}