{"id":87269,"date":"2023-06-08T14:19:57","date_gmt":"2023-06-08T17:19:57","guid":{"rendered":"https:\/\/www.centraldenoticias.com.ar\/?p=87269"},"modified":"2023-06-08T14:19:57","modified_gmt":"2023-06-08T17:19:57","slug":"aoma-llevo-la-actualidad-y-proyeccion-minera-al-congreso-productivo-bonaerense","status":"publish","type":"post","link":"https:\/\/cdnoticias.com\/index.php\/2023\/06\/08\/aoma-llevo-la-actualidad-y-proyeccion-minera-al-congreso-productivo-bonaerense\/","title":{"rendered":"AOMA llev\u00f3 la actualidad y proyecci\u00f3n minera al Congreso Productivo Bonaerense"},"content":{"rendered":"<p>\u201cTenemos que intentar hacer un pa\u00eds con un importante desarrollo de la industria\u201d dijo H\u00e9ctor Laplace en Mar del Plata. Estuvo en el panel \u201cLa miner\u00eda bonaerense como motor para el desarrollo provincial y nacional\u201d. El desarrollo de la miner\u00eda no metal\u00edfera y los proveedores suman 8.000 trabajadores. Habl\u00f3 de diversidad de g\u00e9nero, capacitaci\u00f3n, informalidad, \u201cfalsa competencia\u201d y crecimiento.<\/p>\n<p><!--more--><\/p>\n<hr \/>\n<p>El pasado martes,<strong> el secretario general de AOMA, H\u00e9ctor Laplace, particip\u00f3 del Congreso Productivo Bonaerense<\/strong>. <a href=\"https:\/\/cdnoticias.com\/index.php\/2023\/06\/07\/kicillof-un-gobierno-provincial-que-le-de-la-espalda-a-la-produccion-es-inviable\/\" target=\"_blank\" rel=\"noopener\">Tal como se dio a conocer, el mismo evento tuvo al d\u00eda siguiente al gobernador Axel Kicillof<\/a>.<\/p>\n<p>&nbsp;<\/p>\n<p>Estuvo en la mesa, titulada como <strong>\u201cLa miner\u00eda bonaerense como motor para el desarrollo provincial y nacional\u201d<\/strong>, cont\u00f3 con la presencia de empresarios, investigadores y funcionarios, y fue <em>moderada por el subsecretario de Miner\u00eda de la provincia de Buenos Aires, Federico Aguilera<\/em>.<\/p>\n<p>&nbsp;<\/p>\n<p>Al momento de tomar la palabra, Laplace comenz\u00f3 agradeciendo a \u201cnuestros compa\u00f1eros de las <strong>seccionales Olavarr\u00eda, Barker, Tandil y Buenos Aires<\/strong> que representan a los trabajadores de la Provincia y aqu\u00ed nos est\u00e1n acompa\u00f1ando\u201d.<\/p>\n<p>&nbsp;<\/p>\n<blockquote><p>\u201cLa actividad implica primero y fundamentalmente que en la mayor\u00eda de los casos hablamos de minerales de tercera categor\u00eda, la miner\u00eda en Buenos Aires se destaca por cales, piedra partida, cemento\u201d contextualiz\u00f3 sobre el trabajo minero que se realiza en territorio bonaerense, y agreg\u00f3: \u201cEste tipo de miner\u00eda no metal\u00edfera le da la posibilidad a las pymes al gran desarrollo de proveedores. Hoy en la Provincia los trabajadores en relaci\u00f3n de dependencia, m\u00e1s proveedores, m\u00e1s los terceros son un total de 8.000 trabajadores aproximadamente\u201d.<\/p><\/blockquote>\n<p>&nbsp;<\/p>\n<p><img data-recalc-dims=\"1\" loading=\"lazy\" decoding=\"async\" class=\"size-full wp-image-87271 aligncenter\" src=\"https:\/\/i0.wp.com\/cdnoticias.com\/wp-content\/uploads\/2023\/06\/AOMA-provincia-de-buenos-aires-01-aguilera-laplace.jpg?resize=800%2C445&#038;ssl=1\" alt=\"\" width=\"800\" height=\"445\" srcset=\"https:\/\/i0.wp.com\/cdnoticias.com\/wp-content\/uploads\/2023\/06\/AOMA-provincia-de-buenos-aires-01-aguilera-laplace.jpg?w=800&amp;ssl=1 800w, https:\/\/i0.wp.com\/cdnoticias.com\/wp-content\/uploads\/2023\/06\/AOMA-provincia-de-buenos-aires-01-aguilera-laplace.jpg?resize=300%2C167&amp;ssl=1 300w, https:\/\/i0.wp.com\/cdnoticias.com\/wp-content\/uploads\/2023\/06\/AOMA-provincia-de-buenos-aires-01-aguilera-laplace.jpg?resize=768%2C427&amp;ssl=1 768w\" sizes=\"auto, (max-width: 800px) 100vw, 800px\" \/><\/p>\n<p>&nbsp;<\/p>\n<p>Al recordar que el Congreso deb\u00eda realizarse en el a\u00f1o 2020, el Secretario General de la Asociaci\u00f3n Obrera Minera Argentina destac\u00f3: <strong>\u201cla calidad humana de la Provincia durante la pandemia<\/strong>, como as\u00ed tambi\u00e9n autoridades municipales y empresarias, porque ah\u00ed estuvimos de acuerdo muy f\u00e1cil para poder cumplir con el cuidado de nuestra gente, que es lo que pedimos como organizaci\u00f3n sindical\u201d.<\/p>\n<p>&nbsp;<\/p>\n<p><strong>\u201cPodemos decir con orgullo que no hemos tenido despidos en la pandemia.<\/strong> S\u00ed que quiz\u00e1 nuestros salarios no fueron de la mano con los vaivenes econ\u00f3micos a los que nos tiene acostumbrados la Argentina. Pero como organizaci\u00f3n sindical<strong> tenemos que priorizar que estemos todos, aunque estemos un poquito m\u00e1s pobres<\/strong>. Siempre lo dijimos, el tiempo ser\u00e1 qui\u00e9n dir\u00e1 si nos hemos equivocado o no\u201d agreg\u00f3 sobre la pandemia que sufri\u00f3 el mundo.<\/p>\n<p>&nbsp;<\/p>\n<p>Acto seguido, al hacer un raconto de los temas mencionados durante la mesa, se detuvo en hablar sobre la <strong>diversidad de g\u00e9nero<\/strong>, e hizo \u00e9nfasis en que \u201ca instancia de nuestra organizaci\u00f3n sindical fue que se modific\u00f3 el C\u00f3digo de Miner\u00eda y se permiti\u00f3 el trabajo de la mujer. <em>Hoy estamos orgullosos de poder mostrar que tenemos alrededor del 10% de compa\u00f1eras trabajadores, en diferentes rubros y lugares\u201d<\/em>.<\/p>\n<p>&nbsp;<\/p>\n<p>Volviendo al an\u00e1lisis del presente de la industria, indic\u00f3 que<strong> \u201ces absolutamente necesario que prestemos m\u00e1s atenci\u00f3n a las capacitaciones<\/strong>, porque hay muchos recursos que se destinan en capacitaciones, y siempre nos est\u00e1 faltando una pata para trasladarlo a las realidades. <em>En Olavarr\u00eda, por ejemplo, se hacen capacitaciones, pero despu\u00e9s cuando se presentan en una empresa lo primero que le piden es su experiencia laboral<\/em>, entonces dilapidamos esfuerzos, dinero y horas y horas de profesionales, para no poder insertar a quienes se capacitan en los lugares de trabajo, particularmente las mujeres\u201d.<\/p>\n<p>&nbsp;<\/p>\n<p>Acto seguido, la tem\u00e1tica vir\u00f3 hacia que <strong>\u201cla informalidad<\/strong> es un tema que tenemos que tratar de tomarlo m\u00e1s delicadamente\u201d. All\u00ed, Laplace hizo \u00e9nfasis en que \u201ccuando nos detenemos y vemos las cadenas de los contratistas, de los proveedores, de los contratistas de los contratistas, creo que hay una cadena que deber\u00edamos enfocarnos un poco m\u00e1s en el tema de la informalidad, porque <strong>termina siendo una falsa competencia<\/strong>. Cuando decimos tambi\u00e9n informalidad, tiene que ver tambi\u00e9n con la subfacturaci\u00f3n, con los repasos, que no se dan dentro de las canteras, cuando el cami\u00f3n o flete termina saliendo de la balanza, sino se da afuera. Esto lo sabemos todos\u201d.<\/p>\n<p>&nbsp;<\/p>\n<p>\u201cTenemos que ser cuidadosos porque eso tambi\u00e9n atenta contra la falsa competencia, y eso nos tiene que preocupar a todos los argentinos, porque nos terminan haciendo pelota nuestras rutas provinciales y nacionales. <strong>Hay infinidad de rutas que se han hecho nuevas y ahora est\u00e1n rotas, producto de los kilos<\/strong>. Porque si el cami\u00f3n tiene que llevar 35.000 kilos, no puede llevar m\u00e1s. Con esto tenemos que hacer algo\u201d agreg\u00f3.<\/p>\n<p>&nbsp;<\/p>\n<p><img data-recalc-dims=\"1\" loading=\"lazy\" decoding=\"async\" class=\"size-full wp-image-87272 aligncenter\" src=\"https:\/\/i0.wp.com\/cdnoticias.com\/wp-content\/uploads\/2023\/06\/AOMA-provincia-de-buenos-aires-02.jpg?resize=500%2C513&#038;ssl=1\" alt=\"\" width=\"500\" height=\"513\" srcset=\"https:\/\/i0.wp.com\/cdnoticias.com\/wp-content\/uploads\/2023\/06\/AOMA-provincia-de-buenos-aires-02.jpg?w=500&amp;ssl=1 500w, https:\/\/i0.wp.com\/cdnoticias.com\/wp-content\/uploads\/2023\/06\/AOMA-provincia-de-buenos-aires-02.jpg?resize=292%2C300&amp;ssl=1 292w\" sizes=\"auto, (max-width: 500px) 100vw, 500px\" \/><\/p>\n<p>&nbsp;<\/p>\n<p>Continuando con el tema, analiz\u00f3 que <strong>\u201cse est\u00e1 trayendo piedras de provincias que est\u00e1n m\u00e1s lejos que de Olavarr\u00eda a Buenos Aires.<\/strong> A veces vemos que viene piedra de Corrientes o de San Luis, pero eso no es lo m\u00e1s grave, lo grave es que vienen subsidiados, pues se lo transporta en el ferrocarril y eso tambi\u00e9n es una falsa competencia. Esto creo que la Provincia de Buenos Aires tambi\u00e9n est\u00e1 perdiendo, y me podr\u00e1n decir que beneficia a otras, pero en<strong> una competencia nos deber\u00eda beneficiar a todos y no a una parte solamente\u201d<\/strong>.<\/p>\n<p>&nbsp;<\/p>\n<blockquote><p>Tambi\u00e9n indic\u00f3: \u201cEs justo reconocer que en nuestra actividad ha habido un crecimiento, que nos permite hoy estar en niveles pre pandemia, y esperamos que sigamos creciendo. De igual manera, no me acostumbro a tirar todas flores, y hay veces que el tiempo nos da la chapa para decir lo que pensamos. Creo que hay cosas que hay que seguir mejorando en la Provincia de Buenos Aires, s\u00e9 que no es tarea sencilla, pero hay cuestiones que no nos permiten trabajar con las tranquilidades que necesitamos todos en el sector, no solo los trabajadores\u201d.<\/p><\/blockquote>\n<p>&nbsp;<\/p>\n<p>Siguiendo con la tem\u00e1tica de las mejoras que necesita la industria para crecer, se\u00f1al\u00f3 que \u201choy hay muchas empresas y procesos productivos que se est\u00e1n parando a partir de que<strong> es un verdadero problema las importaciones.<\/strong> A nadie escapa que dentro de la actividad minera podemos ser una fuente importante de recursos para el Estado, pero el tr\u00e1nsito que estamos recorriendo hasta que al pa\u00eds le vaya un poco mejor nos est\u00e1 trayendo much\u00edsimos dolores de cabeza\u201d.<\/p>\n<p>&nbsp;<\/p>\n<p>Llegando al final, H\u00e9ctor Laplace record\u00f3:<strong> \u201cEn los \u00faltimos 70\/80 a\u00f1os no hubo una pol\u00edtica de Estado para la industria, y hoy sufrimos esas consecuencias<\/strong>. Hoy tenemos empresas que est\u00e1n paradas porque no tenemos l\u00e1minas de papel para las placas de yeso, estamos desarmando m\u00e1quinas para poder armar otras, y esto va a ser atentatorio para el desarrollo y crecimiento que pretendemos\u201d. El dirigente minero reafirm\u00f3 que \u201cestoy absolutamente convencido, de igual manera, que tenemos que intentar por todos los medios de hacer un pa\u00eds con un importante desarrollo de la industria\u201d.<\/p>\n<p>&nbsp;<\/p>\n<p>Haciendo honor al tiempo otorgado, Laplace cerr\u00f3 su alocuci\u00f3n diciendo que <strong>\u201csomos trabajadores mineros, y queremos seguir siendo trabajadores mineros\u201d<\/strong>.<\/p>\n<p>&nbsp;<\/p>\n","protected":false},"excerpt":{"rendered":"<p>\u201cTenemos que intentar hacer un pa\u00eds con un importante desarrollo de la industria\u201d dijo H\u00e9ctor Laplace en Mar del Plata.<\/p>\n","protected":false},"author":4,"featured_media":87270,"comment_status":"closed","ping_status":"closed","sticky":false,"template":"","format":"standard","meta":{"_jetpack_memberships_contains_paid_content":false,"footnotes":""},"categories":[6,1],"tags":[],"class_list":["post-87269","post","type-post","status-publish","format-standard","has-post-thumbnail","hentry","category-nacionales","category-portada"],"jetpack_featured_media_url":"https:\/\/i0.wp.com\/cdnoticias.com\/wp-content\/uploads\/2023\/06\/AOMA-provincia-de-buenos-aires-00.jpg?fit=1599%2C890&ssl=1","jetpack_sharing_enabled":true,"_links":{"self":[{"href":"https:\/\/cdnoticias.com\/index.php\/wp-json\/wp\/v2\/posts\/87269","targetHints":{"allow":["GET"]}}],"collection":[{"href":"https:\/\/cdnoticias.com\/index.php\/wp-json\/wp\/v2\/posts"}],"about":[{"href":"https:\/\/cdnoticias.com\/index.php\/wp-json\/wp\/v2\/types\/post"}],"author":[{"embeddable":true,"href":"https:\/\/cdnoticias.com\/index.php\/wp-json\/wp\/v2\/users\/4"}],"replies":[{"embeddable":true,"href":"https:\/\/cdnoticias.com\/index.php\/wp-json\/wp\/v2\/comments?post=87269"}],"version-history":[{"count":0,"href":"https:\/\/cdnoticias.com\/index.php\/wp-json\/wp\/v2\/posts\/87269\/revisions"}],"wp:featuredmedia":[{"embeddable":true,"href":"https:\/\/cdnoticias.com\/index.php\/wp-json\/wp\/v2\/media\/87270"}],"wp:attachment":[{"href":"https:\/\/cdnoticias.com\/index.php\/wp-json\/wp\/v2\/media?parent=87269"}],"wp:term":[{"taxonomy":"category","embeddable":true,"href":"https:\/\/cdnoticias.com\/index.php\/wp-json\/wp\/v2\/categories?post=87269"},{"taxonomy":"post_tag","embeddable":true,"href":"https:\/\/cdnoticias.com\/index.php\/wp-json\/wp\/v2\/tags?post=87269"}],"curies":[{"name":"wp","href":"https:\/\/api.w.org\/{rel}","templated":true}]}}