{"id":8726,"date":"2020-12-11T13:47:51","date_gmt":"2020-12-11T16:47:51","guid":{"rendered":"http:\/\/www.centraldenoticias.com.ar\/?p=8726"},"modified":"2020-12-11T13:47:51","modified_gmt":"2020-12-11T16:47:51","slug":"se-oficializo-la-licencia-de-12-dias-a-trabajadores-de-la-salud-bonaerense","status":"publish","type":"post","link":"https:\/\/cdnoticias.com\/index.php\/2020\/12\/11\/se-oficializo-la-licencia-de-12-dias-a-trabajadores-de-la-salud-bonaerense\/","title":{"rendered":"Se oficializ\u00f3 la licencia de 12 d\u00edas a trabajadores de la salud bonaerense"},"content":{"rendered":"<p>La licencia se dispuso en el marco de la pandemia. Consiste en la dispensa de prestar labores presenciales o remotos por el termino m\u00e1ximo de 12 d\u00edas corridos. Podr\u00e1 fraccionarse hasta en dos per\u00edodos.<!--more--><\/p>\n<hr \/>\n<p>El Gobierno de la provincia de Buenos Aires oficializ\u00f3 la decisi\u00f3n de otorgar una <strong>licencia excepcional de 12 d\u00edas a los trabajadores de la salud<\/strong>, en el marco de la lucha contra el coronavirus.<\/p>\n<p>A trav\u00e9s de la <strong>Resoluci\u00f3n 155 publicada en el Bolet\u00edn Oficial del distrito<\/strong>, el Poder Ejecutivo bonaerense determin\u00f3 la posibilidad de otorgar al personal del Ministerio de Salud, cualquiera sea el r\u00e9gimen estatutario al que pertenezca, as\u00ed como a residentes y becarios que se encuentren alcanzados por la suspensi\u00f3n temporal de las licencias un <strong>\u201cDescanso Excepcional Covid-19\u201d<\/strong>.<\/p>\n<p>Esa licencia &#8220;consistente en la dispensa de prestar labores presenciales o remotos por el termino m\u00e1ximo de 12 d\u00edas corridos, el cual <strong>podr\u00e1 fraccionarse hasta en dos per\u00edodos<\/strong>, <strong>sin afectar la percepci\u00f3n de las remuneraciones<\/strong> normales, ni los adicionales que por ley o convenio le correspondiere percibir&#8221;.<\/p>\n<p>De igual modo, la licencia se autorizar\u00e1 para quienes ejerzan las funciones directivas en las distintas dependencias del Ministerio de Salud de la provincia de Buenos Aires.<\/p>\n<p>&#8220;Quienes ejerzan las funciones directivas en las dependencias del Ministerio de Salud podr\u00e1n disponer el otorgamiento del descanso excepcional en tanto se encuentre garantizada la capacidad de asistencia sanitaria del sistema de salud, sin afectar el normal desarrollo del cumplimiento de las funciones encomendadas a tales fines, en la lucha contra de la pandemia&#8221;, se a\u00f1adi\u00f3.<\/p>\n<blockquote><p>El descanso podr\u00e1 ser interrumpido de manera inmediata por razones de servicio en cualquier estadio, por la autoridad que haya dispuesto su otorgamiento, pudi\u00e9ndose hacer uso del remanente de d\u00edas, una vez finalizada la causal de interrupci\u00f3n del descanso.<\/p><\/blockquote>\n<p>En los fundamentos de la resoluci\u00f3n -que lleva las firmas del jefe de Gabinete bonaerense, Carlos Bianco, y del ministro de Salud provincial, Daniel Gollan- se remarc\u00f3 la necesidad de &#8220;<strong>proteger la salud f\u00edsica y mental de los trabajadores y las trabajadoras del Ministerio de Salud<\/strong>, quienes constituyen uno de los sectores m\u00e1s cr\u00edticos y exigidos frente a la situaci\u00f3n epidemiol\u00f3gica que enfrenta la Provincia&#8221;.<\/p>\n<p>Por ello, se explic\u00f3, se implement\u00f3 &#8220;un mecanismo que permita a los mismos, la posibilidad de hacer uso de un descanso excepcional, que los dispensar\u00e1 de prestar labores, tanto presenciales como de car\u00e1cter remoto, y cuyo otorgamiento quedar\u00e1 supeditado a la autorizaci\u00f3n emanada de quienes ejerzan funciones directivas&#8221;.<\/p>\n<p><em>Fuente: Telam<\/em><\/p>\n","protected":false},"excerpt":{"rendered":"<p>La licencia se dispuso en el marco de la pandemia. Consiste en la dispensa de prestar labores presenciales o remotos<\/p>\n","protected":false},"author":4,"featured_media":8727,"comment_status":"closed","ping_status":"closed","sticky":false,"template":"","format":"standard","meta":{"_jetpack_memberships_contains_paid_content":false,"footnotes":""},"categories":[6],"tags":[],"class_list":["post-8726","post","type-post","status-publish","format-standard","has-post-thumbnail","hentry","category-nacionales"],"jetpack_featured_media_url":"https:\/\/i0.wp.com\/cdnoticias.com\/wp-content\/uploads\/2020\/12\/medicas-telam-covid.jpg?fit=1004%2C565&ssl=1","jetpack_sharing_enabled":true,"_links":{"self":[{"href":"https:\/\/cdnoticias.com\/index.php\/wp-json\/wp\/v2\/posts\/8726","targetHints":{"allow":["GET"]}}],"collection":[{"href":"https:\/\/cdnoticias.com\/index.php\/wp-json\/wp\/v2\/posts"}],"about":[{"href":"https:\/\/cdnoticias.com\/index.php\/wp-json\/wp\/v2\/types\/post"}],"author":[{"embeddable":true,"href":"https:\/\/cdnoticias.com\/index.php\/wp-json\/wp\/v2\/users\/4"}],"replies":[{"embeddable":true,"href":"https:\/\/cdnoticias.com\/index.php\/wp-json\/wp\/v2\/comments?post=8726"}],"version-history":[{"count":0,"href":"https:\/\/cdnoticias.com\/index.php\/wp-json\/wp\/v2\/posts\/8726\/revisions"}],"wp:featuredmedia":[{"embeddable":true,"href":"https:\/\/cdnoticias.com\/index.php\/wp-json\/wp\/v2\/media\/8727"}],"wp:attachment":[{"href":"https:\/\/cdnoticias.com\/index.php\/wp-json\/wp\/v2\/media?parent=8726"}],"wp:term":[{"taxonomy":"category","embeddable":true,"href":"https:\/\/cdnoticias.com\/index.php\/wp-json\/wp\/v2\/categories?post=8726"},{"taxonomy":"post_tag","embeddable":true,"href":"https:\/\/cdnoticias.com\/index.php\/wp-json\/wp\/v2\/tags?post=8726"}],"curies":[{"name":"wp","href":"https:\/\/api.w.org\/{rel}","templated":true}]}}