{"id":87259,"date":"2023-06-09T10:10:41","date_gmt":"2023-06-09T13:10:41","guid":{"rendered":"https:\/\/www.centraldenoticias.com.ar\/?p=87259"},"modified":"2023-06-09T10:10:41","modified_gmt":"2023-06-09T13:10:41","slug":"repudio-del-frente-de-todos-al-cierre-del-hcd-de-25-de-mayo-dictado-por-la-justicia","status":"publish","type":"post","link":"https:\/\/cdnoticias.com\/index.php\/2023\/06\/09\/repudio-del-frente-de-todos-al-cierre-del-hcd-de-25-de-mayo-dictado-por-la-justicia\/","title":{"rendered":"Repudio del Frente de Todos al cierre del HCD de 25 de Mayo dictado por la Justicia"},"content":{"rendered":"<p>Los concejales Frente de Todos S\u00e9ptima secci\u00f3n definieron se trata de un \u201cavasallamiento de la Justicia que vulnera el derecho representativo\u201d de los vecinos de aquel distrito.<\/p>\n<p><!--more--><\/p>\n<hr \/>\n<p>Los<strong> concejales y concejalas del Frente de Todos de la S\u00e9ptima secci\u00f3n<\/strong> hicieron saber su<strong> rechazo<\/strong> a una <strong>decisi\u00f3n judicial<\/strong> que afecta al funcionamiento del legislativo en el distrito de <strong>25 de Mayo<\/strong>.<\/p>\n<p>&nbsp;<\/p>\n<blockquote><p>\u201cManifestamos nuestro repudio ante la orden del Juzgado Civil y Comercial N\u00b0 7 del Departamento Judicial de Mercedes de cerrar el Concejo Deliberante de la ciudad de 25 de Mayo y dictar una medida cautelar para prohibir las sesiones legislativas a ra\u00edz de una presentaci\u00f3n de los ediles de Juntos por el Cambio\u201d sostuvieron.<\/p><\/blockquote>\n<p>&nbsp;<\/p>\n<p>Los dirigentes seccionales consideraron que \u201cde esta manera, <strong>vemos un nuevo avasallamiento de la Justicia que atenta contra la divisi\u00f3n de poderes<\/strong> y una clara extralimitaci\u00f3n de facultades que interviene sobre un poder leg\u00edtimamente constituido como lo es un Concejo Deliberante\u201d.<\/p>\n<p>&nbsp;<\/p>\n<p><iframe loading=\"lazy\" style=\"border: none; overflow: hidden;\" src=\"https:\/\/www.facebook.com\/plugins\/post.php?href=https%3A%2F%2Fwww.facebook.com%2FFrenteDeTodosOlavarria%2Fposts%2Fpfbid02mbUekBEipRk2Hf5G9YSiSU5PzcoXC8MsicnA3HVRvSykzn5WJ3zbvA2RLv283J86l&amp;show_text=true&amp;width=500\" width=\"500\" height=\"591\" frameborder=\"0\" scrolling=\"no\" allowfullscreen=\"allowfullscreen\"><\/iframe><\/p>\n<p>&nbsp;<\/p>\n<p>Interpretaron que est\u00e1n ante<strong> \u201cuna gravedad institucional in\u00e9dita y una intromisi\u00f3n judicial<\/strong> solicitada por los concejales de Juntos por el Cambio que <strong>atenta contra la representatividad<\/strong> y afecta a los vecinos y vecinas de 25 de Mayo\u201d.<\/p>\n<p>&nbsp;<\/p>\n<blockquote><p>\u201cExpresamos nuestra profunda preocupaci\u00f3n frente a esta situaci\u00f3n y como concejales nos solidarizamos ante este avasallamiento de la Justicia que vulnera el derecho representativo a los vecinos y vecinas del Partido de 25 de Mayo. Esta medida judicial refleja claramente la intenci\u00f3n de limitar a un Poder Ejecutivo a trav\u00e9s de la suspensi\u00f3n de otro poder leg\u00edtimamente constituido como lo es el Concejo Deliberante\u201d se defini\u00f3 en el cierre del comunicado.<\/p><\/blockquote>\n<p>&nbsp;<\/p>\n<p>Este conflicto parti\u00f3 de una denuncia que presentaron los concejales de Juntos por el Cambio de aquel distrito contra el intendente Hern\u00e1n Ralinqueo (Frente de Todos). Llevaron a la justicia su pedido de <strong>acceder al sistema digital de registro de ingresos y gastos del municipio, RAFAM<\/strong>, en el marco del tratamiento de la <strong>Rendici\u00f3n de Cuentas 2022.<\/strong><\/p>\n<p>&nbsp;<\/p>\n<p>En ese contexto fue que el fuero civil decidi\u00f3 el cierre del Concejo \u201cpor 15 d\u00edas\u201d para que en ese plazo, el Ejecutivo habilite a los ediles opositores a ingresar a los registros para chequear la informaci\u00f3n y sesionar.<\/p>\n<p>&nbsp;<\/p>\n","protected":false},"excerpt":{"rendered":"<p>Los concejales Frente de Todos S\u00e9ptima secci\u00f3n definieron se trata de un \u201cavasallamiento de la Justicia que vulnera el derecho<\/p>\n","protected":false},"author":4,"featured_media":87260,"comment_status":"closed","ping_status":"closed","sticky":false,"template":"","format":"standard","meta":{"_jetpack_memberships_contains_paid_content":false,"footnotes":""},"categories":[4,1],"tags":[],"class_list":["post-87259","post","type-post","status-publish","format-standard","has-post-thumbnail","hentry","category-politica","category-portada"],"jetpack_featured_media_url":"https:\/\/i0.wp.com\/cdnoticias.com\/wp-content\/uploads\/2023\/06\/concejo-deliberante-25-de-mayo.jpg?fit=800%2C444&ssl=1","jetpack_sharing_enabled":true,"_links":{"self":[{"href":"https:\/\/cdnoticias.com\/index.php\/wp-json\/wp\/v2\/posts\/87259","targetHints":{"allow":["GET"]}}],"collection":[{"href":"https:\/\/cdnoticias.com\/index.php\/wp-json\/wp\/v2\/posts"}],"about":[{"href":"https:\/\/cdnoticias.com\/index.php\/wp-json\/wp\/v2\/types\/post"}],"author":[{"embeddable":true,"href":"https:\/\/cdnoticias.com\/index.php\/wp-json\/wp\/v2\/users\/4"}],"replies":[{"embeddable":true,"href":"https:\/\/cdnoticias.com\/index.php\/wp-json\/wp\/v2\/comments?post=87259"}],"version-history":[{"count":0,"href":"https:\/\/cdnoticias.com\/index.php\/wp-json\/wp\/v2\/posts\/87259\/revisions"}],"wp:featuredmedia":[{"embeddable":true,"href":"https:\/\/cdnoticias.com\/index.php\/wp-json\/wp\/v2\/media\/87260"}],"wp:attachment":[{"href":"https:\/\/cdnoticias.com\/index.php\/wp-json\/wp\/v2\/media?parent=87259"}],"wp:term":[{"taxonomy":"category","embeddable":true,"href":"https:\/\/cdnoticias.com\/index.php\/wp-json\/wp\/v2\/categories?post=87259"},{"taxonomy":"post_tag","embeddable":true,"href":"https:\/\/cdnoticias.com\/index.php\/wp-json\/wp\/v2\/tags?post=87259"}],"curies":[{"name":"wp","href":"https:\/\/api.w.org\/{rel}","templated":true}]}}