{"id":87256,"date":"2023-06-08T11:55:38","date_gmt":"2023-06-08T14:55:38","guid":{"rendered":"https:\/\/www.centraldenoticias.com.ar\/?p=87256"},"modified":"2023-06-08T17:33:55","modified_gmt":"2023-06-08T20:33:55","slug":"este-viernes-se-reinaugurara-oficialmente-fanazul","status":"publish","type":"post","link":"https:\/\/cdnoticias.com\/index.php\/2023\/06\/08\/este-viernes-se-reinaugurara-oficialmente-fanazul\/","title":{"rendered":"Este viernes se reinaugurar\u00e1 oficialmente Fanazul"},"content":{"rendered":"<p>Tras la suspensi\u00f3n por malas condiciones clim\u00e1ticas finalmente el presidente Alberto Fern\u00e1ndez encabezar\u00e1 el acto de reapertura de la F\u00e1brica Militar de P\u00f3lvoras y Explosivos de Azul. <!--more--><\/p>\n<hr \/>\n<p>El presidente Alberto Fern\u00e1ndez -junto al ministro de Defensa, Jorge Taiana, y al titular de Fabricaciones Militares, Iv\u00e1n Durig\u00f3n- encabezar\u00e1 este viernes el acto de reapertura de la F\u00e1brica Militar de P\u00f3lvoras y Explosivos Fanazul.<\/p>\n<p>&nbsp;<\/p>\n<p>La <strong>ceremonia de inauguraci\u00f3n comenzar\u00e1 a la hora 11:00 en la sede de la planta<\/strong>, ubicada en el kil\u00f3metro 9 de la Ruta Provincial 80. Cabe se\u00f1alar que el acto iba a realizarse el martes 23 de mayo, pero por cuestiones clim\u00e1ticas se defini\u00f3 la suspensi\u00f3n.<\/p>\n<p>&nbsp;<\/p>\n<p>La empresa fue cerrada en diciembre de 2017 por decisi\u00f3n del Poder Ejecutivo Nacional bajo la presidencia de Mauricio Macri. En ese momento, m\u00e1s de 200 empleados quedaron sin trabajo, algunos de ellos de Olavarr\u00eda. <strong>En esta reapertura que se produjo el 16 de mayo, la planta ocupa a 120 trabajadores.<\/strong><\/p>\n<p>&nbsp;<\/p>\n<p><strong>El comienzo<\/strong><\/p>\n<p>&nbsp;<\/p>\n<p>Las primeras tareas la semana pasada fueron de ajuste en el funcionamiento de la planta y verificaci\u00f3n de la maquinaria con el inicio de la producci\u00f3n de nitroglicerina para continuar con la fabricaci\u00f3n de explosivos.<\/p>\n<p>&nbsp;<\/p>\n<p>Se destac\u00f3 que<strong> Fanazul ya tiene un contrato de exportaci\u00f3n.<\/strong> Es para provisi\u00f3n por cinco a\u00f1os para la empresa Orica Mining Services Per\u00fa S.A., filial en Sudam\u00e9rica de la empresa l\u00edder mundial en la fabricaci\u00f3n de explosivos industriales y sistemas de iniciaci\u00f3n.<\/p>\n<p>&nbsp;<\/p>\n<p>Otra rama de producci\u00f3n en la empresa azule\u00f1a ser\u00e1 la<strong> destrucci\u00f3n de chalecos de antibalas pertenecientes a las fuerzas de seguridad tras su fecha de vencimiento.<\/strong> En este caso, se requiere a\u00fan la aprobaci\u00f3n y firma de la ANMAC (Agencia Nacional de Materiales Controlados), dependiente del Ministerio de Justicia y Derechos Humanos de la Naci\u00f3n.<\/p>\n<p>&nbsp;<\/p>\n<p><img data-recalc-dims=\"1\" loading=\"lazy\" decoding=\"async\" class=\"aligncenter size-full wp-image-85844\" src=\"https:\/\/i0.wp.com\/cdnoticias.com\/wp-content\/uploads\/2023\/05\/fanazul-1.jpeg?resize=800%2C450&#038;ssl=1\" alt=\"\" width=\"800\" height=\"450\" srcset=\"https:\/\/i0.wp.com\/cdnoticias.com\/wp-content\/uploads\/2023\/05\/fanazul-1.jpeg?w=948&amp;ssl=1 948w, https:\/\/i0.wp.com\/cdnoticias.com\/wp-content\/uploads\/2023\/05\/fanazul-1.jpeg?resize=300%2C169&amp;ssl=1 300w, https:\/\/i0.wp.com\/cdnoticias.com\/wp-content\/uploads\/2023\/05\/fanazul-1.jpeg?resize=768%2C432&amp;ssl=1 768w\" sizes=\"auto, (max-width: 800px) 100vw, 800px\" \/><\/p>\n<p>&nbsp;<\/p>\n<p><strong>La importancia de la planta<\/strong><\/p>\n<p>&nbsp;<\/p>\n<p>\u201cLa reapertura de Fanazul es m\u00e1s que importante. No solamente es una cuesti\u00f3n econ\u00f3mica para la regi\u00f3n, sino que tiene un papel que desempe\u00f1ar en cuanto a la defensa nacional. Por eso es tan grande nuestra alegr\u00eda\u201d, afirm\u00f3 el <strong>dirigente gremial Orestes Galeano<\/strong> en di\u00e1logo con Diario El Tiempo.<\/p>\n<p>&nbsp;<\/p>\n<p>Integrante del secretariado nacional de la Asociaci\u00f3n Trabajadores del Estado (ATE) y director de INSSTATE (Instituto de Salud y Seguridad de las y los Trabajadores), Galeano es, adem\u00e1s, el representante de ATE en el directorio de Fabricaciones Militares Sociedad del Estado; desempe\u00f1\u00f3 un rol activo durante el proceso de lucha de los trabajadores de Fanazul por la reapertura de la f\u00e1brica.<\/p>\n<p>&nbsp;<\/p>\n<blockquote><p>\u201cQue Fanazul vuelva a reabrirse para nosotros es un papel central, porque en tiempos de paz la industria para la defensa tiene que estar abocada a apoyar otras actividades industriales, desde la industria pesada, desde la promoci\u00f3n del Estado. En este caso en particular, vinculado obviamente con la fabricaci\u00f3n de explosivos, a la miner\u00eda y ese tipo de actividades\u201d dijo.<\/p><\/blockquote>\n<p>&nbsp;<\/p>\n<p>En tanto, el <strong>secretario general de ATE Azul, Eduardo Bercovich<\/strong>, destac\u00f3 que \u201cla mayor\u00eda de los insumos se sigue comprando en la regi\u00f3n, tanto en Tandil, Olavarr\u00eda como en Azul, lo cual demuestra que esta f\u00e1brica no s\u00f3lo es nacional, sino que tambi\u00e9n es fundamental para el comercio local\u201d.<\/p>\n<p>&nbsp;<\/p>\n<p><em>\u00a0Fuente: con informaci\u00f3n y fotos de Diario El Tiempo<\/em><\/p>\n","protected":false},"excerpt":{"rendered":"<p>Tras la suspensi\u00f3n por malas condiciones clim\u00e1ticas finalmente el presidente Alberto Fern\u00e1ndez encabezar\u00e1 el acto de reapertura de la F\u00e1brica<\/p>\n","protected":false},"author":5,"featured_media":85854,"comment_status":"closed","ping_status":"closed","sticky":false,"template":"","format":"standard","meta":{"_jetpack_memberships_contains_paid_content":false,"footnotes":""},"categories":[6,1],"tags":[],"class_list":["post-87256","post","type-post","status-publish","format-standard","has-post-thumbnail","hentry","category-nacionales","category-portada"],"jetpack_featured_media_url":"https:\/\/i0.wp.com\/cdnoticias.com\/wp-content\/uploads\/2023\/05\/fanazul.jpeg?fit=719%2C393&ssl=1","jetpack_sharing_enabled":true,"_links":{"self":[{"href":"https:\/\/cdnoticias.com\/index.php\/wp-json\/wp\/v2\/posts\/87256","targetHints":{"allow":["GET"]}}],"collection":[{"href":"https:\/\/cdnoticias.com\/index.php\/wp-json\/wp\/v2\/posts"}],"about":[{"href":"https:\/\/cdnoticias.com\/index.php\/wp-json\/wp\/v2\/types\/post"}],"author":[{"embeddable":true,"href":"https:\/\/cdnoticias.com\/index.php\/wp-json\/wp\/v2\/users\/5"}],"replies":[{"embeddable":true,"href":"https:\/\/cdnoticias.com\/index.php\/wp-json\/wp\/v2\/comments?post=87256"}],"version-history":[{"count":0,"href":"https:\/\/cdnoticias.com\/index.php\/wp-json\/wp\/v2\/posts\/87256\/revisions"}],"wp:featuredmedia":[{"embeddable":true,"href":"https:\/\/cdnoticias.com\/index.php\/wp-json\/wp\/v2\/media\/85854"}],"wp:attachment":[{"href":"https:\/\/cdnoticias.com\/index.php\/wp-json\/wp\/v2\/media?parent=87256"}],"wp:term":[{"taxonomy":"category","embeddable":true,"href":"https:\/\/cdnoticias.com\/index.php\/wp-json\/wp\/v2\/categories?post=87256"},{"taxonomy":"post_tag","embeddable":true,"href":"https:\/\/cdnoticias.com\/index.php\/wp-json\/wp\/v2\/tags?post=87256"}],"curies":[{"name":"wp","href":"https:\/\/api.w.org\/{rel}","templated":true}]}}