{"id":87243,"date":"2023-06-08T11:17:42","date_gmt":"2023-06-08T14:17:42","guid":{"rendered":"https:\/\/www.centraldenoticias.com.ar\/?p=87243"},"modified":"2023-06-08T11:19:51","modified_gmt":"2023-06-08T14:19:51","slug":"mega-causa-zona-centro-casos-de-loma-negra-y-calera-avellaneda-se-suman-al-juicio","status":"publish","type":"post","link":"https:\/\/cdnoticias.com\/index.php\/2023\/06\/08\/mega-causa-zona-centro-casos-de-loma-negra-y-calera-avellaneda-se-suman-al-juicio\/","title":{"rendered":"Mega causa zona centro: casos de Loma Negra y Calera Avellaneda se suman al juicio"},"content":{"rendered":"<p>Este viernes habr\u00e1 una nueva audiencia. Se investigan cr\u00edmenes cometidos durante la \u00faltima dictadura en nuestra regi\u00f3n. Hay siete represores acusados. Las v\u00edctimas son trabajadores y delegados de empresas cementeras de Olavarr\u00eda.<\/p>\n<p><!--more--><\/p>\n<hr \/>\n<p><em>Por Soledad Restivo\/ Agencia Comunica-Medios UNICEN<\/em><\/p>\n<p>&nbsp;<\/p>\n<p>En el marco del <strong>juicio por delitos de lesa humanidad <\/strong>que se llevan adelante en el Juzgado Federal de Mar del Plata han sido incorporados <strong>cinco tramos adicionales de casos judiciales<\/strong> que investigan estos cr\u00edmenes cometidos durante la \u00faltima dictadura en la zona centro de la provincia de Buenos Aires.<\/p>\n<p>&nbsp;<\/p>\n<p>Estos nuevos casos <strong>involucran a siete represores y tienen como v\u00edctimas a trabajadores y delegados de las empresas cementeras Loma Negra y Avellaneda<\/strong>. Se incorporan a un tramo denominado \u201cHuerta 2\u201d.<\/p>\n<p>&nbsp;<\/p>\n<blockquote><p>Los siete represores acusados en relaci\u00f3n con estos nuevos hechos son Eduardo Bernadou, quien ocupaba el cargo de jefe de personal e inteligencia del Batall\u00f3n Log\u00edstico I de Tandil, Julio C\u00e9sar Tula, Roberto Jorge Casares, Edgardo Mariano Viviani, Osvaldo Guarnaccia, Jos\u00e9 Luis \u00c1lvarez y Am\u00e9rico Fern\u00e1ndez Ferrer.<\/p><\/blockquote>\n<p>&nbsp;<\/p>\n<p>En la audiencia 32 del pasado 19 de mayo,<strong> la fiscal Dra. Eugenia Montero dio lectura al pedido por el cual el Ministerio solicit\u00f3 elevar estas causas al juicio<\/strong> y luego <strong>comenz\u00f3 la ronda de declaraciones de los acusados. Solo Bernadou hizo uso de este derecho<\/strong>. Durante la audiencia n\u00famero 33 del mi\u00e9rcoles 31 de mayo, continu\u00f3 esta ronda para los acusados, y la mayor\u00eda opt\u00f3 por no decir nada.<\/p>\n<p>&nbsp;<\/p>\n<p>Dos de los nuevos tramos del juicio se refieren a<strong> delitos cometidos contra seis trabajadores de la empresa Loma Negra y el abogado laboralista Carlos Alberto Moreno<\/strong>. Moreno fue secuestrado y mantenido en cautiverio en una quinta de Tandil utilizada como centro clandestino de detenci\u00f3n, donde fue posteriormente ejecutado. Por este caso, tres militares y dos civiles, los hermanos Emilio y Julio M\u00e9ndez, fueron condenados en 2012.<\/p>\n<p>&nbsp;<\/p>\n<p>El<strong> 15 de julio de 1976<\/strong>, la empresa<strong> Loma Negra<\/strong> present\u00f3 una denuncia ante el interventor del Ministerio de Trabajo en Olavarr\u00eda, el capit\u00e1n Jos\u00e9 Luis \u00c1lvarez, <strong>acusando a seis trabajadores de haber interrumpido la producci\u00f3n<\/strong>. El interventor elev\u00f3 el caso al jefe del \u00c1rea 124, Ignacio Verdura, y cinco d\u00edas despu\u00e9s, el comisario Alberto Balquinta orden\u00f3 las <strong>detenciones<\/strong>. Los seis trabajadores fueron arrestados y, despu\u00e9s de pasar por las comisar\u00edas de Loma Negra y Olavarr\u00eda, fueron trasladados a la Unidad 7 de Azul.<\/p>\n<p>&nbsp;<\/p>\n<p>Otro de los tramos incorporados al juicio se relaciona con <strong>ocho trabajadores de la f\u00e1brica calera Avellaneda<\/strong>, quienes fueron<strong> detenidos, golpeados y torturados<\/strong> despu\u00e9s de que se presentara una denuncia el <strong>6 de enero de 1977<\/strong> por un supuesto sabotaje por parte de los obreros contra la planta. Este incidente tuvo lugar en medio de un conflicto laboral relacionado con reclamos de horas extras y aumentos salariales.<\/p>\n<p>&nbsp;<\/p>\n<p>La <strong>Mega Causa de la Sub Zona 12 <\/strong>lleva 15 meses de desarrollo y 33 audiencias. <strong>Este viernes 9 de junio a las 12 horas se realizar\u00e1 la 34\u00b0 jornada del juicio<\/strong>.\u00a0 La jornada ser\u00e1 retransmitida en el Aula Maga de la UNCPBA, Pinto 399, Tandil. Paralelamente ocurrir\u00e1 lo mismo en la ciudad de Azul, en el Centro de Investigaci\u00f3n y Posgrado de la Facultad de Derecho de la UNICEN (Bol\u00edvar 481), con un cupo limitado a 30 lugares. Quienes deseen asistir deber\u00e1n <a href=\"https:\/\/docs.google.com\/forms\/d\/e\/1FAIpQLSdD7czSt-PqwqcpR1x4OaAblIe_LsLfLr8RhMZrov2e-oKxNg\/viewform\" target=\"_blank\" rel=\"noopener\">completar este formulario<\/a>.<\/p>\n<p>&nbsp;<\/p>\n<p>Se hizo hincapi\u00e9 en que<strong> el d\u00eda de la audiencia se controlar\u00e1 en el ingreso el DNI de asistentes<\/strong>. Quienes integren el listado de ofrecimiento de prueba de la Fiscal\u00eda Federal de V\u00edctimas y Testigos, y que no hayan prestado su testimonio a\u00fan, no podr\u00e1n ingresar conforme a la normativa vigente.<\/p>\n<p>&nbsp;<\/p>\n","protected":false},"excerpt":{"rendered":"<p>Este viernes habr\u00e1 una nueva audiencia. Se investigan cr\u00edmenes cometidos durante la \u00faltima dictadura en nuestra regi\u00f3n. Hay siete represores<\/p>\n","protected":false},"author":4,"featured_media":56740,"comment_status":"closed","ping_status":"closed","sticky":false,"template":"","format":"standard","meta":{"_jetpack_memberships_contains_paid_content":false,"footnotes":""},"categories":[6,1],"tags":[],"class_list":["post-87243","post","type-post","status-publish","format-standard","has-post-thumbnail","hentry","category-nacionales","category-portada"],"jetpack_featured_media_url":"https:\/\/i0.wp.com\/cdnoticias.com\/wp-content\/uploads\/2022\/06\/juicio-la-huerta.jpg?fit=800%2C445&ssl=1","jetpack_sharing_enabled":true,"_links":{"self":[{"href":"https:\/\/cdnoticias.com\/index.php\/wp-json\/wp\/v2\/posts\/87243","targetHints":{"allow":["GET"]}}],"collection":[{"href":"https:\/\/cdnoticias.com\/index.php\/wp-json\/wp\/v2\/posts"}],"about":[{"href":"https:\/\/cdnoticias.com\/index.php\/wp-json\/wp\/v2\/types\/post"}],"author":[{"embeddable":true,"href":"https:\/\/cdnoticias.com\/index.php\/wp-json\/wp\/v2\/users\/4"}],"replies":[{"embeddable":true,"href":"https:\/\/cdnoticias.com\/index.php\/wp-json\/wp\/v2\/comments?post=87243"}],"version-history":[{"count":0,"href":"https:\/\/cdnoticias.com\/index.php\/wp-json\/wp\/v2\/posts\/87243\/revisions"}],"wp:featuredmedia":[{"embeddable":true,"href":"https:\/\/cdnoticias.com\/index.php\/wp-json\/wp\/v2\/media\/56740"}],"wp:attachment":[{"href":"https:\/\/cdnoticias.com\/index.php\/wp-json\/wp\/v2\/media?parent=87243"}],"wp:term":[{"taxonomy":"category","embeddable":true,"href":"https:\/\/cdnoticias.com\/index.php\/wp-json\/wp\/v2\/categories?post=87243"},{"taxonomy":"post_tag","embeddable":true,"href":"https:\/\/cdnoticias.com\/index.php\/wp-json\/wp\/v2\/tags?post=87243"}],"curies":[{"name":"wp","href":"https:\/\/api.w.org\/{rel}","templated":true}]}}