{"id":87237,"date":"2023-06-08T10:11:19","date_gmt":"2023-06-08T13:11:19","guid":{"rendered":"https:\/\/www.centraldenoticias.com.ar\/?p=87237"},"modified":"2023-06-08T11:55:51","modified_gmt":"2023-06-08T14:55:51","slug":"precaucion-al-conducir-olavarria-cubierta-por-niebla","status":"publish","type":"post","link":"https:\/\/cdnoticias.com\/index.php\/2023\/06\/08\/precaucion-al-conducir-olavarria-cubierta-por-niebla\/","title":{"rendered":"Precauci\u00f3n al conducir: Olavarr\u00eda cubierta por niebla"},"content":{"rendered":"<p>Este jueves la ciudad amaneci\u00f3 con una visibilidad reducida a 100 kil\u00f3metros. Se recuerdan las medidas a tener en cuenta si vamos a manejar. <!--more--><\/p>\n<hr \/>\n<p>Este jueves Olavarr\u00eda amaneci\u00f3 cubierta por una densa niebla. En ese sentido, desde la Estaci\u00f3n Meteorol\u00f3gica local advirtieron que l<strong>a visibilidad es de 100 kil\u00f3metros.<\/strong><\/p>\n<p>&nbsp;<\/p>\n<p>Por su parte, el Servicio Meteorol\u00f3gico Nacional indic\u00f3 que<strong> la humedad es total y anticipa una temperatura m\u00e1xima de 21\u00b0 para esta jornada.<\/strong> En tanto, el cielo estar\u00e1 parcialmente nublado.<\/p>\n<p>&nbsp;<\/p>\n<p>Durante la madugada del <strong>viernes<\/strong> se esperan lluvias aisladas y cielo parcialmente nublado para el resto del d\u00eda. La m\u00ednima ser\u00e1 de 7\u00b0 y la m\u00e1xima se ubicar\u00e1 alrededor de los 15\u00b0.<\/p>\n<p>&nbsp;<\/p>\n<blockquote><p>El fin de semana promete temperaturas bajas: el s\u00e1bado 11\u00b0 de m\u00e1xima y el domingo tan solo de 8\u00b0 de m\u00e1xima.<\/p><\/blockquote>\n<p><strong>\u00a0<\/strong><\/p>\n<p><img data-recalc-dims=\"1\" loading=\"lazy\" decoding=\"async\" class=\"aligncenter size-full wp-image-87239\" src=\"https:\/\/i0.wp.com\/cdnoticias.com\/wp-content\/uploads\/2023\/06\/niebla-02.jpg?resize=800%2C445&#038;ssl=1\" alt=\"\" width=\"800\" height=\"445\" srcset=\"https:\/\/i0.wp.com\/cdnoticias.com\/wp-content\/uploads\/2023\/06\/niebla-02.jpg?w=800&amp;ssl=1 800w, https:\/\/i0.wp.com\/cdnoticias.com\/wp-content\/uploads\/2023\/06\/niebla-02.jpg?resize=300%2C167&amp;ssl=1 300w, https:\/\/i0.wp.com\/cdnoticias.com\/wp-content\/uploads\/2023\/06\/niebla-02.jpg?resize=768%2C427&amp;ssl=1 768w\" sizes=\"auto, (max-width: 800px) 100vw, 800px\" \/><\/p>\n<p>&nbsp;<\/p>\n<p><strong>Precauciones para conducir con niebla <\/strong><\/p>\n<p>&nbsp;<\/p>\n<p>Si amaneci\u00f3 con niebla tenemos que saber que este estado produce una pel\u00edcula de humedad sobre el pavimento que reduce la adherencia de las cubiertas y disminuye la visibilidad.<\/p>\n<p>&nbsp;<\/p>\n<p>Sabiendo esto, es importante que si vamos a manejar tomemos algunas<strong> precauciones:<\/strong><\/p>\n<p>&nbsp;<\/p>\n<p>-Evitemos frenar bruscamente.<\/p>\n<p>-No sobrepasemos a otros veh\u00edculos.<\/p>\n<p>-Gui\u00e9monos por la v\u00eda de circulaci\u00f3n.<\/p>\n<p>-Mantengamos encendidas las luces bajas y\/o los faros antiniebla.<\/p>\n<p>&nbsp;<\/p>\n<p><img data-recalc-dims=\"1\" loading=\"lazy\" decoding=\"async\" class=\"aligncenter size-full wp-image-87238\" src=\"https:\/\/i0.wp.com\/cdnoticias.com\/wp-content\/uploads\/2023\/06\/niebla-03.jpg?resize=742%2C445&#038;ssl=1\" alt=\"\" width=\"742\" height=\"445\" srcset=\"https:\/\/i0.wp.com\/cdnoticias.com\/wp-content\/uploads\/2023\/06\/niebla-03.jpg?w=742&amp;ssl=1 742w, https:\/\/i0.wp.com\/cdnoticias.com\/wp-content\/uploads\/2023\/06\/niebla-03.jpg?resize=300%2C180&amp;ssl=1 300w\" sizes=\"auto, (max-width: 742px) 100vw, 742px\" \/><\/p>\n<p>&nbsp;<\/p>\n<p>-Guardemos silencio para poder ubicar a otros veh\u00edculos por medio del sonido.<\/p>\n<p>-Encendamos la calefacci\u00f3n para desempa\u00f1ar el parabrisas y la luneta.<\/p>\n<p>-En caso de detenernos, estacionemos siempre en lugares seguros, por ejemplo: estaciones de servicio, o peajes.<\/p>\n<p>-Si tenemos que parar sobre la banquina, hagamoslo lejos del camino, con las luces y las balizas encendidas.<\/p>\n","protected":false},"excerpt":{"rendered":"<p>Este jueves la ciudad amaneci\u00f3 con una visibilidad reducida a 100 kil\u00f3metros. Se recuerdan las medidas a tener en cuenta<\/p>\n","protected":false},"author":5,"featured_media":87240,"comment_status":"closed","ping_status":"closed","sticky":false,"template":"","format":"standard","meta":{"_jetpack_memberships_contains_paid_content":false,"footnotes":""},"categories":[5,1],"tags":[],"class_list":["post-87237","post","type-post","status-publish","format-standard","has-post-thumbnail","hentry","category-informacion-general","category-portada"],"jetpack_featured_media_url":"https:\/\/i0.wp.com\/cdnoticias.com\/wp-content\/uploads\/2023\/06\/niebla-01.jpg?fit=742%2C445&ssl=1","jetpack_sharing_enabled":true,"_links":{"self":[{"href":"https:\/\/cdnoticias.com\/index.php\/wp-json\/wp\/v2\/posts\/87237","targetHints":{"allow":["GET"]}}],"collection":[{"href":"https:\/\/cdnoticias.com\/index.php\/wp-json\/wp\/v2\/posts"}],"about":[{"href":"https:\/\/cdnoticias.com\/index.php\/wp-json\/wp\/v2\/types\/post"}],"author":[{"embeddable":true,"href":"https:\/\/cdnoticias.com\/index.php\/wp-json\/wp\/v2\/users\/5"}],"replies":[{"embeddable":true,"href":"https:\/\/cdnoticias.com\/index.php\/wp-json\/wp\/v2\/comments?post=87237"}],"version-history":[{"count":0,"href":"https:\/\/cdnoticias.com\/index.php\/wp-json\/wp\/v2\/posts\/87237\/revisions"}],"wp:featuredmedia":[{"embeddable":true,"href":"https:\/\/cdnoticias.com\/index.php\/wp-json\/wp\/v2\/media\/87240"}],"wp:attachment":[{"href":"https:\/\/cdnoticias.com\/index.php\/wp-json\/wp\/v2\/media?parent=87237"}],"wp:term":[{"taxonomy":"category","embeddable":true,"href":"https:\/\/cdnoticias.com\/index.php\/wp-json\/wp\/v2\/categories?post=87237"},{"taxonomy":"post_tag","embeddable":true,"href":"https:\/\/cdnoticias.com\/index.php\/wp-json\/wp\/v2\/tags?post=87237"}],"curies":[{"name":"wp","href":"https:\/\/api.w.org\/{rel}","templated":true}]}}