{"id":87200,"date":"2023-06-07T20:44:05","date_gmt":"2023-06-07T23:44:05","guid":{"rendered":"https:\/\/www.centraldenoticias.com.ar\/?p=87200"},"modified":"2023-06-07T20:44:05","modified_gmt":"2023-06-07T23:44:05","slug":"ciudad-arlequin-y-otras-microobras-de-teatro-infantil-nunca-imagine-escribir-para-ninos","status":"publish","type":"post","link":"https:\/\/cdnoticias.com\/index.php\/2023\/06\/07\/ciudad-arlequin-y-otras-microobras-de-teatro-infantil-nunca-imagine-escribir-para-ninos\/","title":{"rendered":"\u201cCiudad Arlequ\u00edn y otras microobras de teatro infantil\u201d: &#8220;Nunca imagin\u00e9 escribir para ni\u00f1os&#8221;"},"content":{"rendered":"<p>Lo expres\u00f3 el escritor Alejandro Potenza, quien presentar\u00e1 este domingo 11 su primer libro con sello editorial en el auditorio del Centro Cultural San Jos\u00e9. La entrada es libre y gratuita. <!--more--><\/p>\n<hr \/>\n<p>Este <strong>domingo 11 de junio,<\/strong> en el <strong>Centro Cultural San Jos\u00e9<\/strong> se llevar\u00e1 a cabo la presentaci\u00f3n del libro <em><strong>\u201cCiudad Arlequ\u00edn y otras microobras de teatro infantil\u201d,<\/strong><\/em> del escritor<strong> Alejandro Potenza<\/strong>.\u00a0El evento comenzar\u00e1 a partir de las 17 horas y es con entrada libre y gratuita.<\/p>\n<p>&nbsp;<\/p>\n<p><em>Central de Noticias<\/em> dialog\u00f3 con Alejandro Potenza, autor del libro, quien adelant\u00f3 detalles del proceso de creaci\u00f3n a la par que expres\u00f3 su relaci\u00f3n con la escritura desde muy temprana edad.<\/p>\n<p>&nbsp;<\/p>\n<p>Sobre \u201c<em><strong>Ciudad Arlequ\u00edn y otras microobras de teatro infantil<\/strong><\/em>\u201d, Potenza cont\u00f3 que se trata de &#8220;<em>ocho microobras de teatro que fueron estrenadas y que cuentan un proceso pedag\u00f3gico que abarc\u00f3 4 a\u00f1os, del 2015 al 2019. En ese per\u00edodo fueron variando los estudiantes que abarcaban edades de 7 a 10 a\u00f1os as\u00ed que son muy interesantes porque cuentan ese proceso que fue un per\u00edodo maravilloso&#8221;.<\/em><\/p>\n<p>&nbsp;<\/p>\n<p><img data-recalc-dims=\"1\" loading=\"lazy\" decoding=\"async\" class=\"aligncenter wp-image-87202 size-full\" src=\"https:\/\/i0.wp.com\/cdnoticias.com\/wp-content\/uploads\/2023\/06\/libro-e1686177613570.png?resize=648%2C535&#038;ssl=1\" alt=\"\" width=\"648\" height=\"535\" \/><\/p>\n<p>&nbsp;<\/p>\n<p>Adem\u00e1s, el escritor resalt\u00f3: &#8220;Art\u00edsticamente me expres\u00e9 siempre. A trav\u00e9s de la m\u00fasica, el canto, el teatro. Empec\u00e9 con un amigo que lamentablemente falleci\u00f3 y que se llamaba Gabriel Antonio. Nosotros crecimos jugando y hac\u00edamos teatro y escenograf\u00edas. Mi relaci\u00f3n con el teatro empez\u00f3 a los 13 a\u00f1os aproximadamente&#8221;.<\/p>\n<p>&nbsp;<\/p>\n<blockquote><p>En relaci\u00f3n al proceso de creaci\u00f3n del libro, Potenza explic\u00f3 que &#8220;tiene que ver con un espacio pedag\u00f3gico que fue muy productivo donde pretend\u00edamos que los ni\u00f1os conocieran otras artes. Conocieron de m\u00fasica, canto, danza, expresi\u00f3n corporal, maquillaje, escenario y cuestiones t\u00e9cnicas&#8221;.<\/p><\/blockquote>\n<p>&nbsp;<\/p>\n<p>&#8220;Despu\u00e9s lo llev\u00e9 a la pluma porque creo que fui atravesado cuando escuch\u00e9 realmente a los ni\u00f1os. Sent\u00eda en ellos esa tensi\u00f3n de la emoci\u00f3n cuando nosotros descubr\u00edamos un juego o algo era nuevo para nosotros. Este <strong>libro tiene un c\u00f3digo QR<\/strong> para <strong>acceder a un canal de YouTube<\/strong> donde hay fotos y videos de todo el proceso y acompa\u00f1a desde ese lugar m\u00e1s visual&#8221; agreg\u00f3 el escritor.<\/p>\n<p>&nbsp;<\/p>\n<p><strong>Sobre el escritor\u00a0<\/strong><\/p>\n<p>&nbsp;<\/p>\n<p><em>-\u00bfHace cu\u00e1nto tiempo te dedic\u00e1s a la escritura?<\/em><\/p>\n<p>-Yo era un ni\u00f1o que vino de una familia de docentes, por eso yo amo la docencia. <strong>Desde los 8 a\u00f1os m\u00e1s o menos escrib\u00eda mis primeras poes\u00edas muy breves.<\/strong> Quiz\u00e1 porque en esa \u00e9poca le\u00edmos si o si y no ten\u00edamos otra cosa, era una cierta aventura. A partir de eso me anim\u00e9 hasta que me cruc\u00e9 con la dramaturgia y siempre escrib\u00ed dramaturgia para adultos, pero <strong>nunca imagin\u00e9 escribir para ni\u00f1os sobre hadas, princesas, castillos, monta\u00f1as y m\u00e1s cosas.<\/strong><\/p>\n<p>&nbsp;<\/p>\n<p><img data-recalc-dims=\"1\" loading=\"lazy\" decoding=\"async\" class=\"aligncenter wp-image-87203 size-full\" src=\"https:\/\/i0.wp.com\/cdnoticias.com\/wp-content\/uploads\/2023\/06\/escritor.png?resize=364%2C297&#038;ssl=1\" alt=\"\" width=\"364\" height=\"297\" srcset=\"https:\/\/i0.wp.com\/cdnoticias.com\/wp-content\/uploads\/2023\/06\/escritor.png?w=364&amp;ssl=1 364w, https:\/\/i0.wp.com\/cdnoticias.com\/wp-content\/uploads\/2023\/06\/escritor.png?resize=300%2C245&amp;ssl=1 300w\" sizes=\"auto, (max-width: 364px) 100vw, 364px\" \/><\/p>\n<p>&nbsp;<\/p>\n<p><em>-\u00bfTen\u00e9s otros libros de autor\u00eda?<\/em><\/p>\n<p>-Publiqu\u00e9 cuando era m\u00e1s joven de forma m\u00e1s casera dedic\u00e1ndome a la narrativa, pero <strong>esta es mi primera vez bajo un sello como es Tinta Libre, una editorial cordobesa<\/strong>.<strong> Fue un proceso de mucho aprendizaje para mi tambi\u00e9n.<\/strong> Adem\u00e1s estoy escribiendo otro libro que tambi\u00e9n est\u00e1 relacionado con el teatro y tengo m\u00e1s obras de teatro escritas que voy a ver si las puedo volcar en un libro.<\/p>\n<p>&nbsp;<\/p>\n","protected":false},"excerpt":{"rendered":"<p>Lo expres\u00f3 el escritor Alejandro Potenza, quien presentar\u00e1 este domingo 11 su primer libro con sello editorial en el auditorio<\/p>\n","protected":false},"author":6,"featured_media":87201,"comment_status":"closed","ping_status":"closed","sticky":false,"template":"","format":"standard","meta":{"_jetpack_memberships_contains_paid_content":false,"footnotes":""},"categories":[9,1],"tags":[],"class_list":["post-87200","post","type-post","status-publish","format-standard","has-post-thumbnail","hentry","category-cultura","category-portada"],"jetpack_featured_media_url":"https:\/\/i0.wp.com\/cdnoticias.com\/wp-content\/uploads\/2023\/06\/libro2.png?fit=468%2C694&ssl=1","jetpack_sharing_enabled":true,"_links":{"self":[{"href":"https:\/\/cdnoticias.com\/index.php\/wp-json\/wp\/v2\/posts\/87200","targetHints":{"allow":["GET"]}}],"collection":[{"href":"https:\/\/cdnoticias.com\/index.php\/wp-json\/wp\/v2\/posts"}],"about":[{"href":"https:\/\/cdnoticias.com\/index.php\/wp-json\/wp\/v2\/types\/post"}],"author":[{"embeddable":true,"href":"https:\/\/cdnoticias.com\/index.php\/wp-json\/wp\/v2\/users\/6"}],"replies":[{"embeddable":true,"href":"https:\/\/cdnoticias.com\/index.php\/wp-json\/wp\/v2\/comments?post=87200"}],"version-history":[{"count":0,"href":"https:\/\/cdnoticias.com\/index.php\/wp-json\/wp\/v2\/posts\/87200\/revisions"}],"wp:featuredmedia":[{"embeddable":true,"href":"https:\/\/cdnoticias.com\/index.php\/wp-json\/wp\/v2\/media\/87201"}],"wp:attachment":[{"href":"https:\/\/cdnoticias.com\/index.php\/wp-json\/wp\/v2\/media?parent=87200"}],"wp:term":[{"taxonomy":"category","embeddable":true,"href":"https:\/\/cdnoticias.com\/index.php\/wp-json\/wp\/v2\/categories?post=87200"},{"taxonomy":"post_tag","embeddable":true,"href":"https:\/\/cdnoticias.com\/index.php\/wp-json\/wp\/v2\/tags?post=87200"}],"curies":[{"name":"wp","href":"https:\/\/api.w.org\/{rel}","templated":true}]}}