{"id":87191,"date":"2023-06-08T17:07:33","date_gmt":"2023-06-08T20:07:33","guid":{"rendered":"https:\/\/www.centraldenoticias.com.ar\/?p=87191"},"modified":"2023-06-08T17:07:33","modified_gmt":"2023-06-08T20:07:33","slug":"bomberos-olavarria-participo-de-una-capacitacion-sobre-emergencias","status":"publish","type":"post","link":"https:\/\/cdnoticias.com\/index.php\/2023\/06\/08\/bomberos-olavarria-participo-de-una-capacitacion-sobre-emergencias\/","title":{"rendered":"Bomberos Olavarr\u00eda particip\u00f3 de una capacitaci\u00f3n sobre emergencias"},"content":{"rendered":"<p>La capacitaci\u00f3n se llev\u00f3 a cabo en la ciudad de Tapalqu\u00e9 y tuvo como destinatarios a los operadores t\u00e9cnicos. Estuvo personal m\u00e9dico y administrativo del Hospital, Polic\u00eda, Polic\u00eda Rural, Polic\u00eda de la Mujer y Bomberos.<!--more--><\/p>\n<hr \/>\n<p><strong>Bomberos Olavarr\u00eda<\/strong> particip\u00f3 de una <strong>capacitaci\u00f3n a Operadores T\u00e9cnicos de Emergencia<\/strong>. El encuentro se realiz\u00f3 en la ciudad de Tapalqu\u00e9 y estuvieron presentes personal m\u00e9dico y administrativo del Hospital, Polic\u00eda, Polic\u00eda Rural, Polic\u00eda de la Mujer y Bomberos.<\/p>\n<p>&nbsp;<\/p>\n<p>En el encuentro, se hizo hincapi\u00e9 en la <strong>obtenci\u00f3n de datos b\u00e1sicos<\/strong> que caracterizan a cada una de las emergencias desde el origen hasta la finalizaci\u00f3n de los servicios.<\/p>\n<p>&nbsp;<\/p>\n<p><img data-recalc-dims=\"1\" loading=\"lazy\" decoding=\"async\" class=\"aligncenter wp-image-87192 size-full\" src=\"https:\/\/i0.wp.com\/cdnoticias.com\/wp-content\/uploads\/2023\/06\/WhatsApp-Image-2023-06-07-at-17.40.21.jpeg?resize=800%2C600&#038;ssl=1\" alt=\"\" width=\"800\" height=\"600\" srcset=\"https:\/\/i0.wp.com\/cdnoticias.com\/wp-content\/uploads\/2023\/06\/WhatsApp-Image-2023-06-07-at-17.40.21.jpeg?w=1600&amp;ssl=1 1600w, https:\/\/i0.wp.com\/cdnoticias.com\/wp-content\/uploads\/2023\/06\/WhatsApp-Image-2023-06-07-at-17.40.21.jpeg?resize=300%2C225&amp;ssl=1 300w, https:\/\/i0.wp.com\/cdnoticias.com\/wp-content\/uploads\/2023\/06\/WhatsApp-Image-2023-06-07-at-17.40.21.jpeg?resize=1024%2C768&amp;ssl=1 1024w, https:\/\/i0.wp.com\/cdnoticias.com\/wp-content\/uploads\/2023\/06\/WhatsApp-Image-2023-06-07-at-17.40.21.jpeg?resize=768%2C576&amp;ssl=1 768w, https:\/\/i0.wp.com\/cdnoticias.com\/wp-content\/uploads\/2023\/06\/WhatsApp-Image-2023-06-07-at-17.40.21.jpeg?resize=1536%2C1152&amp;ssl=1 1536w\" sizes=\"auto, (max-width: 800px) 100vw, 800px\" \/><\/p>\n<p>&nbsp;<\/p>\n<p><em>&#8220;Las repercusiones fueron muy positivas, ya que se trataron temas respecto al abordaje de un servicio o emergencia desde el inicio del llamado y aviso de la misma&#8221;<\/em> expresaron.<\/p>\n<p>&nbsp;<\/p>\n<p>La capacitaci\u00f3n fue coordinada por El Director Zonal de Capacitaci\u00f3n Edgardo Igarzabal y desarrollada por los Sub Oficiales Roberto Mu\u00f1oz y Nicol\u00e1s Pavone, quienes forman parte del Cuerpo Activo de Bomberos Olavarr\u00eda.<\/p>\n","protected":false},"excerpt":{"rendered":"<p>La capacitaci\u00f3n se llev\u00f3 a cabo en la ciudad de Tapalqu\u00e9 y tuvo como destinatarios a los operadores t\u00e9cnicos. Estuvo<\/p>\n","protected":false},"author":6,"featured_media":87193,"comment_status":"closed","ping_status":"closed","sticky":false,"template":"","format":"standard","meta":{"_jetpack_memberships_contains_paid_content":false,"footnotes":""},"categories":[5,1],"tags":[],"class_list":["post-87191","post","type-post","status-publish","format-standard","has-post-thumbnail","hentry","category-informacion-general","category-portada"],"jetpack_featured_media_url":"https:\/\/i0.wp.com\/cdnoticias.com\/wp-content\/uploads\/2023\/06\/WhatsApp-Image-2023-06-07-at-17.40.20.jpeg?fit=1600%2C1200&ssl=1","jetpack_sharing_enabled":true,"_links":{"self":[{"href":"https:\/\/cdnoticias.com\/index.php\/wp-json\/wp\/v2\/posts\/87191","targetHints":{"allow":["GET"]}}],"collection":[{"href":"https:\/\/cdnoticias.com\/index.php\/wp-json\/wp\/v2\/posts"}],"about":[{"href":"https:\/\/cdnoticias.com\/index.php\/wp-json\/wp\/v2\/types\/post"}],"author":[{"embeddable":true,"href":"https:\/\/cdnoticias.com\/index.php\/wp-json\/wp\/v2\/users\/6"}],"replies":[{"embeddable":true,"href":"https:\/\/cdnoticias.com\/index.php\/wp-json\/wp\/v2\/comments?post=87191"}],"version-history":[{"count":0,"href":"https:\/\/cdnoticias.com\/index.php\/wp-json\/wp\/v2\/posts\/87191\/revisions"}],"wp:featuredmedia":[{"embeddable":true,"href":"https:\/\/cdnoticias.com\/index.php\/wp-json\/wp\/v2\/media\/87193"}],"wp:attachment":[{"href":"https:\/\/cdnoticias.com\/index.php\/wp-json\/wp\/v2\/media?parent=87191"}],"wp:term":[{"taxonomy":"category","embeddable":true,"href":"https:\/\/cdnoticias.com\/index.php\/wp-json\/wp\/v2\/categories?post=87191"},{"taxonomy":"post_tag","embeddable":true,"href":"https:\/\/cdnoticias.com\/index.php\/wp-json\/wp\/v2\/tags?post=87191"}],"curies":[{"name":"wp","href":"https:\/\/api.w.org\/{rel}","templated":true}]}}