{"id":87187,"date":"2023-06-07T19:32:32","date_gmt":"2023-06-07T22:32:32","guid":{"rendered":"https:\/\/www.centraldenoticias.com.ar\/?p=87187"},"modified":"2023-06-07T19:32:32","modified_gmt":"2023-06-07T22:32:32","slug":"se-realizo-un-encuentro-de-voley-en-la-unidad-2-de-sierra-chica","status":"publish","type":"post","link":"https:\/\/cdnoticias.com\/index.php\/2023\/06\/07\/se-realizo-un-encuentro-de-voley-en-la-unidad-2-de-sierra-chica\/","title":{"rendered":"Se realiz\u00f3 un encuentro de voley en la Unidad 2 de Sierra Chica"},"content":{"rendered":"<p>El encuentro fue entre el equipo San Mart\u00edn de Sierras Bayas y las jugadoras internas del Pabell\u00f3n de Diversidad de G\u00e9nero. <!--more--><\/p>\n<hr \/>\n<p>En el marco del programa tratamental de inclusi\u00f3n social que se implementa la <strong>Unidad Penal N\u00ba 2 de Sierra Chica<\/strong>, se llev\u00f3 a cabo un encuentro de V\u00f3ley entre el equipo San Mart\u00edn de Sierras Bayas y las jugadoras internas del <strong>Pabell\u00f3n de Diversidad de G\u00e9nero.<\/strong> Se trat\u00f3 de una propuesta del CEF N\u00b0100 en conjunto con el \u00e1rea deportiva de la dependencia.<\/p>\n<p>&nbsp;<\/p>\n<p>El profesor del CEF N\u00b0100 y entrenador de las chicas trans, Mauro Caruzo explic\u00f3 que \u201cen este espacio tratamental buscaremos trabajar en equipo para que se aprenda lo importante que es colaborar, ayudar y confiar en los dem\u00e1s para conseguir buenos resultados. Fomentar la socializaci\u00f3n, ya que se conoce a personas nuevas y se generan una serie de recuerdos y experiencias compartidas con el otro, mejora la autoestima y favorece la salud\u201d.<\/p>\n<p>&nbsp;<\/p>\n<p><img data-recalc-dims=\"1\" loading=\"lazy\" decoding=\"async\" class=\"aligncenter wp-image-87188 size-full\" src=\"https:\/\/i0.wp.com\/cdnoticias.com\/wp-content\/uploads\/2023\/06\/U2-Encuentro-de-voley-Mayo-2023c.jpg?resize=800%2C600&#038;ssl=1\" alt=\"\" width=\"800\" height=\"600\" srcset=\"https:\/\/i0.wp.com\/cdnoticias.com\/wp-content\/uploads\/2023\/06\/U2-Encuentro-de-voley-Mayo-2023c.jpg?w=1040&amp;ssl=1 1040w, https:\/\/i0.wp.com\/cdnoticias.com\/wp-content\/uploads\/2023\/06\/U2-Encuentro-de-voley-Mayo-2023c.jpg?resize=300%2C225&amp;ssl=1 300w, https:\/\/i0.wp.com\/cdnoticias.com\/wp-content\/uploads\/2023\/06\/U2-Encuentro-de-voley-Mayo-2023c.jpg?resize=1024%2C768&amp;ssl=1 1024w, https:\/\/i0.wp.com\/cdnoticias.com\/wp-content\/uploads\/2023\/06\/U2-Encuentro-de-voley-Mayo-2023c.jpg?resize=768%2C576&amp;ssl=1 768w\" sizes=\"auto, (max-width: 800px) 100vw, 800px\" \/><\/p>\n<p>&nbsp;<\/p>\n<p>En el encuentro estuvieron presentes el Jefe de Vigilancia y Tratamiento Carlos N\u00e1gel, el Subjefe de Asistencia Facundo Luna, la encargada del Pabell\u00f3n de Diversidad Mercedes Polli, del \u00e1rea de Educaci\u00f3n F\u00edsica de la U2 Dar\u00edo Alfonzo y el profesor del CEF N\u00b0100 y entrenador de V\u00f3ley de la U2, Mauro Caruzo.<\/p>\n<p>&nbsp;<\/p>\n<p>Las jugadoras de Sierras Bayas estuvieron acompa\u00f1adas por su entrenador, Nicol\u00e1s Est\u00e9vez, quien expres\u00f3 que &#8220;supimos acerca de la muy buena experiencia que tuvo el equipo de v\u00f3ley de Hinojo. Jug\u00f3 un amistoso hace unos meses en la Unidad N\u00b02, as\u00ed que, cuando nos convocaron, vinimos con entusiasmo. Todo se desarroll\u00f3 bajo un clima de respeto en el juego, cumpliendo las reglas y buen trato. Las jugadoras locales se mostraron alegres y se dieron espacios de charla\u201d.<\/p>\n","protected":false},"excerpt":{"rendered":"<p>El encuentro fue entre el equipo San Mart\u00edn de Sierras Bayas y las jugadoras internas del Pabell\u00f3n de Diversidad de<\/p>\n","protected":false},"author":6,"featured_media":87189,"comment_status":"closed","ping_status":"closed","sticky":false,"template":"","format":"standard","meta":{"_jetpack_memberships_contains_paid_content":false,"footnotes":""},"categories":[5,1],"tags":[],"class_list":["post-87187","post","type-post","status-publish","format-standard","has-post-thumbnail","hentry","category-informacion-general","category-portada"],"jetpack_featured_media_url":"https:\/\/i0.wp.com\/cdnoticias.com\/wp-content\/uploads\/2023\/06\/U2-Encuentro-de-voley-Mayo-2023b.jpg?fit=1054%2C571&ssl=1","jetpack_sharing_enabled":true,"_links":{"self":[{"href":"https:\/\/cdnoticias.com\/index.php\/wp-json\/wp\/v2\/posts\/87187","targetHints":{"allow":["GET"]}}],"collection":[{"href":"https:\/\/cdnoticias.com\/index.php\/wp-json\/wp\/v2\/posts"}],"about":[{"href":"https:\/\/cdnoticias.com\/index.php\/wp-json\/wp\/v2\/types\/post"}],"author":[{"embeddable":true,"href":"https:\/\/cdnoticias.com\/index.php\/wp-json\/wp\/v2\/users\/6"}],"replies":[{"embeddable":true,"href":"https:\/\/cdnoticias.com\/index.php\/wp-json\/wp\/v2\/comments?post=87187"}],"version-history":[{"count":0,"href":"https:\/\/cdnoticias.com\/index.php\/wp-json\/wp\/v2\/posts\/87187\/revisions"}],"wp:featuredmedia":[{"embeddable":true,"href":"https:\/\/cdnoticias.com\/index.php\/wp-json\/wp\/v2\/media\/87189"}],"wp:attachment":[{"href":"https:\/\/cdnoticias.com\/index.php\/wp-json\/wp\/v2\/media?parent=87187"}],"wp:term":[{"taxonomy":"category","embeddable":true,"href":"https:\/\/cdnoticias.com\/index.php\/wp-json\/wp\/v2\/categories?post=87187"},{"taxonomy":"post_tag","embeddable":true,"href":"https:\/\/cdnoticias.com\/index.php\/wp-json\/wp\/v2\/tags?post=87187"}],"curies":[{"name":"wp","href":"https:\/\/api.w.org\/{rel}","templated":true}]}}