{"id":87179,"date":"2023-06-07T18:04:46","date_gmt":"2023-06-07T21:04:46","guid":{"rendered":"https:\/\/www.centraldenoticias.com.ar\/?p=87179"},"modified":"2023-06-07T18:04:46","modified_gmt":"2023-06-07T21:04:46","slug":"avanza-la-nueva-etapa-de-obras-en-el-hospital-municipal-doctor-hector-cura","status":"publish","type":"post","link":"https:\/\/cdnoticias.com\/index.php\/2023\/06\/07\/avanza-la-nueva-etapa-de-obras-en-el-hospital-municipal-doctor-hector-cura\/","title":{"rendered":"Avanza la nueva etapa de obras en el Hospital Municipal \u201cDoctor H\u00e9ctor Cura\u201d"},"content":{"rendered":"<p>Este nuevo nivel se vincula con el edificio de cl\u00ednica m\u00e9dica y cl\u00ednica quir\u00fargica, inaugurado en 2022, a trav\u00e9s de un puente, al igual que en las plantas baja y primera.<!--more--><\/p>\n<hr \/>\n<p>En la tarde de este mi\u00e9rcoles, el<strong> intendente Ezequiel Galli<\/strong> <strong>visit\u00f3 el Hospital Municipal \u201cDr. H\u00e9ctor M. Cura\u201d<\/strong>, donde recorri\u00f3 las diversas tareas que se realizan en el marco de la <strong>segunda etapa de obras<\/strong> que se llevan a cabo en el centro asistencial de nuestra ciudad.<\/p>\n<p>&nbsp;<\/p>\n<p>Estuvo acompa\u00f1ado por el secretario de Mantenimiento y Obras P\u00fablicas Julio Ferraro, el secretario de Salud Germ\u00e1n Caputo y la subsecretaria de Recursos del Sistema de Salud Emilia Spina. La obra comprende la <strong>ampliaci\u00f3n del sector de internaci\u00f3n<\/strong>, a partir de la construcci\u00f3n de un nuevo piso y contempla la realizaci\u00f3n de un nuevo nivel de m\u00e1s de 500 m2 cubiertos, lo que permite ampliar en 20 camas el servicio, las cuales ser\u00e1n distribuidas en habitaciones de tres, dos y un paciente.<\/p>\n<p>&nbsp;<\/p>\n<p><img data-recalc-dims=\"1\" loading=\"lazy\" decoding=\"async\" class=\"aligncenter wp-image-87180 size-full\" src=\"https:\/\/i0.wp.com\/cdnoticias.com\/wp-content\/uploads\/2023\/06\/Obras-Ampliacion-Hospital-3-scaled-1.jpg?resize=800%2C535&#038;ssl=1\" alt=\"\" width=\"800\" height=\"535\" srcset=\"https:\/\/i0.wp.com\/cdnoticias.com\/wp-content\/uploads\/2023\/06\/Obras-Ampliacion-Hospital-3-scaled-1.jpg?w=2560&amp;ssl=1 2560w, https:\/\/i0.wp.com\/cdnoticias.com\/wp-content\/uploads\/2023\/06\/Obras-Ampliacion-Hospital-3-scaled-1.jpg?resize=300%2C201&amp;ssl=1 300w, https:\/\/i0.wp.com\/cdnoticias.com\/wp-content\/uploads\/2023\/06\/Obras-Ampliacion-Hospital-3-scaled-1.jpg?resize=1024%2C684&amp;ssl=1 1024w, https:\/\/i0.wp.com\/cdnoticias.com\/wp-content\/uploads\/2023\/06\/Obras-Ampliacion-Hospital-3-scaled-1.jpg?resize=768%2C513&amp;ssl=1 768w, https:\/\/i0.wp.com\/cdnoticias.com\/wp-content\/uploads\/2023\/06\/Obras-Ampliacion-Hospital-3-scaled-1.jpg?resize=1536%2C1027&amp;ssl=1 1536w, https:\/\/i0.wp.com\/cdnoticias.com\/wp-content\/uploads\/2023\/06\/Obras-Ampliacion-Hospital-3-scaled-1.jpg?resize=2048%2C1369&amp;ssl=1 2048w, https:\/\/i0.wp.com\/cdnoticias.com\/wp-content\/uploads\/2023\/06\/Obras-Ampliacion-Hospital-3-scaled-1.jpg?resize=272%2C182&amp;ssl=1 272w, https:\/\/i0.wp.com\/cdnoticias.com\/wp-content\/uploads\/2023\/06\/Obras-Ampliacion-Hospital-3-scaled-1.jpg?w=1600&amp;ssl=1 1600w, https:\/\/i0.wp.com\/cdnoticias.com\/wp-content\/uploads\/2023\/06\/Obras-Ampliacion-Hospital-3-scaled-1.jpg?w=2400&amp;ssl=1 2400w\" sizes=\"auto, (max-width: 800px) 100vw, 800px\" \/><\/p>\n<p>&nbsp;<\/p>\n<p>Adem\u00e1s, se construir\u00e1n <strong>ba\u00f1os totalmente equipados,<\/strong> tambi\u00e9n para personas con discapacidad. Incluye locales de apoyo para enfermer\u00eda, jefa de sector y sala de reuniones para las charlas grupales con m\u00e9dicos residentes.<\/p>\n<p>&nbsp;<\/p>\n<p>Por \u00faltimo, indicaron que este <strong>nuevo nivel se vincula con el edificio de cl\u00ednica m\u00e9dica y cl\u00ednica quir\u00fargica<\/strong>, inaugurado en 2022, a trav\u00e9s de un puente, al igual que en las plantas baja y primera. &#8220;Esta comunicaci\u00f3n permitir\u00e1 una mejor circulaci\u00f3n del personal y el descongestionamiento del pasillo central del Hospital. La intenci\u00f3n del proyecto es mejorar las condiciones de atenci\u00f3n, adem\u00e1s del aumento de su capacidad&#8221; expresaron.<\/p>\n","protected":false},"excerpt":{"rendered":"<p>Este nuevo nivel se vincula con el edificio de cl\u00ednica m\u00e9dica y cl\u00ednica quir\u00fargica, inaugurado en 2022, a trav\u00e9s de<\/p>\n","protected":false},"author":6,"featured_media":87181,"comment_status":"closed","ping_status":"closed","sticky":false,"template":"","format":"standard","meta":{"_jetpack_memberships_contains_paid_content":false,"footnotes":""},"categories":[5,1],"tags":[],"class_list":["post-87179","post","type-post","status-publish","format-standard","has-post-thumbnail","hentry","category-informacion-general","category-portada"],"jetpack_featured_media_url":"https:\/\/i0.wp.com\/cdnoticias.com\/wp-content\/uploads\/2023\/06\/Obras-Ampliacion-Hospital-1-scaled-1.jpg?fit=2560%2C1711&ssl=1","jetpack_sharing_enabled":true,"_links":{"self":[{"href":"https:\/\/cdnoticias.com\/index.php\/wp-json\/wp\/v2\/posts\/87179","targetHints":{"allow":["GET"]}}],"collection":[{"href":"https:\/\/cdnoticias.com\/index.php\/wp-json\/wp\/v2\/posts"}],"about":[{"href":"https:\/\/cdnoticias.com\/index.php\/wp-json\/wp\/v2\/types\/post"}],"author":[{"embeddable":true,"href":"https:\/\/cdnoticias.com\/index.php\/wp-json\/wp\/v2\/users\/6"}],"replies":[{"embeddable":true,"href":"https:\/\/cdnoticias.com\/index.php\/wp-json\/wp\/v2\/comments?post=87179"}],"version-history":[{"count":0,"href":"https:\/\/cdnoticias.com\/index.php\/wp-json\/wp\/v2\/posts\/87179\/revisions"}],"wp:featuredmedia":[{"embeddable":true,"href":"https:\/\/cdnoticias.com\/index.php\/wp-json\/wp\/v2\/media\/87181"}],"wp:attachment":[{"href":"https:\/\/cdnoticias.com\/index.php\/wp-json\/wp\/v2\/media?parent=87179"}],"wp:term":[{"taxonomy":"category","embeddable":true,"href":"https:\/\/cdnoticias.com\/index.php\/wp-json\/wp\/v2\/categories?post=87179"},{"taxonomy":"post_tag","embeddable":true,"href":"https:\/\/cdnoticias.com\/index.php\/wp-json\/wp\/v2\/tags?post=87179"}],"curies":[{"name":"wp","href":"https:\/\/api.w.org\/{rel}","templated":true}]}}