{"id":87114,"date":"2023-06-06T18:25:48","date_gmt":"2023-06-06T21:25:48","guid":{"rendered":"https:\/\/www.centraldenoticias.com.ar\/?p=87114"},"modified":"2023-06-06T19:31:10","modified_gmt":"2023-06-06T22:31:10","slug":"el-municipio-sigue-siendo-responsable-de-la-iluminacion-en-226-y-emiliozzi","status":"publish","type":"post","link":"https:\/\/cdnoticias.com\/index.php\/2023\/06\/06\/el-municipio-sigue-siendo-responsable-de-la-iluminacion-en-226-y-emiliozzi\/","title":{"rendered":"&#8220;El Municipio sigue siendo responsable de la iluminaci\u00f3n en 226 y Emiliozzi&#8221;"},"content":{"rendered":"<p>Tras la intimaci\u00f3n del Gobierno Municipal a la Agencia de Seguridad Vial por luminarias en el sector, el concejal Gast\u00f3n Sarachu sostuvo que \u201cel Intendente Galli y su equipo del Ejecutivo Municipal no est\u00e1n haci\u00e9ndose cargo de los problemas de la gente y buscan atribuir la responsabilidad a los dem\u00e1s\u201d.<!--more--><\/p>\n<hr \/>\n<p>Tras el <a href=\"https:\/\/cdnoticias.com\/index.php\/2023\/06\/06\/falta-de-luminarias-en-226-y-emiliozzi-el-municipio-reitero-la-intimacion-al-gobierno-nacional\/\" target=\"_blank\" rel=\"noopener\">reclamo del Municipio al Gobierno Nacional<\/a>, puntualmente a la Agencia Nacional de Seguridad Vial (ANSV), por la falta de luminarias en Ruta Nacional N\u00b0 226 y av. Emiliozzi, el concejal <strong>Gast\u00f3n Sarachu<\/strong> sostuvo que &#8220;<em><strong>el Gobierno Municipal sigue siendo responsable de la infraestructura del sector&#8221;.<\/strong> <\/em><\/p>\n<p>&nbsp;<\/p>\n<p><em><strong>\u201cUna vez m\u00e1s, el Intendente Galli y su equipo del Ejecutivo Municipal no est\u00e1n haci\u00e9ndose cargo de los problemas de la gente y buscan atribuir la responsabilidad a los dem\u00e1s\u201d<\/strong><\/em>, agreg\u00f3 Sarachu.<\/p>\n<p>&nbsp;<\/p>\n<p>El edil del Foro Olavarr\u00eda &#8211; Frente Renovador en el Frente de Todos indic\u00f3 que &#8220;<em>seg\u00fan las averiguaciones que hicimos, si bien existe una gesti\u00f3n por parte del Municipio para trasladar la responsabilidad a Vialidad Nacional, en este caso a Corredores Viales, lo cierto es que todav\u00eda el tr\u00e1mite no ha sido concluido, por ende el Gobierno Municipal tiene que seguir haci\u00e9ndose cargo de la iluminaci\u00f3n y el mantenimiento&#8221;.<\/em><\/p>\n<p>&nbsp;<\/p>\n<p>Por \u00faltimo, Sarachu se\u00f1al\u00f3 que <em><strong>&#8220;llama la atenci\u00f3n la desinformaci\u00f3n del Municipio, siendo que la ANSV no est\u00e1 para cambiar luminarias, sino para garantizar la seguridad y hacer cumplir las normas del tr\u00e1nsito en rutas&#8221;.<\/strong><\/em><\/p>\n","protected":false},"excerpt":{"rendered":"<p>Tras la intimaci\u00f3n del Gobierno Municipal a la Agencia de Seguridad Vial por luminarias en el sector, el concejal Gast\u00f3n<\/p>\n","protected":false},"author":6,"featured_media":55665,"comment_status":"closed","ping_status":"closed","sticky":false,"template":"","format":"standard","meta":{"_jetpack_memberships_contains_paid_content":false,"footnotes":""},"categories":[4,1],"tags":[],"class_list":["post-87114","post","type-post","status-publish","format-standard","has-post-thumbnail","hentry","category-politica","category-portada"],"jetpack_featured_media_url":"https:\/\/i0.wp.com\/cdnoticias.com\/wp-content\/uploads\/2022\/05\/Sarachu-Rendicion.jpeg?fit=800%2C500&ssl=1","jetpack_sharing_enabled":true,"_links":{"self":[{"href":"https:\/\/cdnoticias.com\/index.php\/wp-json\/wp\/v2\/posts\/87114","targetHints":{"allow":["GET"]}}],"collection":[{"href":"https:\/\/cdnoticias.com\/index.php\/wp-json\/wp\/v2\/posts"}],"about":[{"href":"https:\/\/cdnoticias.com\/index.php\/wp-json\/wp\/v2\/types\/post"}],"author":[{"embeddable":true,"href":"https:\/\/cdnoticias.com\/index.php\/wp-json\/wp\/v2\/users\/6"}],"replies":[{"embeddable":true,"href":"https:\/\/cdnoticias.com\/index.php\/wp-json\/wp\/v2\/comments?post=87114"}],"version-history":[{"count":0,"href":"https:\/\/cdnoticias.com\/index.php\/wp-json\/wp\/v2\/posts\/87114\/revisions"}],"wp:featuredmedia":[{"embeddable":true,"href":"https:\/\/cdnoticias.com\/index.php\/wp-json\/wp\/v2\/media\/55665"}],"wp:attachment":[{"href":"https:\/\/cdnoticias.com\/index.php\/wp-json\/wp\/v2\/media?parent=87114"}],"wp:term":[{"taxonomy":"category","embeddable":true,"href":"https:\/\/cdnoticias.com\/index.php\/wp-json\/wp\/v2\/categories?post=87114"},{"taxonomy":"post_tag","embeddable":true,"href":"https:\/\/cdnoticias.com\/index.php\/wp-json\/wp\/v2\/tags?post=87114"}],"curies":[{"name":"wp","href":"https:\/\/api.w.org\/{rel}","templated":true}]}}