{"id":87013,"date":"2023-06-05T19:00:26","date_gmt":"2023-06-05T22:00:26","guid":{"rendered":"https:\/\/www.centraldenoticias.com.ar\/?p=87013"},"modified":"2023-06-05T19:00:26","modified_gmt":"2023-06-05T22:00:26","slug":"quedan-pocos-dias-para-inscribirse-a-los-viajes-de-egresados-gratuitos","status":"publish","type":"post","link":"https:\/\/cdnoticias.com\/index.php\/2023\/06\/05\/quedan-pocos-dias-para-inscribirse-a-los-viajes-de-egresados-gratuitos\/","title":{"rendered":"Quedan pocos d\u00edas para inscribirse a los viajes de egresados gratuitos"},"content":{"rendered":"<p>La fecha l\u00edmite es el pr\u00f3ximo 9 de junio. Los cursos pueden elegir entre destinos de playa, sierras o lagunas.<!--more--><\/p>\n<hr \/>\n<p>El Gobierno bonaerense avis\u00f3 que el 9 de junio es la fecha l\u00edmite para inscribirse al programa<strong> Viajes de Fin de Curso<\/strong>, a trav\u00e9s del cual la Provincia financia viajes de egresados gratuitos para estudiantes secundarios.<\/p>\n<p>&nbsp;<\/p>\n<p><strong>\u201c\u00a1\u00daltima llamada para inscribirte en tu viaje de fin de curso: ten\u00e9s tiempo hasta el 9 de junio!\u201d<\/strong>, record\u00f3 a trav\u00e9s de su cuenta de Twitter el Ministerio de Producci\u00f3n, Ciencia e Innovaci\u00f3n Tecnol\u00f3gica.<\/p>\n<p>&nbsp;<\/p>\n<p>Los destinatarios del programa son \u201ctodos aquellos j\u00f3venes que en el a\u00f1o 2023 est\u00e9n cursando el \u00faltimo a\u00f1o del nivel secundario (6\u00b0 a\u00f1o en el Secundario Orientado y de la modalidad Art\u00edstica y 7\u00b0 a\u00f1o de la modalidad T\u00e9cnico Profesional)\u201d de escuelas de gesti\u00f3n p\u00fablica y privada de la provincia. Deber\u00e1n inscribirse <a href=\"https:\/\/viajefindecurso.gba.gob.ar\/inscripcion.php\" target=\"_blank\" rel=\"noopener\">a trav\u00e9s de la web.<\/a><\/p>\n<p>&nbsp;<\/p>\n<p>Los viajes tienen una duraci\u00f3n de entre <strong>tres y cuatro d\u00edas<\/strong>, y para los mismos se contemplan<strong> destinos de la provincia de Buenos Aires de playa, sierra, lagunas o rurales.<\/strong><\/p>\n<p>&nbsp;<\/p>\n<p>Los viajes de egresados gratuitos buscan<strong> potenciar el turismo en la provincia y extender la temporada.<\/strong> Asimismo, apuntan a favorecer la inclusi\u00f3n y la revinculaci\u00f3n 220.000 estudiantes del \u00faltimo a\u00f1o de las escuelas secundarias bonaerenses.<\/p>\n<p>&nbsp;<\/p>\n<p><em>Fuente: DIB.<\/em><\/p>\n","protected":false},"excerpt":{"rendered":"<p>La fecha l\u00edmite es el pr\u00f3ximo 9 de junio. Los cursos pueden elegir entre destinos de playa, sierras o lagunas.<\/p>\n","protected":false},"author":5,"featured_media":87014,"comment_status":"closed","ping_status":"closed","sticky":false,"template":"","format":"standard","meta":{"_jetpack_memberships_contains_paid_content":false,"footnotes":""},"categories":[6,1],"tags":[],"class_list":["post-87013","post","type-post","status-publish","format-standard","has-post-thumbnail","hentry","category-nacionales","category-portada"],"jetpack_featured_media_url":"https:\/\/i0.wp.com\/cdnoticias.com\/wp-content\/uploads\/2023\/06\/FIN-DE-CURSO-3.jpg?fit=700%2C420&ssl=1","jetpack_sharing_enabled":true,"_links":{"self":[{"href":"https:\/\/cdnoticias.com\/index.php\/wp-json\/wp\/v2\/posts\/87013","targetHints":{"allow":["GET"]}}],"collection":[{"href":"https:\/\/cdnoticias.com\/index.php\/wp-json\/wp\/v2\/posts"}],"about":[{"href":"https:\/\/cdnoticias.com\/index.php\/wp-json\/wp\/v2\/types\/post"}],"author":[{"embeddable":true,"href":"https:\/\/cdnoticias.com\/index.php\/wp-json\/wp\/v2\/users\/5"}],"replies":[{"embeddable":true,"href":"https:\/\/cdnoticias.com\/index.php\/wp-json\/wp\/v2\/comments?post=87013"}],"version-history":[{"count":0,"href":"https:\/\/cdnoticias.com\/index.php\/wp-json\/wp\/v2\/posts\/87013\/revisions"}],"wp:featuredmedia":[{"embeddable":true,"href":"https:\/\/cdnoticias.com\/index.php\/wp-json\/wp\/v2\/media\/87014"}],"wp:attachment":[{"href":"https:\/\/cdnoticias.com\/index.php\/wp-json\/wp\/v2\/media?parent=87013"}],"wp:term":[{"taxonomy":"category","embeddable":true,"href":"https:\/\/cdnoticias.com\/index.php\/wp-json\/wp\/v2\/categories?post=87013"},{"taxonomy":"post_tag","embeddable":true,"href":"https:\/\/cdnoticias.com\/index.php\/wp-json\/wp\/v2\/tags?post=87013"}],"curies":[{"name":"wp","href":"https:\/\/api.w.org\/{rel}","templated":true}]}}