{"id":86988,"date":"2023-06-05T10:54:37","date_gmt":"2023-06-05T13:54:37","guid":{"rendered":"https:\/\/www.centraldenoticias.com.ar\/?p=86988"},"modified":"2023-06-05T14:01:12","modified_gmt":"2023-06-05T17:01:12","slug":"reabrio-sus-puertas-el-bioparque-la-maxima","status":"publish","type":"post","link":"https:\/\/cdnoticias.com\/index.php\/2023\/06\/05\/reabrio-sus-puertas-el-bioparque-la-maxima\/","title":{"rendered":"Reabri\u00f3 sus puertas el Bioparque \u201cLa M\u00e1xima\u201d"},"content":{"rendered":"<p>El espacio estaba cerrado como parte de las medidas de prevenci\u00f3n dispuestas por gripe aviar.<!--more--><\/p>\n<hr \/>\n<p>Este fin de semana reabri\u00f3 sus puertas a toda la comunidad el <strong>Bioparque Municipal \u201cLa M\u00e1xima\u201d.<\/strong><\/p>\n<p>&nbsp;<\/p>\n<p>Los horarios para visitar el espacio son: <strong>de lunes a viernes de 8 a 18 horas y los d\u00edas s\u00e1bados, domingos y feriados de 10 a 18 horas.<\/strong> Cabe aclarar que el horario de cierre es flexible.<\/p>\n<p>&nbsp;<\/p>\n<p>Entre las propuestas se podr\u00e1n realizar paseos por el Bioparque y actividades recreativas en sector de esparcimiento, aunque <strong>no se encuentra habilitado el uso de parrillas.<\/strong><\/p>\n<p>&nbsp;<\/p>\n<p>Cabe recordar que<strong> en el mes marzo se produjo el cierre preventivo del espacio, con la finalidad de prevenir contagios por gripe aviar<\/strong> -de acuerdo al protocolo establecido por Senasa- para evitar el contacto de las personas con las aves.<\/p>\n<p>&nbsp;<\/p>\n<blockquote class=\"wp-embedded-content\" data-secret=\"xiBGQTeMXu\"><p><a href=\"https:\/\/cdnoticias.com\/index.php\/2023\/03\/08\/prevencion-de-la-gripe-aviar-se-dispuso-el-cierre-de-la-maxima\/\">Prevenci\u00f3n de la gripe aviar: se dispuso el cierre de La M\u00e1xima<\/a><\/p><\/blockquote>\n<p><iframe loading=\"lazy\" class=\"wp-embedded-content\" sandbox=\"allow-scripts\" security=\"restricted\" style=\"position: absolute; clip: rect(1px, 1px, 1px, 1px);\" title=\"&#8220;Prevenci\u00f3n de la gripe aviar: se dispuso el cierre de La M\u00e1xima&#8221; &#8212; Central de Noticias | Olavarr\u00eda\" src=\"https:\/\/cdnoticias.com\/index.php\/2023\/03\/08\/prevencion-de-la-gripe-aviar-se-dispuso-el-cierre-de-la-maxima\/embed\/#?secret=blqS4rABW3#?secret=xiBGQTeMXu\" data-secret=\"xiBGQTeMXu\" width=\"600\" height=\"338\" frameborder=\"0\" marginwidth=\"0\" marginheight=\"0\" scrolling=\"no\"><\/iframe><\/p>\n","protected":false},"excerpt":{"rendered":"<p>El espacio estaba cerrado como parte de las medidas de prevenci\u00f3n dispuestas por gripe aviar.<\/p>\n","protected":false},"author":5,"featured_media":86990,"comment_status":"closed","ping_status":"closed","sticky":false,"template":"","format":"standard","meta":{"_jetpack_memberships_contains_paid_content":false,"footnotes":""},"categories":[5,1],"tags":[],"class_list":["post-86988","post","type-post","status-publish","format-standard","has-post-thumbnail","hentry","category-informacion-general","category-portada"],"jetpack_featured_media_url":"https:\/\/i0.wp.com\/cdnoticias.com\/wp-content\/uploads\/2023\/06\/Vista-Bioparque-La-Maxima.jpg?fit=742%2C445&ssl=1","jetpack_sharing_enabled":true,"_links":{"self":[{"href":"https:\/\/cdnoticias.com\/index.php\/wp-json\/wp\/v2\/posts\/86988","targetHints":{"allow":["GET"]}}],"collection":[{"href":"https:\/\/cdnoticias.com\/index.php\/wp-json\/wp\/v2\/posts"}],"about":[{"href":"https:\/\/cdnoticias.com\/index.php\/wp-json\/wp\/v2\/types\/post"}],"author":[{"embeddable":true,"href":"https:\/\/cdnoticias.com\/index.php\/wp-json\/wp\/v2\/users\/5"}],"replies":[{"embeddable":true,"href":"https:\/\/cdnoticias.com\/index.php\/wp-json\/wp\/v2\/comments?post=86988"}],"version-history":[{"count":0,"href":"https:\/\/cdnoticias.com\/index.php\/wp-json\/wp\/v2\/posts\/86988\/revisions"}],"wp:featuredmedia":[{"embeddable":true,"href":"https:\/\/cdnoticias.com\/index.php\/wp-json\/wp\/v2\/media\/86990"}],"wp:attachment":[{"href":"https:\/\/cdnoticias.com\/index.php\/wp-json\/wp\/v2\/media?parent=86988"}],"wp:term":[{"taxonomy":"category","embeddable":true,"href":"https:\/\/cdnoticias.com\/index.php\/wp-json\/wp\/v2\/categories?post=86988"},{"taxonomy":"post_tag","embeddable":true,"href":"https:\/\/cdnoticias.com\/index.php\/wp-json\/wp\/v2\/tags?post=86988"}],"curies":[{"name":"wp","href":"https:\/\/api.w.org\/{rel}","templated":true}]}}