{"id":86974,"date":"2023-06-05T09:11:24","date_gmt":"2023-06-05T12:11:24","guid":{"rendered":"https:\/\/www.centraldenoticias.com.ar\/?p=86974"},"modified":"2023-06-05T09:11:24","modified_gmt":"2023-06-05T12:11:24","slug":"las-ventas-minoristas-pymes-cayeron-28-anual-en-mayo","status":"publish","type":"post","link":"https:\/\/cdnoticias.com\/index.php\/2023\/06\/05\/las-ventas-minoristas-pymes-cayeron-28-anual-en-mayo\/","title":{"rendered":"Las ventas minoristas pymes cayeron 2,8% anual en mayo"},"content":{"rendered":"<p>As\u00ed lo indic\u00f3 un informe elaborado por la CAME. Se acumula un declive del 1,7% en el a\u00f1o y en la comparaci\u00f3n mensual tambi\u00e9n vendieron 1,2% menos que en abril.<!--more--><\/p>\n<hr \/>\n<p>Las ventas minoristas pymes tuvieron una<strong> retracci\u00f3n de 2,8% en mayo frente a igual mes del a\u00f1o pasado<\/strong>, medidas a precios constantes. De esta manera, <strong>cumplen 5 meses en baja, y adem\u00e1s es el mayor descenso del 2023.<\/strong><\/p>\n<p>&nbsp;<\/p>\n<p>Con ese resultado, acumulan un <strong>declive del 1,7% en los primeros cinco meses del a\u00f1o.<\/strong> En la comparaci\u00f3n mensual, los negocios tambi\u00e9n vendieron 1,2% menos que en abril.<\/p>\n<p>&nbsp;<\/p>\n<p>El sector comercial viene sintiendo cada vez m\u00e1s la p\u00e9rdida de poder adquisitivo de las familias en manos de la inflaci\u00f3n. Desde todos los negocios relevados manifestaron que recibieron productos con subas importantes de precios. Adem\u00e1s, el 56% tuvo problemas para reponer stock porque los proveedores demoraron entregas o directamente las cancelaron, seg\u00fan manifestaron en el sondeo.<\/p>\n<p>&nbsp;<\/p>\n<blockquote><p>As\u00ed surge del \u00cdndice de Ventas Minoristas Pymes de la Confederaci\u00f3n Argentina de la Mediana Empresa (CAME), elaborado en base a un relevamiento mensual entre 1.207 comercios minoristas del pa\u00eds, realizado del 1 al 3 de junio.<\/p><\/blockquote>\n<p>&nbsp;<\/p>\n<p>De los 7 rubros medidos, 6 cayeron en la comparaci\u00f3n anual y solo uno creci\u00f3, farmacias. Y en lo que va del a\u00f1o, 5 sectores acumulan ca\u00eddas y solo 2 aumentos.<\/p>\n<p>&nbsp;<\/p>\n<p><img data-recalc-dims=\"1\" loading=\"lazy\" decoding=\"async\" class=\"aligncenter size-full wp-image-86976\" src=\"https:\/\/i0.wp.com\/cdnoticias.com\/wp-content\/uploads\/2023\/06\/unnamed-8.png?resize=800%2C556&#038;ssl=1\" alt=\"\" width=\"800\" height=\"556\" srcset=\"https:\/\/i0.wp.com\/cdnoticias.com\/wp-content\/uploads\/2023\/06\/unnamed-8.png?w=1412&amp;ssl=1 1412w, https:\/\/i0.wp.com\/cdnoticias.com\/wp-content\/uploads\/2023\/06\/unnamed-8.png?resize=300%2C208&amp;ssl=1 300w, https:\/\/i0.wp.com\/cdnoticias.com\/wp-content\/uploads\/2023\/06\/unnamed-8.png?resize=1024%2C711&amp;ssl=1 1024w, https:\/\/i0.wp.com\/cdnoticias.com\/wp-content\/uploads\/2023\/06\/unnamed-8.png?resize=768%2C534&amp;ssl=1 768w, https:\/\/i0.wp.com\/cdnoticias.com\/wp-content\/uploads\/2023\/06\/unnamed-8.png?resize=392%2C272&amp;ssl=1 392w, https:\/\/i0.wp.com\/cdnoticias.com\/wp-content\/uploads\/2023\/06\/unnamed-8.png?resize=130%2C90&amp;ssl=1 130w\" sizes=\"auto, (max-width: 800px) 100vw, 800px\" \/><\/p>\n<p>&nbsp;<\/p>\n<p><img data-recalc-dims=\"1\" loading=\"lazy\" decoding=\"async\" class=\"aligncenter size-full wp-image-86975\" src=\"https:\/\/i0.wp.com\/cdnoticias.com\/wp-content\/uploads\/2023\/06\/unnamed-9.png?resize=800%2C130&#038;ssl=1\" alt=\"\" width=\"800\" height=\"130\" srcset=\"https:\/\/i0.wp.com\/cdnoticias.com\/wp-content\/uploads\/2023\/06\/unnamed-9.png?w=962&amp;ssl=1 962w, https:\/\/i0.wp.com\/cdnoticias.com\/wp-content\/uploads\/2023\/06\/unnamed-9.png?resize=300%2C49&amp;ssl=1 300w, https:\/\/i0.wp.com\/cdnoticias.com\/wp-content\/uploads\/2023\/06\/unnamed-9.png?resize=768%2C125&amp;ssl=1 768w\" sizes=\"auto, (max-width: 800px) 100vw, 800px\" \/><\/p>\n<p>&nbsp;<\/p>\n<p><strong>An\u00e1lisis sectorial<\/strong><\/p>\n<p>&nbsp;<\/p>\n<p><strong>El \u00fanico rubro con crecimiento anual en mayo fue Farmacias (+6,4%),<\/strong> y entre los ramos en baja, el de mayor retracci\u00f3n fue<strong> Indumentaria y textil (-8,2%).<\/strong><\/p>\n<p>&nbsp;<\/p>\n<p>Para el acumulado anual, se mantienen en alza <strong>Farmacias (+6,8%) y Ferreter\u00edas, materiales el\u00e9ctricos y de la construcci\u00f3n (+0,5).<\/strong> El resto, todos est\u00e1n abajo del periodo enero-mayo de 2022, siempre medidos a precios constantes.<\/p>\n<p>&nbsp;<\/p>\n<p><img data-recalc-dims=\"1\" loading=\"lazy\" decoding=\"async\" class=\"aligncenter size-full wp-image-86977\" src=\"https:\/\/i0.wp.com\/cdnoticias.com\/wp-content\/uploads\/2023\/06\/unnamed-7.jpg?resize=652%2C366&#038;ssl=1\" alt=\"\" width=\"652\" height=\"366\" srcset=\"https:\/\/i0.wp.com\/cdnoticias.com\/wp-content\/uploads\/2023\/06\/unnamed-7.jpg?w=652&amp;ssl=1 652w, https:\/\/i0.wp.com\/cdnoticias.com\/wp-content\/uploads\/2023\/06\/unnamed-7.jpg?resize=300%2C168&amp;ssl=1 300w\" sizes=\"auto, (max-width: 652px) 100vw, 652px\" \/><\/p>\n<p>&nbsp;<\/p>\n","protected":false},"excerpt":{"rendered":"<p>As\u00ed lo indic\u00f3 un informe elaborado por la CAME. Se acumula un declive del 1,7% en el a\u00f1o y en<\/p>\n","protected":false},"author":5,"featured_media":70315,"comment_status":"closed","ping_status":"closed","sticky":false,"template":"","format":"standard","meta":{"_jetpack_memberships_contains_paid_content":false,"footnotes":""},"categories":[6,1],"tags":[],"class_list":["post-86974","post","type-post","status-publish","format-standard","has-post-thumbnail","hentry","category-nacionales","category-portada"],"jetpack_featured_media_url":"https:\/\/i0.wp.com\/cdnoticias.com\/wp-content\/uploads\/2022\/11\/DIB-canasta-precios-supermercado.jpg?fit=690%2C384&ssl=1","jetpack_sharing_enabled":true,"_links":{"self":[{"href":"https:\/\/cdnoticias.com\/index.php\/wp-json\/wp\/v2\/posts\/86974","targetHints":{"allow":["GET"]}}],"collection":[{"href":"https:\/\/cdnoticias.com\/index.php\/wp-json\/wp\/v2\/posts"}],"about":[{"href":"https:\/\/cdnoticias.com\/index.php\/wp-json\/wp\/v2\/types\/post"}],"author":[{"embeddable":true,"href":"https:\/\/cdnoticias.com\/index.php\/wp-json\/wp\/v2\/users\/5"}],"replies":[{"embeddable":true,"href":"https:\/\/cdnoticias.com\/index.php\/wp-json\/wp\/v2\/comments?post=86974"}],"version-history":[{"count":0,"href":"https:\/\/cdnoticias.com\/index.php\/wp-json\/wp\/v2\/posts\/86974\/revisions"}],"wp:featuredmedia":[{"embeddable":true,"href":"https:\/\/cdnoticias.com\/index.php\/wp-json\/wp\/v2\/media\/70315"}],"wp:attachment":[{"href":"https:\/\/cdnoticias.com\/index.php\/wp-json\/wp\/v2\/media?parent=86974"}],"wp:term":[{"taxonomy":"category","embeddable":true,"href":"https:\/\/cdnoticias.com\/index.php\/wp-json\/wp\/v2\/categories?post=86974"},{"taxonomy":"post_tag","embeddable":true,"href":"https:\/\/cdnoticias.com\/index.php\/wp-json\/wp\/v2\/tags?post=86974"}],"curies":[{"name":"wp","href":"https:\/\/api.w.org\/{rel}","templated":true}]}}