{"id":86961,"date":"2023-06-05T11:10:19","date_gmt":"2023-06-05T14:10:19","guid":{"rendered":"https:\/\/www.centraldenoticias.com.ar\/?p=86961"},"modified":"2023-06-05T11:10:19","modified_gmt":"2023-06-05T14:10:19","slug":"rodriguez-larreta-agradecio-a-la-militancia-de-todo-el-pais","status":"publish","type":"post","link":"https:\/\/cdnoticias.com\/index.php\/2023\/06\/05\/rodriguez-larreta-agradecio-a-la-militancia-de-todo-el-pais\/","title":{"rendered":"Rodr\u00edguez Larreta agradeci\u00f3 a la militancia de todo el pa\u00eds"},"content":{"rendered":"<p>El precandidato a presidente de Juntos por el Cambio, acompa\u00f1\u00f3 este s\u00e1bado el esfuerzo de militantes de todo el pa\u00eds que desplegaron mesas en las del conurbano y la provincia de Buenos Aires.<!--more--><\/p>\n<hr \/>\n<p>Este s\u00e1bado, el precandidato a presidente de Juntos por el Cambio,<strong> Horacio Rodr\u00edguez Larreta, acompa\u00f1\u00f3 el esfuerzo de militantes de todo el pa\u00eds que desplegaron mesas en las del conurbano y la provincia de Buenos Aires.<\/strong><\/p>\n<p>&nbsp;<\/p>\n<p><em>\u201cEs impresionante la energ\u00eda que se respira en cada esquina donde hay un militante contagiando esperanza y mostrando que todos los argentinos podemos vivir mejor si nos animamos a involucrarnos y cambiar nuestra realidad\u201d<\/em>, sostuvo Rodr\u00edguez Larreta luego de encontrarse con los militantes que se juntaron en Quilmes.<\/p>\n<p>&nbsp;<\/p>\n<p>La acci\u00f3n en calle se repiti\u00f3 en esquinas de todas las provincias, acompa\u00f1ada por una <strong>campa\u00f1a digital en redes sociales<\/strong> de apoyo a la candidatura presidencial del jefe de gobierno, bajo el lema \u201cHoracio Presidente\u201d y con el slogan \u201cHagamos el Cambio de nuestras vidas\u201d. En esta primera acci\u00f3n territorial, los <strong>tres ejes de la comunicaci\u00f3n fueron la inseguridad, la econom\u00eda y la educaci\u00f3n,<\/strong> como los grandes problemas a solucionar.<\/p>\n<p>&nbsp;<\/p>\n<p>Hubo mesas y presencia en esquinas de las ciudades de C\u00f3rdoba, Santa Fe, Rosario (Santa Fe), Concordia (Entre R\u00edos), Corrientes, Posadas (Misiones), Chaco, Formosa, Santiago del Estero, Salta, San Fernando del Valle de Catamarca, San Juan, San Luis, Mendoza, General Pico (La Pampa), Neuqu\u00e9n, Viedma (R\u00edo Negro), Bariloche (R\u00edo Negro), General Roca (R\u00edo Negro), Comodoro Rivadavia (Chubut), Esquel (Chubut), Ushuaia (Tierra del Fuego) y R\u00edo Gallegos (Santa Cruz); entre otras.<\/p>\n<p>&nbsp;<\/p>\n<p>En la<strong> provincia de Buenos Aires<\/strong>, hubo un gran despliegue territorial, en especial en el conurbano, <strong>con apoyo tambi\u00e9n al candidato a gobernador Diego Santilli.<\/strong> Hubo mesas en las esquinas de la Primera Secci\u00f3n electoral, en: Escobar, Campana, Jos\u00e9 C. Paz, Malvinas Argentinas, San Miguel, Tres de Febrero, San Fernando, Pilar, Tigre, Mor\u00f3n, Hurlingham, Ituzaing\u00f3, Merlo, Moreno, Luj\u00e1n, General Las Heras, Marcos Paz, Mercedes, Navarro, Suipacha, General Rodr\u00edguez.<\/p>\n<p>&nbsp;<\/p>\n<p>En la Tercera Secci\u00f3n electoral, hubo mesas en las esquinas de: Almirante Brown, Avellaneda, Berazategui, Berisso, Ca\u00f1uelas, Brandsen, Esteban Echeverr\u00eda, Ezeiza, Florencio Varela, La Matanza, Lan\u00fas, Lomas de Zamora, Magdalena, Presidente Per\u00f3n, Punta Indio, Quilmes, San Vicente. Se sumaron adem\u00e1s localidades del interior de la provincia como Pergamino, Ramallo, San Antonio de Areco,<strong> Olavarr\u00eda<\/strong>. Dichas localidades suman el 69% de los electores de provincia de Buenos Aires y el 27% sobre el total del pa\u00eds.<\/p>\n<p>&nbsp;<\/p>\n","protected":false},"excerpt":{"rendered":"<p>El precandidato a presidente de Juntos por el Cambio, acompa\u00f1\u00f3 este s\u00e1bado el esfuerzo de militantes de todo el pa\u00eds<\/p>\n","protected":false},"author":6,"featured_media":55697,"comment_status":"closed","ping_status":"closed","sticky":false,"template":"","format":"standard","meta":{"_jetpack_memberships_contains_paid_content":false,"footnotes":""},"categories":[4],"tags":[],"class_list":["post-86961","post","type-post","status-publish","format-standard","has-post-thumbnail","hentry","category-politica"],"jetpack_featured_media_url":"https:\/\/i0.wp.com\/cdnoticias.com\/wp-content\/uploads\/2022\/05\/larreta-2.jpg?fit=1480%2C944&ssl=1","jetpack_sharing_enabled":true,"_links":{"self":[{"href":"https:\/\/cdnoticias.com\/index.php\/wp-json\/wp\/v2\/posts\/86961","targetHints":{"allow":["GET"]}}],"collection":[{"href":"https:\/\/cdnoticias.com\/index.php\/wp-json\/wp\/v2\/posts"}],"about":[{"href":"https:\/\/cdnoticias.com\/index.php\/wp-json\/wp\/v2\/types\/post"}],"author":[{"embeddable":true,"href":"https:\/\/cdnoticias.com\/index.php\/wp-json\/wp\/v2\/users\/6"}],"replies":[{"embeddable":true,"href":"https:\/\/cdnoticias.com\/index.php\/wp-json\/wp\/v2\/comments?post=86961"}],"version-history":[{"count":0,"href":"https:\/\/cdnoticias.com\/index.php\/wp-json\/wp\/v2\/posts\/86961\/revisions"}],"wp:featuredmedia":[{"embeddable":true,"href":"https:\/\/cdnoticias.com\/index.php\/wp-json\/wp\/v2\/media\/55697"}],"wp:attachment":[{"href":"https:\/\/cdnoticias.com\/index.php\/wp-json\/wp\/v2\/media?parent=86961"}],"wp:term":[{"taxonomy":"category","embeddable":true,"href":"https:\/\/cdnoticias.com\/index.php\/wp-json\/wp\/v2\/categories?post=86961"},{"taxonomy":"post_tag","embeddable":true,"href":"https:\/\/cdnoticias.com\/index.php\/wp-json\/wp\/v2\/tags?post=86961"}],"curies":[{"name":"wp","href":"https:\/\/api.w.org\/{rel}","templated":true}]}}