{"id":86942,"date":"2023-06-05T13:01:24","date_gmt":"2023-06-05T16:01:24","guid":{"rendered":"https:\/\/www.centraldenoticias.com.ar\/?p=86942"},"modified":"2023-06-05T13:01:24","modified_gmt":"2023-06-05T16:01:24","slug":"se-llevo-a-cabo-el-acto-oficial-por-el-dia-del-bombero-voluntario","status":"publish","type":"post","link":"https:\/\/cdnoticias.com\/index.php\/2023\/06\/05\/se-llevo-a-cabo-el-acto-oficial-por-el-dia-del-bombero-voluntario\/","title":{"rendered":"Se llev\u00f3 a cabo el acto oficial por el D\u00eda del Bombero Voluntario"},"content":{"rendered":"<p>En el acto se realizaron ascensos y presentaciones de nuevas unidades para el Cuartel Central y los Destacamentos 1 y 2. Adem\u00e1s, se firm\u00f3 un convenio con la Uni\u00f3n Industria de Olavarr\u00eda.<br \/>\n<!--more--><\/p>\n<hr \/>\n<p>En instalaciones del Cuartel Central se llev\u00f3 adelante el<strong> acto oficial conmemorando el D\u00eda Nacional del Bombero Voluntario <\/strong>en la tarde del s\u00e1bado. Encabezaron el festejo\u00a0el <em>Comandante General Ra\u00fal Ferreira, el Presidente de la Instituci\u00f3n Hugo Fayan\u00e1s, representantes del Consejo Directivo, la Subcomisi\u00f3n de Damas, Cuerpo de Reserva<\/em>, concejales, referentes de diferentes instituciones locales, familiares y amigos.<\/p>\n<p>&nbsp;<\/p>\n<p>Desde Bomberos Voluntarios se destac\u00f3 que<strong> la ceremonia se celebr\u00f3 mientras que, en paralelo, <\/strong><a href=\"https:\/\/cdnoticias.com\/index.php\/2023\/06\/03\/se-produjo-un-incendio-en-un-edificio-de-zona-centrica\/\" target=\"_blank\" rel=\"noopener\"><strong>varias dotaciones y gran parte del Cuerpo Activo trabajaban en la extinci\u00f3n de un importante incendio<\/strong> en el centro la ciudad<\/a>. Una vez controlado el siniestro, los bomberos retornaron al cuartel y fueron recibidos por todos los presentes con un c\u00e1lido y sentido aplauso.<\/p>\n<p>&nbsp;<\/p>\n<p><img data-recalc-dims=\"1\" loading=\"lazy\" decoding=\"async\" class=\"size-full wp-image-86996 aligncenter\" src=\"https:\/\/i0.wp.com\/cdnoticias.com\/wp-content\/uploads\/2023\/06\/acto-dia-del-bombero-04.jpg?resize=800%2C445&#038;ssl=1\" alt=\"\" width=\"800\" height=\"445\" srcset=\"https:\/\/i0.wp.com\/cdnoticias.com\/wp-content\/uploads\/2023\/06\/acto-dia-del-bombero-04.jpg?w=800&amp;ssl=1 800w, https:\/\/i0.wp.com\/cdnoticias.com\/wp-content\/uploads\/2023\/06\/acto-dia-del-bombero-04.jpg?resize=300%2C167&amp;ssl=1 300w, https:\/\/i0.wp.com\/cdnoticias.com\/wp-content\/uploads\/2023\/06\/acto-dia-del-bombero-04.jpg?resize=768%2C427&amp;ssl=1 768w\" sizes=\"auto, (max-width: 800px) 100vw, 800px\" \/><\/p>\n<p>&nbsp;<\/p>\n<p>Una vez presentes todos los bomberos del Cuerpo Activo, se le dio pas\u00f3 a la <strong>Bandera Nacional Argentina, portada por el Oficial de Escuadra Pablo Moreno<\/strong>. Luego se entonaron las estrofas del Himno Nacional Argentino para posteriormente dar paso al <strong>discurso del Comandante General Ra\u00fal Ferreira<\/strong>.<\/p>\n<p>&nbsp;<\/p>\n<p>Ferreira<strong> destac\u00f3 la vocaci\u00f3n y labor de cada bombero<\/strong> que form\u00f3 parte de la extinci\u00f3n del incendio en transcurso. Tambi\u00e9n brind\u00f3 palabras de afecto para aquellos bomberos que cumplieron sus<strong> 25 a\u00f1os de servicio<\/strong>, para quienes ascendieron a bomberos y para quienes lo acompa\u00f1an en la conducci\u00f3n del cuartel.<\/p>\n<p>&nbsp;<\/p>\n<p><img data-recalc-dims=\"1\" loading=\"lazy\" decoding=\"async\" class=\"size-full wp-image-86993 aligncenter\" src=\"https:\/\/i0.wp.com\/cdnoticias.com\/wp-content\/uploads\/2023\/06\/acto-dia-del-bombero-01.jpg?resize=800%2C445&#038;ssl=1\" alt=\"\" width=\"800\" height=\"445\" srcset=\"https:\/\/i0.wp.com\/cdnoticias.com\/wp-content\/uploads\/2023\/06\/acto-dia-del-bombero-01.jpg?w=800&amp;ssl=1 800w, https:\/\/i0.wp.com\/cdnoticias.com\/wp-content\/uploads\/2023\/06\/acto-dia-del-bombero-01.jpg?resize=300%2C167&amp;ssl=1 300w, https:\/\/i0.wp.com\/cdnoticias.com\/wp-content\/uploads\/2023\/06\/acto-dia-del-bombero-01.jpg?resize=768%2C427&amp;ssl=1 768w\" sizes=\"auto, (max-width: 800px) 100vw, 800px\" \/><\/p>\n<p>&nbsp;<\/p>\n<p>M\u00e1s tarde, el Presidente de la instituci\u00f3n<strong> Hugo Fayan\u00e1s<\/strong> se refiri\u00f3 a los bomberos para felicitarlos por su<strong> labor diaria<\/strong>. Tambi\u00e9n destac\u00f3 la importancia de pol\u00edticas p\u00fablicas que favorezcan a instituciones sin fines de lucro y que contribuyen a la comunidad como es el caso de bomberos.<\/p>\n<p>&nbsp;<\/p>\n<p>Luego, el Comandante General junto al Presidente de la instituci\u00f3n y la Presidenta del Concejo Deliberante, Cecilia Krivochen, <strong>oficializaron el decreto en el que se entiende al D\u00eda Nacional del Bombero Voluntario como de inter\u00e9s municipal.<\/strong><\/p>\n<p>&nbsp;<\/p>\n<p><img data-recalc-dims=\"1\" loading=\"lazy\" decoding=\"async\" class=\"size-full wp-image-86995 aligncenter\" src=\"https:\/\/i0.wp.com\/cdnoticias.com\/wp-content\/uploads\/2023\/06\/acto-dia-del-bombero-03.jpg?resize=800%2C445&#038;ssl=1\" alt=\"\" width=\"800\" height=\"445\" srcset=\"https:\/\/i0.wp.com\/cdnoticias.com\/wp-content\/uploads\/2023\/06\/acto-dia-del-bombero-03.jpg?w=800&amp;ssl=1 800w, https:\/\/i0.wp.com\/cdnoticias.com\/wp-content\/uploads\/2023\/06\/acto-dia-del-bombero-03.jpg?resize=300%2C167&amp;ssl=1 300w, https:\/\/i0.wp.com\/cdnoticias.com\/wp-content\/uploads\/2023\/06\/acto-dia-del-bombero-03.jpg?resize=768%2C427&amp;ssl=1 768w\" sizes=\"auto, (max-width: 800px) 100vw, 800px\" \/><\/p>\n<p>&nbsp;<\/p>\n<p>El acto continu\u00f3 con la <strong>distinci\u00f3n a los bomberos que cumplieron 25 a\u00f1os de servicio<\/strong>, para luego dar paso al <strong>ascenso de los nuevos bomberos<\/strong>. La asunci\u00f3n fue acompa\u00f1ada de una lectura realizada por el Ex Comandante General H\u00e9ctor Hoyos.<\/p>\n<p>&nbsp;<\/p>\n<p>Adem\u00e1s, <strong>se presentaron 6 nuevas unidades<\/strong> que se incorporaron a la instituci\u00f3n. Se trata de una<em> Unidad Scania autobomba urbana de incendio y rescate<\/em>, la cual se decor\u00f3 con el nombre de Omar Scavuzzo; <em>dos unidades Mercedes Benz autobombas urbanas de incendio y rescate<\/em> con destino hacia los Destacamentos 1 y 2 de Loma Negra y Sierras Bayas.<\/p>\n<p>&nbsp;<\/p>\n<p><img data-recalc-dims=\"1\" loading=\"lazy\" decoding=\"async\" class=\"size-full wp-image-86994 aligncenter\" src=\"https:\/\/i0.wp.com\/cdnoticias.com\/wp-content\/uploads\/2023\/06\/acto-dia-del-bombero-02.jpg?resize=800%2C444&#038;ssl=1\" alt=\"\" width=\"800\" height=\"444\" srcset=\"https:\/\/i0.wp.com\/cdnoticias.com\/wp-content\/uploads\/2023\/06\/acto-dia-del-bombero-02.jpg?w=800&amp;ssl=1 800w, https:\/\/i0.wp.com\/cdnoticias.com\/wp-content\/uploads\/2023\/06\/acto-dia-del-bombero-02.jpg?resize=300%2C167&amp;ssl=1 300w, https:\/\/i0.wp.com\/cdnoticias.com\/wp-content\/uploads\/2023\/06\/acto-dia-del-bombero-02.jpg?resize=768%2C426&amp;ssl=1 768w\" sizes=\"auto, (max-width: 800px) 100vw, 800px\" \/><\/p>\n<p>&nbsp;<\/p>\n<p>A la par, se present\u00f3 <em>un hidroelevador montado sobre un cami\u00f3n Scania modelo 2006 para incendios de altura<\/em>; una <em>autobomba Renault modelo 1998 4&#215;4 construido t\u00e9cnicamente para incendios forestales<\/em> y afectado al Cuartel Central; y una <em>unidad Mercedes Benz 4&#215;4 para incendios forestales<\/em> destinada al Destacamento 1 de Loma Negra.<\/p>\n<p>&nbsp;<\/p>\n<p>Por \u00faltimo, el acto finaliz\u00f3 con la firma de un <strong>convenio que articula a la Asociaci\u00f3n de Bomberos Voluntarios de Olavarr\u00eda y la Uni\u00f3n Industrial de Olavarr\u00eda,<\/strong> y que favorecer\u00e1 a ambas instituciones que trabajar\u00e1n de manera mancomunada.<\/p>\n<p>&nbsp;<\/p>\n","protected":false},"excerpt":{"rendered":"<p>En el acto se realizaron ascensos y presentaciones de nuevas unidades para el Cuartel Central y los Destacamentos 1 y<\/p>\n","protected":false},"author":6,"featured_media":86992,"comment_status":"closed","ping_status":"closed","sticky":false,"template":"","format":"standard","meta":{"_jetpack_memberships_contains_paid_content":false,"footnotes":""},"categories":[5,1],"tags":[],"class_list":["post-86942","post","type-post","status-publish","format-standard","has-post-thumbnail","hentry","category-informacion-general","category-portada"],"jetpack_featured_media_url":"https:\/\/i0.wp.com\/cdnoticias.com\/wp-content\/uploads\/2023\/06\/acto-dia-del-bombero-00.jpg?fit=800%2C445&ssl=1","jetpack_sharing_enabled":true,"_links":{"self":[{"href":"https:\/\/cdnoticias.com\/index.php\/wp-json\/wp\/v2\/posts\/86942","targetHints":{"allow":["GET"]}}],"collection":[{"href":"https:\/\/cdnoticias.com\/index.php\/wp-json\/wp\/v2\/posts"}],"about":[{"href":"https:\/\/cdnoticias.com\/index.php\/wp-json\/wp\/v2\/types\/post"}],"author":[{"embeddable":true,"href":"https:\/\/cdnoticias.com\/index.php\/wp-json\/wp\/v2\/users\/6"}],"replies":[{"embeddable":true,"href":"https:\/\/cdnoticias.com\/index.php\/wp-json\/wp\/v2\/comments?post=86942"}],"version-history":[{"count":0,"href":"https:\/\/cdnoticias.com\/index.php\/wp-json\/wp\/v2\/posts\/86942\/revisions"}],"wp:featuredmedia":[{"embeddable":true,"href":"https:\/\/cdnoticias.com\/index.php\/wp-json\/wp\/v2\/media\/86992"}],"wp:attachment":[{"href":"https:\/\/cdnoticias.com\/index.php\/wp-json\/wp\/v2\/media?parent=86942"}],"wp:term":[{"taxonomy":"category","embeddable":true,"href":"https:\/\/cdnoticias.com\/index.php\/wp-json\/wp\/v2\/categories?post=86942"},{"taxonomy":"post_tag","embeddable":true,"href":"https:\/\/cdnoticias.com\/index.php\/wp-json\/wp\/v2\/tags?post=86942"}],"curies":[{"name":"wp","href":"https:\/\/api.w.org\/{rel}","templated":true}]}}