{"id":86938,"date":"2023-06-05T08:19:13","date_gmt":"2023-06-05T11:19:13","guid":{"rendered":"https:\/\/www.centraldenoticias.com.ar\/?p=86938"},"modified":"2023-06-05T08:20:43","modified_gmt":"2023-06-05T11:20:43","slug":"se-desarrollo-la-convencion-provincial-del-radicalismo-bonaerense","status":"publish","type":"post","link":"https:\/\/cdnoticias.com\/index.php\/2023\/06\/05\/se-desarrollo-la-convencion-provincial-del-radicalismo-bonaerense\/","title":{"rendered":"Se desarroll\u00f3 la Convenci\u00f3n Provincial del radicalismo bonaerense"},"content":{"rendered":"<p>Se llev\u00f3 a cabo este s\u00e1bado en la ciudad de Coronel Su\u00e1rez, donde se renovaron las autoridades. La olavarriense Mar\u00eda Jos\u00e9 Laurenz fue elegida secretaria.<!--more--><\/p>\n<hr \/>\n<p>Este s\u00e1bado se desarroll\u00f3 una nueva <strong>Convenci\u00f3n Provincial del radicalismo bonaerense<\/strong> en la que se <strong>renovaron autoridades.<\/strong><\/p>\n<p>&nbsp;<\/p>\n<p>Se llev\u00f3 a cabo en la ciudad de Coronel Su\u00e1rez, donde el exdiputado <strong>Carlos Fern\u00e1ndez fue elegido nuevamente como presidente<\/strong>. A su vez, la delegada <strong>olavarriense Mar\u00eda Jos\u00e9 Laurenz ocupar\u00e1 la Mesa Ejecutiva como secretaria.<\/strong><\/p>\n<p>&nbsp;<\/p>\n<p><img data-recalc-dims=\"1\" loading=\"lazy\" decoding=\"async\" class=\"aligncenter wp-image-86940 size-full\" src=\"https:\/\/i0.wp.com\/cdnoticias.com\/wp-content\/uploads\/2023\/06\/IMG-20230603-WA0061.jpg?resize=800%2C450&#038;ssl=1\" alt=\"\" width=\"800\" height=\"450\" srcset=\"https:\/\/i0.wp.com\/cdnoticias.com\/wp-content\/uploads\/2023\/06\/IMG-20230603-WA0061.jpg?w=1599&amp;ssl=1 1599w, https:\/\/i0.wp.com\/cdnoticias.com\/wp-content\/uploads\/2023\/06\/IMG-20230603-WA0061.jpg?resize=300%2C169&amp;ssl=1 300w, https:\/\/i0.wp.com\/cdnoticias.com\/wp-content\/uploads\/2023\/06\/IMG-20230603-WA0061.jpg?resize=1024%2C576&amp;ssl=1 1024w, https:\/\/i0.wp.com\/cdnoticias.com\/wp-content\/uploads\/2023\/06\/IMG-20230603-WA0061.jpg?resize=768%2C432&amp;ssl=1 768w, https:\/\/i0.wp.com\/cdnoticias.com\/wp-content\/uploads\/2023\/06\/IMG-20230603-WA0061.jpg?resize=1536%2C864&amp;ssl=1 1536w\" sizes=\"auto, (max-width: 800px) 100vw, 800px\" \/><\/p>\n<p>&nbsp;<\/p>\n<p>Durante el encuentro que se llev\u00f3 adelante en las instalaciones de la Sociedad Rural de la localidad y en el que estuvieron presentes <strong>m\u00e1s de 350 convencionales<\/strong>, se <strong>ratific\u00f3 la pertenencia del espacio dentro del frente Juntos<\/strong> de cara a la Convenci\u00f3n Nacional que se va a realizar el 12 de junio en Parque Norte.<\/p>\n<p>&nbsp;<\/p>\n<blockquote><p>En este sentido, Laurenz expres\u00f3: &#8220;Como militante del radicalismo y convencional, celebro que se haya pensado en la unidad del partido por sobre los diferentes sectores internos que lo componen y que se haya pensado en la amplitud de cara a las elecciones, para ser un radicalismo m\u00e1s grande, protagonista y volver a tener la voz de la gente que debemos representar y quiere sentirse representada por nosotros&#8221;.<\/p><\/blockquote>\n<p>&nbsp;<\/p>\n","protected":false},"excerpt":{"rendered":"<p>Se llev\u00f3 a cabo este s\u00e1bado en la ciudad de Coronel Su\u00e1rez, donde se renovaron las autoridades. La olavarriense Mar\u00eda<\/p>\n","protected":false},"author":6,"featured_media":86939,"comment_status":"closed","ping_status":"closed","sticky":false,"template":"","format":"standard","meta":{"_jetpack_memberships_contains_paid_content":false,"footnotes":""},"categories":[4,1],"tags":[],"class_list":["post-86938","post","type-post","status-publish","format-standard","has-post-thumbnail","hentry","category-politica","category-portada"],"jetpack_featured_media_url":"https:\/\/i0.wp.com\/cdnoticias.com\/wp-content\/uploads\/2023\/06\/IMG-20230603-WA0059.jpg?fit=1440%2C810&ssl=1","jetpack_sharing_enabled":true,"_links":{"self":[{"href":"https:\/\/cdnoticias.com\/index.php\/wp-json\/wp\/v2\/posts\/86938","targetHints":{"allow":["GET"]}}],"collection":[{"href":"https:\/\/cdnoticias.com\/index.php\/wp-json\/wp\/v2\/posts"}],"about":[{"href":"https:\/\/cdnoticias.com\/index.php\/wp-json\/wp\/v2\/types\/post"}],"author":[{"embeddable":true,"href":"https:\/\/cdnoticias.com\/index.php\/wp-json\/wp\/v2\/users\/6"}],"replies":[{"embeddable":true,"href":"https:\/\/cdnoticias.com\/index.php\/wp-json\/wp\/v2\/comments?post=86938"}],"version-history":[{"count":0,"href":"https:\/\/cdnoticias.com\/index.php\/wp-json\/wp\/v2\/posts\/86938\/revisions"}],"wp:featuredmedia":[{"embeddable":true,"href":"https:\/\/cdnoticias.com\/index.php\/wp-json\/wp\/v2\/media\/86939"}],"wp:attachment":[{"href":"https:\/\/cdnoticias.com\/index.php\/wp-json\/wp\/v2\/media?parent=86938"}],"wp:term":[{"taxonomy":"category","embeddable":true,"href":"https:\/\/cdnoticias.com\/index.php\/wp-json\/wp\/v2\/categories?post=86938"},{"taxonomy":"post_tag","embeddable":true,"href":"https:\/\/cdnoticias.com\/index.php\/wp-json\/wp\/v2\/tags?post=86938"}],"curies":[{"name":"wp","href":"https:\/\/api.w.org\/{rel}","templated":true}]}}