{"id":86927,"date":"2023-06-04T19:30:05","date_gmt":"2023-06-04T22:30:05","guid":{"rendered":"https:\/\/www.centraldenoticias.com.ar\/?p=86927"},"modified":"2023-06-04T19:30:05","modified_gmt":"2023-06-04T22:30:05","slug":"andrea-coronel-ya-coordina-la-fiscalizacion-para-las-elecciones","status":"publish","type":"post","link":"https:\/\/cdnoticias.com\/index.php\/2023\/06\/04\/andrea-coronel-ya-coordina-la-fiscalizacion-para-las-elecciones\/","title":{"rendered":"Andrea Coronel ya coordina la fiscalizaci\u00f3n para las elecciones"},"content":{"rendered":"<p>La dirigente agradeci\u00f3 a quienes dieron su apoyo y reafirm\u00f3 su compromiso de proponer \u201cuna alternativa de ciudad pensada para todos\u201d.<\/p>\n<p><!--more--><\/p>\n<hr \/>\n<p>Este s\u00e1bado en horas de la tarde, <strong>la precandidata a intendente del PRO por la l\u00ednea de Patricia Bullrich, Andrea Coronel<\/strong>, encabez\u00f3 una reuni\u00f3n que consisti\u00f3 en la<strong> firma de adherentes y coordinaci\u00f3n de fiscalizaci\u00f3n<\/strong> para las pr\u00f3ximas elecciones 2023.<\/p>\n<p>&nbsp;<\/p>\n<p>Se indic\u00f3 que la dirigente agradeci\u00f3 a quienes dieron su apoyo y reafirm\u00f3 su compromiso de <strong>proponer \u201cuna alternativa de ciudad pensada para todos\u201d<\/strong>.<\/p>\n<p>&nbsp;<\/p>\n<blockquote><p>\u201cEstoy convencida que los olavarrienses podemos lograr grandes cosas. Conozco las esperanzas y sue\u00f1os de los vecinos por una vida mejor, por una Olavarr\u00eda mejor. En octubre, junto a Patricia Bullrich y N\u00e9stor Grindetti, vamos a comenzar a construir ese sue\u00f1o\u201d finaliz\u00f3 Coronel.<\/p><\/blockquote>\n<p>&nbsp;<\/p>\n<p>&nbsp;<\/p>\n","protected":false},"excerpt":{"rendered":"<p>La dirigente agradeci\u00f3 a quienes dieron su apoyo y reafirm\u00f3 su compromiso de proponer \u201cuna alternativa de ciudad pensada para<\/p>\n","protected":false},"author":4,"featured_media":86925,"comment_status":"closed","ping_status":"closed","sticky":false,"template":"","format":"standard","meta":{"_jetpack_memberships_contains_paid_content":false,"footnotes":""},"categories":[4,1],"tags":[],"class_list":["post-86927","post","type-post","status-publish","format-standard","has-post-thumbnail","hentry","category-politica","category-portada"],"jetpack_featured_media_url":"https:\/\/i0.wp.com\/cdnoticias.com\/wp-content\/uploads\/2023\/06\/andrea-coronel-00.jpg?fit=800%2C445&ssl=1","jetpack_sharing_enabled":true,"_links":{"self":[{"href":"https:\/\/cdnoticias.com\/index.php\/wp-json\/wp\/v2\/posts\/86927","targetHints":{"allow":["GET"]}}],"collection":[{"href":"https:\/\/cdnoticias.com\/index.php\/wp-json\/wp\/v2\/posts"}],"about":[{"href":"https:\/\/cdnoticias.com\/index.php\/wp-json\/wp\/v2\/types\/post"}],"author":[{"embeddable":true,"href":"https:\/\/cdnoticias.com\/index.php\/wp-json\/wp\/v2\/users\/4"}],"replies":[{"embeddable":true,"href":"https:\/\/cdnoticias.com\/index.php\/wp-json\/wp\/v2\/comments?post=86927"}],"version-history":[{"count":0,"href":"https:\/\/cdnoticias.com\/index.php\/wp-json\/wp\/v2\/posts\/86927\/revisions"}],"wp:featuredmedia":[{"embeddable":true,"href":"https:\/\/cdnoticias.com\/index.php\/wp-json\/wp\/v2\/media\/86925"}],"wp:attachment":[{"href":"https:\/\/cdnoticias.com\/index.php\/wp-json\/wp\/v2\/media?parent=86927"}],"wp:term":[{"taxonomy":"category","embeddable":true,"href":"https:\/\/cdnoticias.com\/index.php\/wp-json\/wp\/v2\/categories?post=86927"},{"taxonomy":"post_tag","embeddable":true,"href":"https:\/\/cdnoticias.com\/index.php\/wp-json\/wp\/v2\/tags?post=86927"}],"curies":[{"name":"wp","href":"https:\/\/api.w.org\/{rel}","templated":true}]}}