{"id":8692,"date":"2020-12-11T08:55:11","date_gmt":"2020-12-11T11:55:11","guid":{"rendered":"http:\/\/www.centraldenoticias.com.ar\/?p=8692"},"modified":"2020-12-11T08:55:11","modified_gmt":"2020-12-11T11:55:11","slug":"para-unidad-popular-la-suba-del-agua-fue-otro-golpe-a-los-derechos-de-los-vecinos","status":"publish","type":"post","link":"https:\/\/cdnoticias.com\/index.php\/2020\/12\/11\/para-unidad-popular-la-suba-del-agua-fue-otro-golpe-a-los-derechos-de-los-vecinos\/","title":{"rendered":"Para Unidad Popular, la suba del agua fue \u201cotro golpe a los derechos de los vecinos\u201d"},"content":{"rendered":"<p>La agrupaci\u00f3n partidaria que recientemente se form\u00f3 en Olavarr\u00eda cuestion\u00f3 la votaci\u00f3n del Concejo por \u201cactuar en contra de los intereses de los vecinos\u201d.<!--more--><\/p>\n<hr \/>\n<p><strong>La agrupaci\u00f3n partidaria Unidad Popular Olavarr\u00eda emiti\u00f3 un comunicado titulado \u201cel agua, otro golpe a los derechos de los vecinos\u201d<\/strong> tras la suba tarifaria que <a href=\"https:\/\/cdnoticias.com\/index.php\/2020\/12\/10\/con-los-votos-de-aramburu-y-almada-el-oficialismo-destrabo-la-suba-del-agua\/\" target=\"_blank\" rel=\"noopener\">aprob\u00f3 el Concejo Deliberante<\/a>.<\/p>\n<p>\u201cUnidad Popular Olavarr\u00eda sostiene y reafirma que <strong>el acceso al agua debe ser una pol\u00edtica estatal de salud p\u00fablica<\/strong> cuyo servicio se le debe brindar, en condiciones \u00f3ptimas y sin interrupciones, a toda la sociedad sin distinci\u00f3n alguna\u201d se indic\u00f3.<\/p>\n<p>La agrupaci\u00f3n, que recientemente se form\u00f3 en Olavarr\u00eda y tiene como referente a Guillermo P\u00e9rez, se\u00f1al\u00f3 que \u201cel aumento de m\u00e1s del cien por ciento de la tarifa, propuesto por el Intendente y Coopelectric, a trav\u00e9s de sus concejales, <strong>se vot\u00f3 hoy con total apoyo del bloque de Cambiemos<\/strong> con once votos contra nueve\u201d.<\/p>\n<p>A su vez, sostuvieron que \u201cUnidad Popular Olavarr\u00eda hace responsable al Concejo Deliberante, cuyo presidente es Bruno Cenizo, al Gobierno Municipal, directamente al Intendente Ezequiel Galli y a miembros del Consejo de Administraci\u00f3n de la Cooperativa Limitada de Consumo de Electricidad y Servicios Anexos de nuestra localidad por planificar <strong>un plan sistem\u00e1tico para apropiarse del dinero de los vecinos dentro de este contexto pos pandemia mundial<\/strong> y con una sociedad golpeada econ\u00f3mica y psicol\u00f3gicamente\u201d.<\/p>\n<p>La agrupaci\u00f3n tambi\u00e9n consider\u00f3 responsabilizar \u201cmoral y \u00e9ticamente a los concejales, al intendente y a los miembros del Consejo de Administraci\u00f3n de Coopelectric por <strong>aumentar de manera extorsiva el valor del agua y del servicio de cloacas<\/strong> y los responsabiliza tambi\u00e9n en <strong>actuar en contra de los intereses de los vecinos y s\u00ed a favor de los intereses personales y pol\u00edticos<\/strong> como se ha podido observar en estas \u00faltimas horas\u201d.<\/p>\n<p>A su vez, se\u00f1alaron que<strong> \u201cen contraste y en la misma sesi\u00f3n se trat\u00f3, vot\u00f3 y aprob\u00f3 el pedido de licencia, vacaciones, del Intendente\u201d<\/strong>.<\/p>\n","protected":false},"excerpt":{"rendered":"<p>La agrupaci\u00f3n partidaria que recientemente se form\u00f3 en Olavarr\u00eda cuestion\u00f3 la votaci\u00f3n del Concejo por \u201cactuar en contra de los<\/p>\n","protected":false},"author":4,"featured_media":8617,"comment_status":"closed","ping_status":"closed","sticky":false,"template":"","format":"standard","meta":{"_jetpack_memberships_contains_paid_content":false,"footnotes":""},"categories":[4,1],"tags":[],"class_list":["post-8692","post","type-post","status-publish","format-standard","has-post-thumbnail","hentry","category-politica","category-portada"],"jetpack_featured_media_url":"https:\/\/i0.wp.com\/cdnoticias.com\/wp-content\/uploads\/2020\/12\/hcd-extraordinaria.jpg?fit=4608%2C3072&ssl=1","jetpack_sharing_enabled":true,"_links":{"self":[{"href":"https:\/\/cdnoticias.com\/index.php\/wp-json\/wp\/v2\/posts\/8692","targetHints":{"allow":["GET"]}}],"collection":[{"href":"https:\/\/cdnoticias.com\/index.php\/wp-json\/wp\/v2\/posts"}],"about":[{"href":"https:\/\/cdnoticias.com\/index.php\/wp-json\/wp\/v2\/types\/post"}],"author":[{"embeddable":true,"href":"https:\/\/cdnoticias.com\/index.php\/wp-json\/wp\/v2\/users\/4"}],"replies":[{"embeddable":true,"href":"https:\/\/cdnoticias.com\/index.php\/wp-json\/wp\/v2\/comments?post=8692"}],"version-history":[{"count":0,"href":"https:\/\/cdnoticias.com\/index.php\/wp-json\/wp\/v2\/posts\/8692\/revisions"}],"wp:featuredmedia":[{"embeddable":true,"href":"https:\/\/cdnoticias.com\/index.php\/wp-json\/wp\/v2\/media\/8617"}],"wp:attachment":[{"href":"https:\/\/cdnoticias.com\/index.php\/wp-json\/wp\/v2\/media?parent=8692"}],"wp:term":[{"taxonomy":"category","embeddable":true,"href":"https:\/\/cdnoticias.com\/index.php\/wp-json\/wp\/v2\/categories?post=8692"},{"taxonomy":"post_tag","embeddable":true,"href":"https:\/\/cdnoticias.com\/index.php\/wp-json\/wp\/v2\/tags?post=8692"}],"curies":[{"name":"wp","href":"https:\/\/api.w.org\/{rel}","templated":true}]}}