{"id":86871,"date":"2023-06-03T20:06:56","date_gmt":"2023-06-03T23:06:56","guid":{"rendered":"https:\/\/www.centraldenoticias.com.ar\/?p=86871"},"modified":"2023-06-04T10:42:20","modified_gmt":"2023-06-04T13:42:20","slug":"interviene-el-ministerio-publico-por-el-incendio-en-el-edificio-centrico","status":"publish","type":"post","link":"https:\/\/cdnoticias.com\/index.php\/2023\/06\/03\/interviene-el-ministerio-publico-por-el-incendio-en-el-edificio-centrico\/","title":{"rendered":"Interviene el Ministerio P\u00fablico por el incendio en el edificio c\u00e9ntrico"},"content":{"rendered":"<p>Cuatro dotaciones de Bomberos concurrieron al lugar y tambi\u00e9n ambulancias para asistir a vecinos. El fuego se declar\u00f3 en el piso 11. Interviene la UFI N\u00ba 4 que investiga lo sucedido como \u201caveriguaci\u00f3n de il\u00edcito\u201d.<\/p>\n<p><!--more--><\/p>\n<hr \/>\n<p><a href=\"https:\/\/cdnoticias.com\/index.php\/2023\/06\/03\/se-produjo-un-incendio-en-un-edificio-de-zona-centrica\/\" target=\"_blank\" rel=\"noopener\">Tal como dio a conocer<strong> Central de Noticias<\/strong><\/a>, en el mediod\u00eda de este s\u00e1bado se declar\u00f3 <strong>un incendio en un edificio de Dorrego y Moreno<\/strong> que demand\u00f3 la labor de numerosos bomberos y personal de seguridad.<\/p>\n<p>&nbsp;<\/p>\n<p>El siniestro <strong>comenz\u00f3 hacia el mediod\u00eda<\/strong> y en total intervinieron <strong>cuatro dotaciones de bomberos<\/strong> que trabajaron <strong>hasta cerca de las 16.30<\/strong>.<\/p>\n<p>&nbsp;<\/p>\n<p>Se pudo confirmar que a ra\u00edz de un llamado al 911, personal policial del Comando de Prevenci\u00f3n de Olavarr\u00eda (CPO) se present\u00f3 en el lugar del hecho donde se constat\u00f3 que<strong> hab\u00eda un foco de incendio en un departamento del piso 11, el \u00faltimo piso del edificio<\/strong>.<\/p>\n<p>&nbsp;<\/p>\n<blockquote class=\"instagram-media\" style=\"background: #FFF; border: 0; border-radius: 3px; box-shadow: 0 0 1px 0 rgba(0,0,0,0.5),0 1px 10px 0 rgba(0,0,0,0.15); margin: 1px; max-width: 540px; min-width: 326px; padding: 0; width: calc(100% - 2px);\" data-instgrm-captioned=\"\" data-instgrm-permalink=\"https:\/\/www.instagram.com\/reel\/CtC4PMzAGdH\/?utm_source=ig_embed&amp;utm_campaign=loading\" data-instgrm-version=\"14\">\n<div style=\"padding: 16px;\">\n<p>&nbsp;<\/p>\n<div style=\"display: flex; flex-direction: row; align-items: center;\">\n<div style=\"background-color: #f4f4f4; border-radius: 50%; flex-grow: 0; height: 40px; margin-right: 14px; width: 40px;\"><\/div>\n<div style=\"display: flex; flex-direction: column; flex-grow: 1; justify-content: center;\">\n<div style=\"background-color: #f4f4f4; border-radius: 4px; flex-grow: 0; height: 14px; margin-bottom: 6px; width: 100px;\"><\/div>\n<div style=\"background-color: #f4f4f4; border-radius: 4px; flex-grow: 0; height: 14px; width: 60px;\"><\/div>\n<\/div>\n<\/div>\n<div style=\"padding: 19% 0;\"><\/div>\n<div style=\"display: block; height: 50px; margin: 0 auto 12px; width: 50px;\"><\/div>\n<div style=\"padding-top: 8px;\">\n<div style=\"color: #3897f0; font-family: Arial,sans-serif; font-size: 14px; font-style: normal; font-weight: 550; line-height: 18px;\">Ver esta publicaci\u00f3n en Instagram<\/div>\n<\/div>\n<div style=\"padding: 12.5% 0;\"><\/div>\n<div style=\"display: flex; flex-direction: row; margin-bottom: 14px; align-items: center;\">\n<div>\n<div style=\"background-color: #f4f4f4; border-radius: 50%; height: 12.5px; width: 12.5px; transform: translateX(0px) translateY(7px);\"><\/div>\n<div style=\"background-color: #f4f4f4; height: 12.5px; transform: rotate(-45deg) translateX(3px) translateY(1px); width: 12.5px; flex-grow: 0; margin-right: 14px; margin-left: 2px;\"><\/div>\n<div style=\"background-color: #f4f4f4; border-radius: 50%; height: 12.5px; width: 12.5px; transform: translateX(9px) translateY(-18px);\"><\/div>\n<\/div>\n<div style=\"margin-left: 8px;\">\n<div style=\"background-color: #f4f4f4; border-radius: 50%; flex-grow: 0; height: 20px; width: 20px;\"><\/div>\n<div style=\"width: 0; height: 0; border-top: 2px solid transparent; border-left: 6px solid #f4f4f4; border-bottom: 2px solid transparent; transform: translateX(16px) translateY(-4px) rotate(30deg);\"><\/div>\n<\/div>\n<div style=\"margin-left: auto;\">\n<div style=\"width: 0px; border-top: 8px solid #F4F4F4; border-right: 8px solid transparent; transform: translateY(16px);\"><\/div>\n<div style=\"background-color: #f4f4f4; flex-grow: 0; height: 12px; width: 16px; transform: translateY(-4px);\"><\/div>\n<div style=\"width: 0; height: 0; border-top: 8px solid #F4F4F4; border-left: 8px solid transparent; transform: translateY(-4px) translateX(8px);\"><\/div>\n<\/div>\n<\/div>\n<div style=\"display: flex; flex-direction: column; flex-grow: 1; justify-content: center; margin-bottom: 24px;\">\n<div style=\"background-color: #f4f4f4; border-radius: 4px; flex-grow: 0; height: 14px; margin-bottom: 6px; width: 224px;\"><\/div>\n<div style=\"background-color: #f4f4f4; border-radius: 4px; flex-grow: 0; height: 14px; width: 144px;\"><\/div>\n<\/div>\n<p>&nbsp;<\/p>\n<p style=\"color: #c9c8cd; font-family: Arial,sans-serif; font-size: 14px; line-height: 17px; margin-bottom: 0; margin-top: 8px; overflow: hidden; padding: 8px 0 7px; text-align: center; text-overflow: ellipsis; white-space: nowrap;\"><a style=\"color: #c9c8cd; font-family: Arial,sans-serif; font-size: 14px; font-style: normal; font-weight: normal; line-height: 17px; text-decoration: none;\" href=\"https:\/\/www.instagram.com\/reel\/CtC4PMzAGdH\/?utm_source=ig_embed&amp;utm_campaign=loading\" target=\"_blank\" rel=\"noopener\">Una publicaci\u00f3n compartida por Central de Noticias Olavarr\u00eda (@cdnolavarria)<\/a><\/p>\n<\/div>\n<\/blockquote>\n<p><script async src=\"\/\/www.instagram.com\/embed.js\"><\/script><\/p>\n<p>&nbsp;<\/p>\n<p>Se aclar\u00f3 que <strong>el ocupante del departamento no se encontraba<\/strong> en el edificio y el humo ya era visible desde afuera.<\/p>\n<p>&nbsp;<\/p>\n<p>Ante la magnitud del incendio, <strong>se dispuso evacuar la totalidad de los departamentos<\/strong> para poner a los habitantes a resguardo. Se destac\u00f3 que <strong>todos estuvieron fuera de peligro<\/strong> y en buen estado de salud.<strong> Pasadas las 19 horas pudieron volver a ingresar<\/strong> para buscar efectos personales.<\/p>\n<p>&nbsp;<\/p>\n<p>Paralelamente, fueron convocados los <strong>bomberos y ambulancias<\/strong>. Se dej\u00f3 saber que el personal m\u00e9dico fue llamado a ra\u00edz de que <em>hab\u00eda personas imposibilitadas de movilizarse y una persona con internaci\u00f3n domiciliaria<\/em>.<\/p>\n<p>&nbsp;<\/p>\n<p>Desde Bomberos concurrieron <strong>las Unidad 16 y 12<\/strong> en un primer momento, y luego se sumaron las <strong>Unidades 9 y 25<\/strong>. La <strong>Unidad 12 tiene la escalera mec\u00e1nica<\/strong> con la que se pudo acceder desde afuera para realizar trabajos en altura.<\/p>\n<p>&nbsp;<\/p>\n<p><img data-recalc-dims=\"1\" loading=\"lazy\" decoding=\"async\" class=\"size-large wp-image-86843 aligncenter\" src=\"https:\/\/i0.wp.com\/cdnoticias.com\/wp-content\/uploads\/2023\/06\/WhatsApp-Image-2023-06-03-at-13.18.25.jpeg?resize=800%2C598&#038;ssl=1\" alt=\"\" width=\"800\" height=\"598\" srcset=\"https:\/\/i0.wp.com\/cdnoticias.com\/wp-content\/uploads\/2023\/06\/WhatsApp-Image-2023-06-03-at-13.18.25.jpeg?resize=1024%2C766&amp;ssl=1 1024w, https:\/\/i0.wp.com\/cdnoticias.com\/wp-content\/uploads\/2023\/06\/WhatsApp-Image-2023-06-03-at-13.18.25.jpeg?resize=300%2C224&amp;ssl=1 300w, https:\/\/i0.wp.com\/cdnoticias.com\/wp-content\/uploads\/2023\/06\/WhatsApp-Image-2023-06-03-at-13.18.25.jpeg?resize=768%2C574&amp;ssl=1 768w, https:\/\/i0.wp.com\/cdnoticias.com\/wp-content\/uploads\/2023\/06\/WhatsApp-Image-2023-06-03-at-13.18.25.jpeg?w=1280&amp;ssl=1 1280w\" sizes=\"auto, (max-width: 800px) 100vw, 800px\" \/><\/p>\n<p>&nbsp;<\/p>\n<p>Extraoficialmente, se estim\u00f3 que<strong> el incendio se declar\u00f3 a ra\u00edz de un desperfecto el\u00e9ctrico<\/strong> y afect\u00f3 a toda la instalaci\u00f3n del edificio.<\/p>\n<p>&nbsp;<\/p>\n<blockquote><p>Asimismo, se hizo presente personal de la UFI N\u00ba 4 de Olavarr\u00eda que dispuso el inicio de las averiguaciones para establecer lo sucedido. En ese marco, se inform\u00f3 que se orden\u00f3 la custodia policial, la toma de testimonios y la convocatoria a peritos de Bomberos de Azul.<\/p><\/blockquote>\n<p>&nbsp;<\/p>\n<p>La investigaci\u00f3n se lleva adelante como <strong>\u201caveriguaci\u00f3n de il\u00edcito\u201d<\/strong> y es encabezada por la <strong>fiscal Paula Serrano de la UFI N\u00ba 4.<\/strong><\/p>\n<p>&nbsp;<\/p>\n<p>Cabe se\u00f1alar que en el marco de las medidas de prevenci\u00f3n, tambi\u00e9n se observ\u00f3 que<strong> fue evacuada la estaci\u00f3n de servicio<\/strong> ubicada frente al edificio. Se hicieron presentes el intendente Ezequiel Galli, el titular de Defensa Civil, Adri\u00e1n Guevara, y el subsecretario de Seguridad del Municipio, Mario Busto.<\/p>\n<p>&nbsp;<\/p>\n<p><img data-recalc-dims=\"1\" loading=\"lazy\" decoding=\"async\" class=\"size-large wp-image-86842 aligncenter\" src=\"https:\/\/i0.wp.com\/cdnoticias.com\/wp-content\/uploads\/2023\/06\/WhatsApp-Image-2023-06-03-at-13.18.25-1.jpeg?resize=800%2C598&#038;ssl=1\" alt=\"\" width=\"800\" height=\"598\" srcset=\"https:\/\/i0.wp.com\/cdnoticias.com\/wp-content\/uploads\/2023\/06\/WhatsApp-Image-2023-06-03-at-13.18.25-1.jpeg?resize=1024%2C766&amp;ssl=1 1024w, https:\/\/i0.wp.com\/cdnoticias.com\/wp-content\/uploads\/2023\/06\/WhatsApp-Image-2023-06-03-at-13.18.25-1.jpeg?resize=300%2C224&amp;ssl=1 300w, https:\/\/i0.wp.com\/cdnoticias.com\/wp-content\/uploads\/2023\/06\/WhatsApp-Image-2023-06-03-at-13.18.25-1.jpeg?resize=768%2C574&amp;ssl=1 768w, https:\/\/i0.wp.com\/cdnoticias.com\/wp-content\/uploads\/2023\/06\/WhatsApp-Image-2023-06-03-at-13.18.25-1.jpeg?w=1280&amp;ssl=1 1280w\" sizes=\"auto, (max-width: 800px) 100vw, 800px\" \/><\/p>\n<p>&nbsp;<\/p>\n","protected":false},"excerpt":{"rendered":"<p>Cuatro dotaciones de Bomberos concurrieron al lugar y tambi\u00e9n ambulancias para asistir a vecinos. El fuego se declar\u00f3 en el<\/p>\n","protected":false},"author":4,"featured_media":86872,"comment_status":"closed","ping_status":"closed","sticky":false,"template":"","format":"standard","meta":{"_jetpack_memberships_contains_paid_content":false,"footnotes":""},"categories":[14,1],"tags":[],"class_list":["post-86871","post","type-post","status-publish","format-standard","has-post-thumbnail","hentry","category-policiales","category-portada"],"jetpack_featured_media_url":"https:\/\/i0.wp.com\/cdnoticias.com\/wp-content\/uploads\/2023\/06\/incendio-dorrego-y-moreno.jpg?fit=827%2C460&ssl=1","jetpack_sharing_enabled":true,"_links":{"self":[{"href":"https:\/\/cdnoticias.com\/index.php\/wp-json\/wp\/v2\/posts\/86871","targetHints":{"allow":["GET"]}}],"collection":[{"href":"https:\/\/cdnoticias.com\/index.php\/wp-json\/wp\/v2\/posts"}],"about":[{"href":"https:\/\/cdnoticias.com\/index.php\/wp-json\/wp\/v2\/types\/post"}],"author":[{"embeddable":true,"href":"https:\/\/cdnoticias.com\/index.php\/wp-json\/wp\/v2\/users\/4"}],"replies":[{"embeddable":true,"href":"https:\/\/cdnoticias.com\/index.php\/wp-json\/wp\/v2\/comments?post=86871"}],"version-history":[{"count":0,"href":"https:\/\/cdnoticias.com\/index.php\/wp-json\/wp\/v2\/posts\/86871\/revisions"}],"wp:featuredmedia":[{"embeddable":true,"href":"https:\/\/cdnoticias.com\/index.php\/wp-json\/wp\/v2\/media\/86872"}],"wp:attachment":[{"href":"https:\/\/cdnoticias.com\/index.php\/wp-json\/wp\/v2\/media?parent=86871"}],"wp:term":[{"taxonomy":"category","embeddable":true,"href":"https:\/\/cdnoticias.com\/index.php\/wp-json\/wp\/v2\/categories?post=86871"},{"taxonomy":"post_tag","embeddable":true,"href":"https:\/\/cdnoticias.com\/index.php\/wp-json\/wp\/v2\/tags?post=86871"}],"curies":[{"name":"wp","href":"https:\/\/api.w.org\/{rel}","templated":true}]}}