{"id":86818,"date":"2023-06-03T12:00:03","date_gmt":"2023-06-03T15:00:03","guid":{"rendered":"https:\/\/www.centraldenoticias.com.ar\/?p=86818"},"modified":"2023-06-03T13:39:14","modified_gmt":"2023-06-03T16:39:14","slug":"aprehendieron-a-un-hombre-por-realizar-un-hurto-en-una-pizzeria","status":"publish","type":"post","link":"https:\/\/cdnoticias.com\/index.php\/2023\/06\/03\/aprehendieron-a-un-hombre-por-realizar-un-hurto-en-una-pizzeria\/","title":{"rendered":"Aprehendieron a un hombre por realizar un hurto en una pizzer\u00eda"},"content":{"rendered":"<p>El hecho ocurri\u00f3 en la pizzer\u00eda &#8220;Mandioca&#8221; ubicada en avenida Col\u00f3n y Vicente L\u00f3pez. El hombre hab\u00eda sustra\u00eddo un celular que se hallaba arriba del mostrador. <!--more--><\/p>\n<hr \/>\n<p>Este viernes, Comando de Patrullas Olavarr\u00eda<strong> aprehendi\u00f3 a un hombre que realiz\u00f3 un hurto en la pizzer\u00eda &#8220;Mandioca&#8221;<\/strong> ubicada en avenida Col\u00f3n y Vicente L\u00f3pez. Al arribo del lugar, la v\u00edctima inform\u00f3 que el hombre hab\u00eda ingresado al lugar a la par que indic\u00f3 que lo conoc\u00eda, ya que concurre habitualmente y suelen darle comida.<\/p>\n<p>&nbsp;<\/p>\n<p>En ese momento, el hombre <strong>sustrajo el celular de la v\u00edctima marca Samsung J2<\/strong>, el cual se hallaba arriba del mostrador. Luego, el hombre se dio a la fuga a pie por avenida Col\u00f3n hacia Alsina.\u00a0 La v\u00edctima mostr\u00f3 la filmaci\u00f3n del hecho y minutos m\u00e1s tarde <strong>se logr\u00f3 interceptar al sujeto en Guisasola y Belgrano, donde se procedi\u00f3 a su inmediata aprehensi\u00f3n.<\/strong><\/p>\n<p>&nbsp;<\/p>\n<p><img data-recalc-dims=\"1\" loading=\"lazy\" decoding=\"async\" class=\"aligncenter wp-image-86821 size-full\" src=\"https:\/\/i0.wp.com\/cdnoticias.com\/wp-content\/uploads\/2023\/06\/WhatsApp-Image-2023-06-03-at-11.00.27-1-e1685801871503.jpeg?resize=800%2C676&#038;ssl=1\" alt=\"\" width=\"800\" height=\"676\" srcset=\"https:\/\/i0.wp.com\/cdnoticias.com\/wp-content\/uploads\/2023\/06\/WhatsApp-Image-2023-06-03-at-11.00.27-1-e1685801871503.jpeg?w=900&amp;ssl=1 900w, https:\/\/i0.wp.com\/cdnoticias.com\/wp-content\/uploads\/2023\/06\/WhatsApp-Image-2023-06-03-at-11.00.27-1-e1685801871503.jpeg?resize=300%2C253&amp;ssl=1 300w, https:\/\/i0.wp.com\/cdnoticias.com\/wp-content\/uploads\/2023\/06\/WhatsApp-Image-2023-06-03-at-11.00.27-1-e1685801871503.jpeg?resize=768%2C649&amp;ssl=1 768w\" sizes=\"auto, (max-width: 800px) 100vw, 800px\" \/><\/p>\n<p>&nbsp;<\/p>\n<p>A la par, personal GTO de Comisaria Primera en tareas conjuntas con SUB DDI Olavarr\u00eda y CPO, estableci\u00f3 que <strong>el tel\u00e9fono sustra\u00eddo se encontrar\u00eda en un domicilio de la calle Sargento Cabral,<\/strong> donde el sujeto <strong>lo habr\u00eda arrojado<\/strong> tras el hurto. Ante esta situaci\u00f3n, se efectiviz\u00f3 un <strong>allanamiento<\/strong> con anuencia procediendo al recogimiento del tel\u00e9fono sustra\u00eddo.<\/p>\n<p>&nbsp;<\/p>\n<p>El hecho se caratul\u00f3 <strong>&#8220;hurto&#8221;<\/strong> y el aprehendido se encuentra alojado en Comisar\u00eda Primera. Interviene la UFI N\u00b04 a cargo de la doctora Paula Serrano.<\/p>\n","protected":false},"excerpt":{"rendered":"<p>El hecho ocurri\u00f3 en la pizzer\u00eda &#8220;Mandioca&#8221; ubicada en avenida Col\u00f3n y Vicente L\u00f3pez. El hombre hab\u00eda sustra\u00eddo un celular<\/p>\n","protected":false},"author":6,"featured_media":86819,"comment_status":"closed","ping_status":"closed","sticky":false,"template":"","format":"standard","meta":{"_jetpack_memberships_contains_paid_content":false,"footnotes":""},"categories":[14,1],"tags":[],"class_list":["post-86818","post","type-post","status-publish","format-standard","has-post-thumbnail","hentry","category-policiales","category-portada"],"jetpack_featured_media_url":"https:\/\/i0.wp.com\/cdnoticias.com\/wp-content\/uploads\/2023\/06\/WhatsApp-Image-2023-06-03-at-11.00.27-e1685801844934.jpeg?fit=900%2C568&ssl=1","jetpack_sharing_enabled":true,"_links":{"self":[{"href":"https:\/\/cdnoticias.com\/index.php\/wp-json\/wp\/v2\/posts\/86818","targetHints":{"allow":["GET"]}}],"collection":[{"href":"https:\/\/cdnoticias.com\/index.php\/wp-json\/wp\/v2\/posts"}],"about":[{"href":"https:\/\/cdnoticias.com\/index.php\/wp-json\/wp\/v2\/types\/post"}],"author":[{"embeddable":true,"href":"https:\/\/cdnoticias.com\/index.php\/wp-json\/wp\/v2\/users\/6"}],"replies":[{"embeddable":true,"href":"https:\/\/cdnoticias.com\/index.php\/wp-json\/wp\/v2\/comments?post=86818"}],"version-history":[{"count":0,"href":"https:\/\/cdnoticias.com\/index.php\/wp-json\/wp\/v2\/posts\/86818\/revisions"}],"wp:featuredmedia":[{"embeddable":true,"href":"https:\/\/cdnoticias.com\/index.php\/wp-json\/wp\/v2\/media\/86819"}],"wp:attachment":[{"href":"https:\/\/cdnoticias.com\/index.php\/wp-json\/wp\/v2\/media?parent=86818"}],"wp:term":[{"taxonomy":"category","embeddable":true,"href":"https:\/\/cdnoticias.com\/index.php\/wp-json\/wp\/v2\/categories?post=86818"},{"taxonomy":"post_tag","embeddable":true,"href":"https:\/\/cdnoticias.com\/index.php\/wp-json\/wp\/v2\/tags?post=86818"}],"curies":[{"name":"wp","href":"https:\/\/api.w.org\/{rel}","templated":true}]}}