{"id":86771,"date":"2023-06-03T11:01:02","date_gmt":"2023-06-03T14:01:02","guid":{"rendered":"https:\/\/www.centraldenoticias.com.ar\/?p=86771"},"modified":"2023-06-03T11:01:02","modified_gmt":"2023-06-03T14:01:02","slug":"eduardo-rodriguez-participo-de-una-reunion-en-proyectar-argentina","status":"publish","type":"post","link":"https:\/\/cdnoticias.com\/index.php\/2023\/06\/03\/eduardo-rodriguez-participo-de-una-reunion-en-proyectar-argentina\/","title":{"rendered":"Eduardo Rodr\u00edguez particip\u00f3 de una reuni\u00f3n en ProyectAr Argentina"},"content":{"rendered":"<p>Se indic\u00f3 que &#8220;quedaron definidos los ejes estrat\u00e9gicos que abordar\u00e1 ProyectAr para el desarrollo productivo argentino y en particular de Olavarr\u00eda y la regi\u00f3n&#8221;. <!--more--><\/p>\n<hr \/>\n<p>En la tarde de este jueves,<strong> Eduardo Rodr\u00edguez,<\/strong> referente y precandidato a Intendente por el Foro Olavarr\u00eda &#8211; Frente Renovador en el Frente de Todos, particip\u00f3 de la <strong>reuni\u00f3n de ProyectAr Argentina<\/strong>, la Escuela de Gobierno y Pol\u00edticas P\u00fablicas que encabeza Sergio Massa.<\/p>\n<p>&nbsp;<\/p>\n<p>All\u00ed estuvo junto a la Diputada Nacional, M\u00f3nica Litza, Directora de ProyectAr, y representantes de equipos t\u00e9cnicos con quienes se trabaj\u00f3 en los lineamientos que la Escuela de Gobierno desarrollar\u00e1 en el pa\u00eds y en Olavarr\u00eda particularmente.<\/p>\n<p>&nbsp;<\/p>\n<p><img data-recalc-dims=\"1\" loading=\"lazy\" decoding=\"async\" class=\"aligncenter wp-image-86773 size-full\" src=\"https:\/\/i0.wp.com\/cdnoticias.com\/wp-content\/uploads\/2023\/06\/Eduardo-Rodriguez-ProyectAr.jpg?resize=800%2C500&#038;ssl=1\" alt=\"\" width=\"800\" height=\"500\" srcset=\"https:\/\/i0.wp.com\/cdnoticias.com\/wp-content\/uploads\/2023\/06\/Eduardo-Rodriguez-ProyectAr.jpg?w=800&amp;ssl=1 800w, https:\/\/i0.wp.com\/cdnoticias.com\/wp-content\/uploads\/2023\/06\/Eduardo-Rodriguez-ProyectAr.jpg?resize=300%2C188&amp;ssl=1 300w, https:\/\/i0.wp.com\/cdnoticias.com\/wp-content\/uploads\/2023\/06\/Eduardo-Rodriguez-ProyectAr.jpg?resize=768%2C480&amp;ssl=1 768w\" sizes=\"auto, (max-width: 800px) 100vw, 800px\" \/><\/p>\n<p>&nbsp;<\/p>\n<p>En consonancia con la nueva agenda de Argentina en el mundo, la Escuela ProyectAr defini\u00f3 los ejes estrat\u00e9gicos para avanzar con propuestas de pol\u00edticas p\u00fablicas y proyectos:\u00a0<strong> Recursos naturales, Agroindustria, Econom\u00eda del Conocimiento y Estado y Gobierno<\/strong>. Para abordar los ejes mencionados se articular\u00e1 con los equipos t\u00e9cnicos y funcionarios Nacionales a trav\u00e9s de nuevos cursos, laboratorios de ideas con los actores sociales y econ\u00f3micos y clases magistrales.<\/p>\n<p>&nbsp;<\/p>\n<p>Al respecto, Eduardo Rodr\u00edguez se\u00f1al\u00f3 que \u201c<em><strong>los recursos naturales estrat\u00e9gicos, la econom\u00eda del conocimiento y la agroindustrial son vectores econ\u00f3micos para el desarrollo de Argentina y de Olavarr\u00eda. El Estado Municipal debe tener un rol preponderante junto a productores, industriales y empresarios de Olavarr\u00eda y la regi\u00f3n para ser parte de la nueva agenda de Argentina y el mundo&#8221;.\u00a0<\/strong><\/em><\/p>\n","protected":false},"excerpt":{"rendered":"<p>Se indic\u00f3 que &#8220;quedaron definidos los ejes estrat\u00e9gicos que abordar\u00e1 ProyectAr para el desarrollo productivo argentino y en particular de<\/p>\n","protected":false},"author":6,"featured_media":86772,"comment_status":"closed","ping_status":"closed","sticky":false,"template":"","format":"standard","meta":{"_jetpack_memberships_contains_paid_content":false,"footnotes":""},"categories":[4,1],"tags":[],"class_list":["post-86771","post","type-post","status-publish","format-standard","has-post-thumbnail","hentry","category-politica","category-portada"],"jetpack_featured_media_url":"https:\/\/i0.wp.com\/cdnoticias.com\/wp-content\/uploads\/2023\/06\/Eduardo-Rodriguez-ProyectAr-1.jpg?fit=800%2C500&ssl=1","jetpack_sharing_enabled":true,"_links":{"self":[{"href":"https:\/\/cdnoticias.com\/index.php\/wp-json\/wp\/v2\/posts\/86771","targetHints":{"allow":["GET"]}}],"collection":[{"href":"https:\/\/cdnoticias.com\/index.php\/wp-json\/wp\/v2\/posts"}],"about":[{"href":"https:\/\/cdnoticias.com\/index.php\/wp-json\/wp\/v2\/types\/post"}],"author":[{"embeddable":true,"href":"https:\/\/cdnoticias.com\/index.php\/wp-json\/wp\/v2\/users\/6"}],"replies":[{"embeddable":true,"href":"https:\/\/cdnoticias.com\/index.php\/wp-json\/wp\/v2\/comments?post=86771"}],"version-history":[{"count":0,"href":"https:\/\/cdnoticias.com\/index.php\/wp-json\/wp\/v2\/posts\/86771\/revisions"}],"wp:featuredmedia":[{"embeddable":true,"href":"https:\/\/cdnoticias.com\/index.php\/wp-json\/wp\/v2\/media\/86772"}],"wp:attachment":[{"href":"https:\/\/cdnoticias.com\/index.php\/wp-json\/wp\/v2\/media?parent=86771"}],"wp:term":[{"taxonomy":"category","embeddable":true,"href":"https:\/\/cdnoticias.com\/index.php\/wp-json\/wp\/v2\/categories?post=86771"},{"taxonomy":"post_tag","embeddable":true,"href":"https:\/\/cdnoticias.com\/index.php\/wp-json\/wp\/v2\/tags?post=86771"}],"curies":[{"name":"wp","href":"https:\/\/api.w.org\/{rel}","templated":true}]}}