{"id":86758,"date":"2023-06-02T18:29:11","date_gmt":"2023-06-02T21:29:11","guid":{"rendered":"https:\/\/www.centraldenoticias.com.ar\/?p=86758"},"modified":"2023-06-02T18:29:11","modified_gmt":"2023-06-02T21:29:11","slug":"se-llevo-a-cabo-el-acto-protocolar-por-el-dia-nacional-del-bombero-voluntario","status":"publish","type":"post","link":"https:\/\/cdnoticias.com\/index.php\/2023\/06\/02\/se-llevo-a-cabo-el-acto-protocolar-por-el-dia-nacional-del-bombero-voluntario\/","title":{"rendered":"Se llev\u00f3 a cabo el acto Protocolar por el D\u00eda Nacional del Bombero Voluntario"},"content":{"rendered":"<p>La ceremonia cont\u00f3 con la presencia del cuerpo activo, personal de la reserva y auxiliar, el Presidente del Consejo Directivo Hugo Fayan\u00e1s y autoridades.<!--more--><\/p>\n<hr \/>\n<p>Este <strong>viernes 2 de junio<\/strong> en instalaciones del <strong>Cuartel Central de Bomberos de Olavarr\u00eda<\/strong>, se llev\u00f3 a cabo el acto que conmemora el <strong>D\u00eda del Bombero Voluntario<\/strong> en el pa\u00eds.<\/p>\n<p>&nbsp;<\/p>\n<p>La ceremonia cont\u00f3 con la presencia del cuerpo activo, personal de la reserva y auxiliar, el Presidente del Consejo Directivo Hugo Fayan\u00e1s y autoridades. El acto comenz\u00f3 con la formaci\u00f3n frente al cuartel y el izamiento de la bandera nacional a cargo del Ayudante de Reserva Luis Natalle.<\/p>\n<p>&nbsp;<\/p>\n<p><img data-recalc-dims=\"1\" loading=\"lazy\" decoding=\"async\" class=\"aligncenter wp-image-86761 size-full\" src=\"https:\/\/i0.wp.com\/cdnoticias.com\/wp-content\/uploads\/2023\/06\/Saludo-nro-1-frente-al-monumento-del-bombero.jpg?resize=800%2C530&#038;ssl=1\" alt=\"\" width=\"800\" height=\"530\" srcset=\"https:\/\/i0.wp.com\/cdnoticias.com\/wp-content\/uploads\/2023\/06\/Saludo-nro-1-frente-al-monumento-del-bombero.jpg?w=1280&amp;ssl=1 1280w, https:\/\/i0.wp.com\/cdnoticias.com\/wp-content\/uploads\/2023\/06\/Saludo-nro-1-frente-al-monumento-del-bombero.jpg?resize=300%2C199&amp;ssl=1 300w, https:\/\/i0.wp.com\/cdnoticias.com\/wp-content\/uploads\/2023\/06\/Saludo-nro-1-frente-al-monumento-del-bombero.jpg?resize=1024%2C678&amp;ssl=1 1024w, https:\/\/i0.wp.com\/cdnoticias.com\/wp-content\/uploads\/2023\/06\/Saludo-nro-1-frente-al-monumento-del-bombero.jpg?resize=768%2C509&amp;ssl=1 768w\" sizes=\"auto, (max-width: 800px) 100vw, 800px\" \/><\/p>\n<p>&nbsp;<\/p>\n<p>Luego, los presentes se dirigieron hacia el interior de las instalaciones para disfrutar de un desayuno comunitario. El acto concluy\u00f3 en el <strong>monumento al Bombero Voluntario de Olavarr\u00eda<\/strong> ubicado en la intersecci\u00f3n entre avenida Colon y Almirante Brown para colocar una ofrenda floral y homenajear a todos aquellos bomberos que componen a la asociaci\u00f3n, para los compa\u00f1eros ca\u00eddos y bomberos en general.<\/p>\n<p>&nbsp;<\/p>\n<p>El <strong>Acto Oficial se llevar\u00e1 a cabo este s\u00e1bado en el Cuartel Central<\/strong>, donde adem\u00e1s de los tradicionales ascensos, se presentar\u00e1n las nuevas unidades que arribaron y se firmar\u00e1 un importante convenio para la instituci\u00f3n.<\/p>\n<p>&nbsp;<\/p>\n<p><img data-recalc-dims=\"1\" loading=\"lazy\" decoding=\"async\" class=\"aligncenter wp-image-86760 size-full\" src=\"https:\/\/i0.wp.com\/cdnoticias.com\/wp-content\/uploads\/2023\/06\/Formacion-frente-al-monumento.jpg?resize=800%2C533&#038;ssl=1\" alt=\"\" width=\"800\" height=\"533\" srcset=\"https:\/\/i0.wp.com\/cdnoticias.com\/wp-content\/uploads\/2023\/06\/Formacion-frente-al-monumento.jpg?w=1280&amp;ssl=1 1280w, https:\/\/i0.wp.com\/cdnoticias.com\/wp-content\/uploads\/2023\/06\/Formacion-frente-al-monumento.jpg?resize=300%2C200&amp;ssl=1 300w, https:\/\/i0.wp.com\/cdnoticias.com\/wp-content\/uploads\/2023\/06\/Formacion-frente-al-monumento.jpg?resize=1024%2C682&amp;ssl=1 1024w, https:\/\/i0.wp.com\/cdnoticias.com\/wp-content\/uploads\/2023\/06\/Formacion-frente-al-monumento.jpg?resize=768%2C512&amp;ssl=1 768w, https:\/\/i0.wp.com\/cdnoticias.com\/wp-content\/uploads\/2023\/06\/Formacion-frente-al-monumento.jpg?resize=272%2C182&amp;ssl=1 272w\" sizes=\"auto, (max-width: 800px) 100vw, 800px\" \/><\/p>\n<p>&nbsp;<\/p>\n<p>&nbsp;<\/p>\n","protected":false},"excerpt":{"rendered":"<p>La ceremonia cont\u00f3 con la presencia del cuerpo activo, personal de la reserva y auxiliar, el Presidente del Consejo Directivo<\/p>\n","protected":false},"author":6,"featured_media":86759,"comment_status":"closed","ping_status":"closed","sticky":false,"template":"","format":"standard","meta":{"_jetpack_memberships_contains_paid_content":false,"footnotes":""},"categories":[5,1],"tags":[],"class_list":["post-86758","post","type-post","status-publish","format-standard","has-post-thumbnail","hentry","category-informacion-general","category-portada"],"jetpack_featured_media_url":"https:\/\/i0.wp.com\/cdnoticias.com\/wp-content\/uploads\/2023\/06\/Formqacion-frente-al-cuartel-central.jpg?fit=1280%2C853&ssl=1","jetpack_sharing_enabled":true,"_links":{"self":[{"href":"https:\/\/cdnoticias.com\/index.php\/wp-json\/wp\/v2\/posts\/86758","targetHints":{"allow":["GET"]}}],"collection":[{"href":"https:\/\/cdnoticias.com\/index.php\/wp-json\/wp\/v2\/posts"}],"about":[{"href":"https:\/\/cdnoticias.com\/index.php\/wp-json\/wp\/v2\/types\/post"}],"author":[{"embeddable":true,"href":"https:\/\/cdnoticias.com\/index.php\/wp-json\/wp\/v2\/users\/6"}],"replies":[{"embeddable":true,"href":"https:\/\/cdnoticias.com\/index.php\/wp-json\/wp\/v2\/comments?post=86758"}],"version-history":[{"count":0,"href":"https:\/\/cdnoticias.com\/index.php\/wp-json\/wp\/v2\/posts\/86758\/revisions"}],"wp:featuredmedia":[{"embeddable":true,"href":"https:\/\/cdnoticias.com\/index.php\/wp-json\/wp\/v2\/media\/86759"}],"wp:attachment":[{"href":"https:\/\/cdnoticias.com\/index.php\/wp-json\/wp\/v2\/media?parent=86758"}],"wp:term":[{"taxonomy":"category","embeddable":true,"href":"https:\/\/cdnoticias.com\/index.php\/wp-json\/wp\/v2\/categories?post=86758"},{"taxonomy":"post_tag","embeddable":true,"href":"https:\/\/cdnoticias.com\/index.php\/wp-json\/wp\/v2\/tags?post=86758"}],"curies":[{"name":"wp","href":"https:\/\/api.w.org\/{rel}","templated":true}]}}