{"id":86753,"date":"2023-06-02T20:15:23","date_gmt":"2023-06-02T23:15:23","guid":{"rendered":"https:\/\/www.centraldenoticias.com.ar\/?p=86753"},"modified":"2023-06-02T20:39:30","modified_gmt":"2023-06-02T23:39:30","slug":"gran-marco-de-publico-en-la-charla-olavarria-y-sus-colonias-alemanes-del-volga","status":"publish","type":"post","link":"https:\/\/cdnoticias.com\/index.php\/2023\/06\/02\/gran-marco-de-publico-en-la-charla-olavarria-y-sus-colonias-alemanes-del-volga\/","title":{"rendered":"Gran marco de p\u00fablico en la charla &#8220;Olavarr\u00eda y sus colonias: alemanes del Volga&#8221;"},"content":{"rendered":"<p>Fue en el \u201cCiclo de charlas y conferencias 2023\u201d organizado por Coopelectric. <!--more--><\/p>\n<hr \/>\n<p>Ante un <strong>gran marco de p\u00fablico<\/strong>, la doctora Alicia Villafa\u00f1e, la licenciada Ludmila Adad y el se\u00f1or Osvaldo Bugliese brindaron la charla <em><strong>\u201cOlavarr\u00eda y sus colonias: Alemanes del Volga\u201d.<\/strong> <\/em>Fue en el \u201cCiclo de charlas y conferencias 2023\u201d <strong>organizado por Coopelectric<\/strong> con la finalidad de brindar a la comunidad un espacio de informaci\u00f3n, reflexi\u00f3n y enriquecimiento cultural.<\/p>\n<p>&nbsp;<\/p>\n<p>Osvaldo Bugliese fue el primer orador y se refiri\u00f3 al contexto hist\u00f3rico de la inmigraci\u00f3n ruso-alemana y la creaci\u00f3n de las Colonias en el Partido de Olavarr\u00eda. Comenz\u00f3 desde su salida en la regi\u00f3n de origen, su asentamiento en las dos orillas del rio Volga en Rusia, las distintas vicisitudes transitadas y los motivos por los que emigraron hacia Am\u00e9rica.<\/p>\n<p>&nbsp;<\/p>\n<p>Al mismo tiempo explic\u00f3 el caso de la nacionalidad alemana para los descendientes de esta comunidad, mencion\u00f3 aspectos relacionados a la Rep\u00fablica Aut\u00f3noma Socialista Sovi\u00e9tica de los Alemanes del Volga y tambi\u00e9n la \u201cDeportaci\u00f3n y Genocidio de los Alemanes del Volga\u201d.<\/p>\n<p>&nbsp;<\/p>\n<p>En Rusia, <strong>los alemanes fundaron m\u00e1s de 500 colonias en ambas m\u00e1rgenes del r\u00edo Volga<\/strong> y se dedicaron al trabajo rural convirti\u00e9ndose en expertos agricultores. Despu\u00e9s de un siglo de permanencia, el estado imperial ruso elimin\u00f3 para ellos la exenci\u00f3n del servicio militar, por lo que debido a ello y a otros factores muchos de los colonos decidieron emigrar. En esa misma \u00e9poca, pa\u00edses como <strong>Argentina, EE.UU. y Brasil iniciaron una agresiva pol\u00edtica para atraer inmigrantes europeos<\/strong> que poblaran sus extensos territorios.<\/p>\n<p>&nbsp;<\/p>\n<p><img data-recalc-dims=\"1\" loading=\"lazy\" decoding=\"async\" class=\"aligncenter wp-image-86756 size-full\" src=\"https:\/\/i0.wp.com\/cdnoticias.com\/wp-content\/uploads\/2023\/06\/Charla-Alemanes-del-Volga-02.jpeg?resize=800%2C600&#038;ssl=1\" alt=\"\" width=\"800\" height=\"600\" srcset=\"https:\/\/i0.wp.com\/cdnoticias.com\/wp-content\/uploads\/2023\/06\/Charla-Alemanes-del-Volga-02.jpeg?w=1600&amp;ssl=1 1600w, https:\/\/i0.wp.com\/cdnoticias.com\/wp-content\/uploads\/2023\/06\/Charla-Alemanes-del-Volga-02.jpeg?resize=300%2C225&amp;ssl=1 300w, https:\/\/i0.wp.com\/cdnoticias.com\/wp-content\/uploads\/2023\/06\/Charla-Alemanes-del-Volga-02.jpeg?resize=1024%2C768&amp;ssl=1 1024w, https:\/\/i0.wp.com\/cdnoticias.com\/wp-content\/uploads\/2023\/06\/Charla-Alemanes-del-Volga-02.jpeg?resize=768%2C576&amp;ssl=1 768w, https:\/\/i0.wp.com\/cdnoticias.com\/wp-content\/uploads\/2023\/06\/Charla-Alemanes-del-Volga-02.jpeg?resize=1536%2C1152&amp;ssl=1 1536w\" sizes=\"auto, (max-width: 800px) 100vw, 800px\" \/><\/p>\n<p>&nbsp;<\/p>\n<p>A fines del a\u00f1o 1877 una de las corrientes de colonos alemanes del Volga lleg\u00f3 al puerto de Buenos Aires y Avellaneda que era presidente por aquel entonces, <strong>les otorg\u00f3 tierras en el partido de Olavarr\u00eda<\/strong> para <strong>que pudieran instalarse.<\/strong> La <strong>primera colonia de alemanes del Volga<\/strong> en Argentina fue fundada el 5 de enero de 1878 en <strong>Colonia Hinojo<\/strong>, abri\u00e9ndoles las puertas a la llegada de los primeros contingentes al pa\u00eds. Le siguieron despu\u00e9s Colonia Nievas, Colonia San Miguel, y muchas otras en el resto del pa\u00eds.<\/p>\n<p>&nbsp;<\/p>\n<p>En las nuevas colonias argentinas, los alemanes del Volga replicaron la organizaci\u00f3n del trabajo que implementaron en Rusia, dedic\u00e1ndose con gran esfuerzo a trabajar la tierra. La agricultura y la herrer\u00eda -oficio que dominaron para reparar sus herramientas y maquinarias de cultivo- fueron dos de sus principales actividades.<\/p>\n<p>&nbsp;<\/p>\n<p>En tal sentido, la doctora Alicia Villafa\u00f1e comparti\u00f3 informaci\u00f3n de la investigaci\u00f3n sobre los Alemanes del Volga radicados en el Partido de Olavarr\u00eda, que fue desarrollada durante 15 a\u00f1os en el marco de la actividad de la Facultad de Ciencias Sociales de la UNICEN y se explay\u00f3 acerca de sus caracter\u00edsticas sociales, culturales y productivas, complement\u00e1ndolo con la proyecci\u00f3n de im\u00e1genes y testimonios.<\/p>\n<p>&nbsp;<\/p>\n<p>En tanto, la licenciada Ludmila Adad abord\u00f3 los marcadores identitarios como religi\u00f3n, lengua, cultura, tradiciones, entre otros. Detall\u00f3 sus festividades, su apertura, el crecimiento que han tenido durante las \u00faltimas d\u00e9cadas y finalmente destac\u00f3 la puesta en valor de su patrimonio cultural.<\/p>\n<p>&nbsp;<\/p>\n<p>Por \u00faltimo, desde el Consejo de Administraci\u00f3n de Coopelectric subrayaron que \u201c<em><strong>es muy grato ver que los vecinos de Olavarr\u00eda, las localidades y Colonias acompa\u00f1an este tipo de propuestas. Fue una charla muy enriquecedora, que no s\u00f3lo nos nutri\u00f3 de conocimiento, sino que puso en valor el patrimonio cultural de los alemanes del Volga en el Partido de Olavarr\u00eda\u201d.<\/strong><\/em><\/p>\n<p>&nbsp;<\/p>\n<p>&nbsp;<\/p>\n","protected":false},"excerpt":{"rendered":"<p>Fue en el \u201cCiclo de charlas y conferencias 2023\u201d organizado por Coopelectric.<\/p>\n","protected":false},"author":6,"featured_media":86755,"comment_status":"closed","ping_status":"closed","sticky":false,"template":"","format":"standard","meta":{"_jetpack_memberships_contains_paid_content":false,"footnotes":""},"categories":[5,1],"tags":[],"class_list":["post-86753","post","type-post","status-publish","format-standard","has-post-thumbnail","hentry","category-informacion-general","category-portada"],"jetpack_featured_media_url":"https:\/\/i0.wp.com\/cdnoticias.com\/wp-content\/uploads\/2023\/06\/Charla-Alemanes-del-Volga-01.jpeg?fit=1600%2C1200&ssl=1","jetpack_sharing_enabled":true,"_links":{"self":[{"href":"https:\/\/cdnoticias.com\/index.php\/wp-json\/wp\/v2\/posts\/86753","targetHints":{"allow":["GET"]}}],"collection":[{"href":"https:\/\/cdnoticias.com\/index.php\/wp-json\/wp\/v2\/posts"}],"about":[{"href":"https:\/\/cdnoticias.com\/index.php\/wp-json\/wp\/v2\/types\/post"}],"author":[{"embeddable":true,"href":"https:\/\/cdnoticias.com\/index.php\/wp-json\/wp\/v2\/users\/6"}],"replies":[{"embeddable":true,"href":"https:\/\/cdnoticias.com\/index.php\/wp-json\/wp\/v2\/comments?post=86753"}],"version-history":[{"count":0,"href":"https:\/\/cdnoticias.com\/index.php\/wp-json\/wp\/v2\/posts\/86753\/revisions"}],"wp:featuredmedia":[{"embeddable":true,"href":"https:\/\/cdnoticias.com\/index.php\/wp-json\/wp\/v2\/media\/86755"}],"wp:attachment":[{"href":"https:\/\/cdnoticias.com\/index.php\/wp-json\/wp\/v2\/media?parent=86753"}],"wp:term":[{"taxonomy":"category","embeddable":true,"href":"https:\/\/cdnoticias.com\/index.php\/wp-json\/wp\/v2\/categories?post=86753"},{"taxonomy":"post_tag","embeddable":true,"href":"https:\/\/cdnoticias.com\/index.php\/wp-json\/wp\/v2\/tags?post=86753"}],"curies":[{"name":"wp","href":"https:\/\/api.w.org\/{rel}","templated":true}]}}