{"id":86749,"date":"2023-06-03T14:54:50","date_gmt":"2023-06-03T17:54:50","guid":{"rendered":"https:\/\/www.centraldenoticias.com.ar\/?p=86749"},"modified":"2023-06-03T14:54:50","modified_gmt":"2023-06-03T17:54:50","slug":"ezequiel-galli-recibio-en-olavarria-a-descendientes-del-general-manuel-belgrano","status":"publish","type":"post","link":"https:\/\/cdnoticias.com\/index.php\/2023\/06\/03\/ezequiel-galli-recibio-en-olavarria-a-descendientes-del-general-manuel-belgrano\/","title":{"rendered":"Ezequiel Galli recibi\u00f3 en Olavarr\u00eda a descendientes del General Manuel Belgrano"},"content":{"rendered":"<p>Se trata de los primos Manuel y Andrea Belgrano (choznos nietos del General). El motivo del arribo de los Belgrano a nuestra ciudad se vincula al anuncio de la pronta inauguraci\u00f3n de la muestra Patrimonio, en el Museo D\u00e1maso Arce. <!--more--><\/p>\n<hr \/>\n<p>Olavarr\u00eda recibi\u00f3 la distinguida visita de <strong>descendientes del legendario pr\u00f3cer nacional Manuel Belgrano.<\/strong> Se trata de los primos <strong>Manuel y Andrea Belgrano<\/strong> (choznos nietos del General).<\/p>\n<p>&nbsp;<\/p>\n<p>El motivo del arribo de los Belgrano a nuestra ciudad se vincula al anuncio de la <strong>pronta inauguraci\u00f3n de la muestra Patrimonio, en el Museo D\u00e1maso Arce<\/strong>. En este marco, los visitantes se reunieron en la ma\u00f1ana de este viernes en la sede de dicho Museo, donde fueron recibidos por el intendente Ezequiel Galli, el secretario de Desarrollo Humano y Calidad de Vida Diego Robbiani y la coordinadora del MDA Fernanda Gallardo.<\/p>\n<p>&nbsp;<\/p>\n<p><em><strong>\u201cPatrimonio\u201d<\/strong><\/em> abrir\u00e1 al p\u00fablico el <strong>pr\u00f3ximo 10 de junio en Sala 1<\/strong>, y estar\u00e1 en exhibici\u00f3n <strong>hasta el 3 de septiembre.<\/strong>\u00a0 En el marco de esta muestra se exhibe el<strong> famoso cuadro de Belgrano de civil<\/strong>, pintado por Fran\u00e7ois Carbonnier en 1815, durante el viaje diplom\u00e1tico que hizo a Londres. Asimismo se expondr\u00e1n bienes culturales cedidos en calidad de pr\u00e9stamo por Patrimonio Nacional, los cuales pertenecen al Instituto Nacional Belgraniano, entre ellos libros, documentaci\u00f3n, r\u00e9plica del sable y la pistola que utilizaba el pr\u00f3cer, junto a \u00f3leos y otros objetos que cuentan parte de la vida del general.<\/p>\n<p>&nbsp;<\/p>\n<p>El Lic. Manuel Belgrano es el Presidente del Consejo Directivo del Instituto Nacional Belgraniano. Esta instituci\u00f3n naci\u00f3 como Instituto Belgraniano el 22 de junio de 1944, por iniciativa de las Damas Patricias Argentinas \u201cRemedios de Escalada de San Mart\u00edn\u201d, que convocaron a conspicuas personalidades para darle forma y vida legal.<\/p>\n<p>&nbsp;<\/p>\n<p>El Instituto Belgraniano Central de la Rep\u00fablica Argentina, el 12 de agosto de 1992, fue reconocido y premiado en su accionar por el Poder Ejecutivo Nacional, mediante el Decreto N\u00b0 1435 que lo oficializ\u00f3 con el nombre de Instituto Nacional Belgraniano, fij\u00e1ndole como su finalidad primordial la exaltaci\u00f3n y divulgaci\u00f3n de la vida y obra del pr\u00f3cer. El jefe comunal felicit\u00f3 la labor de los descendientes de Belgrano \u201c<em><strong>en pos de mantener viva la historia de nuestra Naci\u00f3n\u201d.<\/strong><\/em><\/p>\n","protected":false},"excerpt":{"rendered":"<p>Se trata de los primos Manuel y Andrea Belgrano (choznos nietos del General). El motivo del arribo de los Belgrano<\/p>\n","protected":false},"author":6,"featured_media":86751,"comment_status":"closed","ping_status":"closed","sticky":false,"template":"","format":"standard","meta":{"_jetpack_memberships_contains_paid_content":false,"footnotes":""},"categories":[5,1],"tags":[],"class_list":["post-86749","post","type-post","status-publish","format-standard","has-post-thumbnail","hentry","category-informacion-general","category-portada"],"jetpack_featured_media_url":"https:\/\/i0.wp.com\/cdnoticias.com\/wp-content\/uploads\/2023\/06\/Cultura-Anuncio-Muestra-Manuel-Belgrano-1-scaled-1.jpg?fit=2560%2C1711&ssl=1","jetpack_sharing_enabled":true,"_links":{"self":[{"href":"https:\/\/cdnoticias.com\/index.php\/wp-json\/wp\/v2\/posts\/86749","targetHints":{"allow":["GET"]}}],"collection":[{"href":"https:\/\/cdnoticias.com\/index.php\/wp-json\/wp\/v2\/posts"}],"about":[{"href":"https:\/\/cdnoticias.com\/index.php\/wp-json\/wp\/v2\/types\/post"}],"author":[{"embeddable":true,"href":"https:\/\/cdnoticias.com\/index.php\/wp-json\/wp\/v2\/users\/6"}],"replies":[{"embeddable":true,"href":"https:\/\/cdnoticias.com\/index.php\/wp-json\/wp\/v2\/comments?post=86749"}],"version-history":[{"count":0,"href":"https:\/\/cdnoticias.com\/index.php\/wp-json\/wp\/v2\/posts\/86749\/revisions"}],"wp:featuredmedia":[{"embeddable":true,"href":"https:\/\/cdnoticias.com\/index.php\/wp-json\/wp\/v2\/media\/86751"}],"wp:attachment":[{"href":"https:\/\/cdnoticias.com\/index.php\/wp-json\/wp\/v2\/media?parent=86749"}],"wp:term":[{"taxonomy":"category","embeddable":true,"href":"https:\/\/cdnoticias.com\/index.php\/wp-json\/wp\/v2\/categories?post=86749"},{"taxonomy":"post_tag","embeddable":true,"href":"https:\/\/cdnoticias.com\/index.php\/wp-json\/wp\/v2\/tags?post=86749"}],"curies":[{"name":"wp","href":"https:\/\/api.w.org\/{rel}","templated":true}]}}