{"id":86746,"date":"2023-06-02T17:24:12","date_gmt":"2023-06-02T20:24:12","guid":{"rendered":"https:\/\/www.centraldenoticias.com.ar\/?p=86746"},"modified":"2023-06-03T09:04:29","modified_gmt":"2023-06-03T12:04:29","slug":"en-un-hecho-historico-firmaron-las-escrituras-de-los-terrenos-linderos-a-favor-de-la-escuela-industrial","status":"publish","type":"post","link":"https:\/\/cdnoticias.com\/index.php\/2023\/06\/02\/en-un-hecho-historico-firmaron-las-escrituras-de-los-terrenos-linderos-a-favor-de-la-escuela-industrial\/","title":{"rendered":"En un hecho hist\u00f3rico, firmaron las escrituras de los terrenos linderos a favor de la Escuela Industrial"},"content":{"rendered":"<p>La comunidad educativa llen\u00f3 el gimnasio de la instituci\u00f3n para el acto administrativo. \u201cNos emociona y nos llena de satisfacci\u00f3n\u201d dijo su directora. El trabajo de todos los actores y la lucha para cerrar una historia de 60 a\u00f1os.<!--more--><\/p>\n<hr \/>\n<p>En un mediod\u00eda plagado de emociones y satisfacci\u00f3n,<strong> se realiz\u00f3 el acto de firma de la escritura de los terrenos linderos al Colegio Industrial a favor de la instituci\u00f3n educativa, tras meses de tironeos y disputas con el Municipio por la propiedad de las tierras.<\/strong> D\u00edas atr\u00e1s, se confirm\u00f3 que las resoluciones de los a\u00f1os 60\u2019 y 70\u2019 indican que son \u201cgrasa\u201d.<\/p>\n<p>&nbsp;<\/p>\n<p>En un gimnasio colmado de estudiantes, autoridades educativas, integrantes de la cooperadora, del centro de estudiantes, ex alumnos, entre otros, sumado a presencias pol\u00edticas como el legislador C\u00e9sar Valicenti, los concejales del bloque del Frente de Todos encabezados por Mercedes Land\u00edvar, integrantes de la Direcci\u00f3n General de Escuelas, Cultura y Educaci\u00f3n y la Escriban\u00eda General de Gobierno, el acto estuvo plagado de emoci\u00f3n y de sensaci\u00f3n de objetivo cumplido.<\/p>\n<p>&nbsp;<\/p>\n<p><img data-recalc-dims=\"1\" loading=\"lazy\" decoding=\"async\" class=\"alignnone size-full wp-image-86736\" src=\"https:\/\/i0.wp.com\/cdnoticias.com\/wp-content\/uploads\/2023\/06\/industrial-terrenos-escritura-11.jpg?resize=742%2C445&#038;ssl=1\" alt=\"\" width=\"742\" height=\"445\" srcset=\"https:\/\/i0.wp.com\/cdnoticias.com\/wp-content\/uploads\/2023\/06\/industrial-terrenos-escritura-11.jpg?w=742&amp;ssl=1 742w, https:\/\/i0.wp.com\/cdnoticias.com\/wp-content\/uploads\/2023\/06\/industrial-terrenos-escritura-11.jpg?resize=300%2C180&amp;ssl=1 300w\" sizes=\"auto, (max-width: 742px) 100vw, 742px\" \/><\/p>\n<p>&nbsp;<\/p>\n<p><img data-recalc-dims=\"1\" loading=\"lazy\" decoding=\"async\" class=\"alignnone size-full wp-image-86729\" src=\"https:\/\/i0.wp.com\/cdnoticias.com\/wp-content\/uploads\/2023\/06\/industrial-terrenos-escritura-04.jpg?resize=721%2C433&#038;ssl=1\" alt=\"\" width=\"721\" height=\"433\" srcset=\"https:\/\/i0.wp.com\/cdnoticias.com\/wp-content\/uploads\/2023\/06\/industrial-terrenos-escritura-04.jpg?w=721&amp;ssl=1 721w, https:\/\/i0.wp.com\/cdnoticias.com\/wp-content\/uploads\/2023\/06\/industrial-terrenos-escritura-04.jpg?resize=300%2C180&amp;ssl=1 300w\" sizes=\"auto, (max-width: 721px) 100vw, 721px\" \/><\/p>\n<p>&nbsp;<\/p>\n<p>La primera oradora fue<strong> la directora de la instituci\u00f3n, Patricia Dom\u00ednguez<\/strong>, quien indic\u00f3 que les toca <em>\u201cser parte de este suceso hist\u00f3rico. Los actuales y los que pasaron dejando su huella en la Escuela Industrial. Hoy, 60 a\u00f1os despu\u00e9s de la donaci\u00f3n de estas tierras del Estado Nacional, tenemos el privilegio de ser part\u00edcipes de la escrituraci\u00f3n de las mismas\u201d.<\/em><\/p>\n<p>&nbsp;<\/p>\n<blockquote><p>\u201cNos emociona y nos llena de satisfacci\u00f3n. Nos sentimos completos nuevamente\u201d. A su vez, y en una constante durante los discursos, se rescat\u00f3 como \u201cdigna de valorar la lucha de estos j\u00f3venes, en particular de quienes integran el Centro de Estudiantes, de los miembros de la Cooperadora, docentes, no docentes, directivos, y destacar la gesti\u00f3n llevada adelante por el bloque de consejeros\u201d.<\/p><\/blockquote>\n<p>&nbsp;<\/p>\n<p><strong>Mercedes Land\u00edvar, presidenta del bloque del FdT y quien confirm\u00f3 la noticia d\u00edas atr\u00e1s<\/strong>, dijo que es<em> \u201cun honor porque es una de las instituciones m\u00e1s importantes que tiene el Partido de Olavarr\u00eda. Para nosotros es un d\u00eda de mucha felicidad, de gratitud, no siempre suceden estas cosas, pero cuando suceden te hacen sentir que vale la pena. Estar cerrando una etapa de tanto tiempo con una respuesta tan positiva llena de gratificaci\u00f3n\u201d.<\/em><\/p>\n<p>&nbsp;<\/p>\n<p><img data-recalc-dims=\"1\" loading=\"lazy\" decoding=\"async\" class=\"alignnone size-full wp-image-86730\" src=\"https:\/\/i0.wp.com\/cdnoticias.com\/wp-content\/uploads\/2023\/06\/industrial-terrenos-escritura-05.jpg?resize=742%2C445&#038;ssl=1\" alt=\"\" width=\"742\" height=\"445\" srcset=\"https:\/\/i0.wp.com\/cdnoticias.com\/wp-content\/uploads\/2023\/06\/industrial-terrenos-escritura-05.jpg?w=742&amp;ssl=1 742w, https:\/\/i0.wp.com\/cdnoticias.com\/wp-content\/uploads\/2023\/06\/industrial-terrenos-escritura-05.jpg?resize=300%2C180&amp;ssl=1 300w\" sizes=\"auto, (max-width: 742px) 100vw, 742px\" \/><\/p>\n<p>&nbsp;<\/p>\n<p>Tras reconocerse como estudiante de paso por Escuela Normal, dijo que como tantos,<em> \u201csoy de una generaci\u00f3n que conoci\u00f3 a la Escuela Industrial en las famosas Olimpiadas\u201d<\/em>. All\u00ed, <em>\u201cempec\u00e9 a conocer lo que era la identidad, del trabajo, de la organizaci\u00f3n\u201d.<\/em><\/p>\n<p>&nbsp;<\/p>\n<p><strong><em>\u201cCuando tomamos conocimiento de lo que suced\u00eda, que se estaban organizando, reclamando y escuchar los relatos sobre lo que pasaba con los predios, a qui\u00e9n le pertenec\u00eda, por qu\u00e9\u201d<\/em><\/strong> comenz\u00f3 un trabajo de recolecci\u00f3n de informaci\u00f3n y documentaci\u00f3n para respaldar el reclamo, y all\u00ed resalt\u00f3 la labor de Telma Cazot, Natalia \u00c1lvarez, Ubaldo Garc\u00eda, y Maximiliano Wesner <em>\u201cque me banc\u00f3 y hemos viajado, recolectado todo lo necesario para plantearlo\u201d y \u201cJuan Pablo (Urquiza, jefe de gabinete de la Direcci\u00f3n de Cultura y Educaci\u00f3n de la Provincia) tenga que escucharnos a cada rato por este reclamo, el de ustedes. Y ah\u00ed empezamos a movernos, a ir al archivo, a ver qu\u00e9 hab\u00eda para respaldar esta donaci\u00f3n\u201d.<\/em><\/p>\n<p>&nbsp;<\/p>\n<p><img data-recalc-dims=\"1\" loading=\"lazy\" decoding=\"async\" class=\"alignnone size-full wp-image-86734\" src=\"https:\/\/i0.wp.com\/cdnoticias.com\/wp-content\/uploads\/2023\/06\/industrial-terrenos-escritura-09.jpg?resize=742%2C445&#038;ssl=1\" alt=\"\" width=\"742\" height=\"445\" srcset=\"https:\/\/i0.wp.com\/cdnoticias.com\/wp-content\/uploads\/2023\/06\/industrial-terrenos-escritura-09.jpg?w=742&amp;ssl=1 742w, https:\/\/i0.wp.com\/cdnoticias.com\/wp-content\/uploads\/2023\/06\/industrial-terrenos-escritura-09.jpg?resize=300%2C180&amp;ssl=1 300w\" sizes=\"auto, (max-width: 742px) 100vw, 742px\" \/><\/p>\n<p>&nbsp;<\/p>\n<p>Valor\u00f3 mucho la labor del Centro de Estudiantes de la instituci\u00f3n reflejados en <strong>Morena, Emilio y Donato, quienes <em>\u201cconfiaron en la pol\u00edtica, se acercaron al bloque, plantearon lo que pas\u00f3, acercaron a docentes\u201d<\/em><\/strong>. En ese relato <em>\u201csurgi\u00f3 un famoso expediente que estaba guardado, nadie sab\u00eda d\u00f3nde, hab\u00eda que buscarlo. Y finalmente lleg\u00f3. Y ah\u00ed apareci\u00f3 un actor fundamental que es la cooperadora. Un grupo de ex alumnos comprometidos para devolverle a la instituci\u00f3n todo lo que les dio\u201d.<\/em><\/p>\n<p>&nbsp;<\/p>\n<p>Explic\u00f3 que se trata de un expediente<em> \u201cde los a\u00f1os 70\u2019, tramitado en el Estado Nacional, que pas\u00f3 por un mont\u00f3n de \u00e1reas. Y definitivamente, encontramos dos ordenanzas, de 1960 y 1973, que respaldaban la tenencia. No es solo legalmente le pertenec\u00eda de la Escuela Industrial. Siempre fueron cuidados por la propia instituci\u00f3n\u201d.<\/em><\/p>\n<p>&nbsp;<\/p>\n<blockquote><p>Land\u00edvar dijo con contundencia que al reclamo \u201clo amparaban los hechos, la normativa y la historia\u201d.<\/p><\/blockquote>\n<p>&nbsp;<\/p>\n<p><em>\u201cCuando la comunidad de una instituci\u00f3n se organiza, en este caso educativa, tienen un objetivo en com\u00fan, metas, se hermana, se trabaja en conjunto, en red y adem\u00e1s con voluntad pol\u00edtica, las verdaderas transformaciones se cumplen\u201d.<\/em> Ahora, cerr\u00f3 la concejala, <em>\u201ccomienza una nueva etapa, la de pensar qu\u00e9 se viene, entre todos los actores que hemos participado y se van a sumar es qu\u00e9 se har\u00e1 en este lugar, para que se queden en Olavarr\u00eda y puedan formarse\u201d.<\/em><\/p>\n<p>&nbsp;<\/p>\n<p><img data-recalc-dims=\"1\" loading=\"lazy\" decoding=\"async\" class=\"alignnone size-full wp-image-86728\" src=\"https:\/\/i0.wp.com\/cdnoticias.com\/wp-content\/uploads\/2023\/06\/industrial-terrenos-escritura-03.jpg?resize=742%2C445&#038;ssl=1\" alt=\"\" width=\"742\" height=\"445\" srcset=\"https:\/\/i0.wp.com\/cdnoticias.com\/wp-content\/uploads\/2023\/06\/industrial-terrenos-escritura-03.jpg?w=742&amp;ssl=1 742w, https:\/\/i0.wp.com\/cdnoticias.com\/wp-content\/uploads\/2023\/06\/industrial-terrenos-escritura-03.jpg?resize=300%2C180&amp;ssl=1 300w\" sizes=\"auto, (max-width: 742px) 100vw, 742px\" \/><\/p>\n<p>&nbsp;<\/p>\n<p>Gabriel Catanzaro, presidente de la Cooperadora de la instituci\u00f3n, lleno de emoci\u00f3n expres\u00f3 lo que cuesta <strong><em>\u201cexplicar el sentimiento que tenemos por la escuela, el tiempo que se vive dentro de estas paredes y el sentido de pertenencia\u201d.<\/em><\/strong><\/p>\n<p>&nbsp;<\/p>\n<blockquote><p>\u201cMe hubiese gustado que los Estados se pongan de acuerdo y el conflicto se resuelva de forma administrativa por las v\u00edas que corresponden en los tiempos que corresponden, no llegando a conflicto como sucedi\u00f3, de mala forma. Legalmente estaba en todo en orden, solo hab\u00eda que ordenar muchos papeles que algunos sab\u00edan que exist\u00edan, pero muchos otros no sab\u00edamos que exist\u00edan\u201d.<\/p><\/blockquote>\n<p>&nbsp;<\/p>\n<p><em>\u201cEs un hecho hist\u00f3rico poder escriturar y normalizar las tierras despu\u00e9s de 60 a\u00f1os\u201d<\/em> agreg\u00f3 y valor\u00f3 la gran capacidad organizativa de la instituci\u00f3n: <em>\u201ccuando se inici\u00f3 esto durante las vacaciones de invierno comenzamos a ponernos en contacto y uno del grupo que se form\u00f3 dijo \u2018patearon un hormiguero\u2019.<\/em><\/p>\n<p>&nbsp;<\/p>\n<blockquote><p>\u201cLe estamos dejando a los pibes ense\u00f1anza. Queremos demostrar que no es un capricho, tenemos proyectos arriba de la mesa para presentar al Estado vinculados con la ense\u00f1anza, con el trabajo junto al sector privado y el desarrollo de las carreras. Queremos tener una instituci\u00f3n ampliada en esos lotes\u201d.<\/p><\/blockquote>\n<p>&nbsp;<\/p>\n<p><strong>Donato y Camila del Centro de Estudiantes de Industrial<\/strong> fueron los m\u00e1s aplaudidos de la jornada y hasta las l\u00e1grimas valoraron la organizaci\u00f3n estudiantil en todo el reclamo, con \u00e9nfasis en el banderazo realizado semanas despu\u00e9s de conocido el conflicto.<\/p>\n<p>&nbsp;<\/p>\n<p><img data-recalc-dims=\"1\" loading=\"lazy\" decoding=\"async\" class=\"alignnone size-full wp-image-86732\" src=\"https:\/\/i0.wp.com\/cdnoticias.com\/wp-content\/uploads\/2023\/06\/industrial-terrenos-escritura-07.jpg?resize=742%2C445&#038;ssl=1\" alt=\"\" width=\"742\" height=\"445\" srcset=\"https:\/\/i0.wp.com\/cdnoticias.com\/wp-content\/uploads\/2023\/06\/industrial-terrenos-escritura-07.jpg?w=742&amp;ssl=1 742w, https:\/\/i0.wp.com\/cdnoticias.com\/wp-content\/uploads\/2023\/06\/industrial-terrenos-escritura-07.jpg?resize=300%2C180&amp;ssl=1 300w\" sizes=\"auto, (max-width: 742px) 100vw, 742px\" \/><\/p>\n<p>&nbsp;<\/p>\n<p><img data-recalc-dims=\"1\" loading=\"lazy\" decoding=\"async\" class=\"alignnone size-full wp-image-86733\" src=\"https:\/\/i0.wp.com\/cdnoticias.com\/wp-content\/uploads\/2023\/06\/industrial-terrenos-escritura-08.jpg?resize=742%2C445&#038;ssl=1\" alt=\"\" width=\"742\" height=\"445\" srcset=\"https:\/\/i0.wp.com\/cdnoticias.com\/wp-content\/uploads\/2023\/06\/industrial-terrenos-escritura-08.jpg?w=742&amp;ssl=1 742w, https:\/\/i0.wp.com\/cdnoticias.com\/wp-content\/uploads\/2023\/06\/industrial-terrenos-escritura-08.jpg?resize=300%2C180&amp;ssl=1 300w\" sizes=\"auto, (max-width: 742px) 100vw, 742px\" \/><\/p>\n<p>&nbsp;<\/p>\n<p><strong><em>\u201cNuestro objetivo como Centro de Estudiantes era lograr algo importante. Nos movilizamos y tuvimos el arreglo de las calderas en su momento, y esto es genial\u201d.<\/em> <\/strong>Resaltaron tambi\u00e9n el trabajo de estudiantes de otros colegios, sea p\u00fablico y privado que acompa\u00f1aron en todo momento<em> \u201ca ellos no les importaron si a nosotros nos quitaban los terrenos o no, pero vinieron y se pusieron la bandera de Industrial en la espalda con nosotros\u201d.<\/em><\/p>\n<p>&nbsp;<\/p>\n<p>Finalmente, <strong>el Jefe de Gabinete de la Direcci\u00f3n General de Cultura y Educaci\u00f3n, Juan Pablo Urquiza<\/strong>, resalt\u00f3 <em>\u201cel valor de la lucha, la emoci\u00f3n de Morena es la paga de todo lo que est\u00e1 sucediendo hoy. Los chicos y las chicas nos dieron una lecci\u00f3n m\u00e1s de c\u00f3mo conseguir logros luchando\u201d.<\/em><\/p>\n<p>&nbsp;<\/p>\n<p><img data-recalc-dims=\"1\" loading=\"lazy\" decoding=\"async\" class=\"alignnone size-full wp-image-86731\" src=\"https:\/\/i0.wp.com\/cdnoticias.com\/wp-content\/uploads\/2023\/06\/industrial-terrenos-escritura-06.jpg?resize=742%2C445&#038;ssl=1\" alt=\"\" width=\"742\" height=\"445\" srcset=\"https:\/\/i0.wp.com\/cdnoticias.com\/wp-content\/uploads\/2023\/06\/industrial-terrenos-escritura-06.jpg?w=742&amp;ssl=1 742w, https:\/\/i0.wp.com\/cdnoticias.com\/wp-content\/uploads\/2023\/06\/industrial-terrenos-escritura-06.jpg?resize=300%2C180&amp;ssl=1 300w\" sizes=\"auto, (max-width: 742px) 100vw, 742px\" \/><\/p>\n<p>&nbsp;<\/p>\n<p>Luego lleg\u00f3 el momento: mientras se acomodaban para la foto final, la firma se concret\u00f3 y la comunidad \u201cgrasa\u201d ratific\u00f3 la firma de las escrituras y saldaron toda pol\u00e9mica: las tierras linderas al Colegio Industrial son de la instituci\u00f3n educativa.<\/p>\n","protected":false},"excerpt":{"rendered":"<p>La comunidad educativa llen\u00f3 el gimnasio de la instituci\u00f3n para el acto administrativo. \u201cNos emociona y nos llena de satisfacci\u00f3n\u201d<\/p>\n","protected":false},"author":2,"featured_media":86727,"comment_status":"closed","ping_status":"closed","sticky":false,"template":"","format":"standard","meta":{"_jetpack_memberships_contains_paid_content":false,"footnotes":""},"categories":[5,1],"tags":[],"class_list":["post-86746","post","type-post","status-publish","format-standard","has-post-thumbnail","hentry","category-informacion-general","category-portada"],"jetpack_featured_media_url":"https:\/\/i0.wp.com\/cdnoticias.com\/wp-content\/uploads\/2023\/06\/industrial-terrenos-escritura-02.jpg?fit=742%2C445&ssl=1","jetpack_sharing_enabled":true,"_links":{"self":[{"href":"https:\/\/cdnoticias.com\/index.php\/wp-json\/wp\/v2\/posts\/86746","targetHints":{"allow":["GET"]}}],"collection":[{"href":"https:\/\/cdnoticias.com\/index.php\/wp-json\/wp\/v2\/posts"}],"about":[{"href":"https:\/\/cdnoticias.com\/index.php\/wp-json\/wp\/v2\/types\/post"}],"author":[{"embeddable":true,"href":"https:\/\/cdnoticias.com\/index.php\/wp-json\/wp\/v2\/users\/2"}],"replies":[{"embeddable":true,"href":"https:\/\/cdnoticias.com\/index.php\/wp-json\/wp\/v2\/comments?post=86746"}],"version-history":[{"count":0,"href":"https:\/\/cdnoticias.com\/index.php\/wp-json\/wp\/v2\/posts\/86746\/revisions"}],"wp:featuredmedia":[{"embeddable":true,"href":"https:\/\/cdnoticias.com\/index.php\/wp-json\/wp\/v2\/media\/86727"}],"wp:attachment":[{"href":"https:\/\/cdnoticias.com\/index.php\/wp-json\/wp\/v2\/media?parent=86746"}],"wp:term":[{"taxonomy":"category","embeddable":true,"href":"https:\/\/cdnoticias.com\/index.php\/wp-json\/wp\/v2\/categories?post=86746"},{"taxonomy":"post_tag","embeddable":true,"href":"https:\/\/cdnoticias.com\/index.php\/wp-json\/wp\/v2\/tags?post=86746"}],"curies":[{"name":"wp","href":"https:\/\/api.w.org\/{rel}","templated":true}]}}