{"id":86683,"date":"2023-06-01T19:56:24","date_gmt":"2023-06-01T22:56:24","guid":{"rendered":"https:\/\/www.centraldenoticias.com.ar\/?p=86683"},"modified":"2023-06-01T19:56:24","modified_gmt":"2023-06-01T22:56:24","slug":"orlando-raul-pacheco-tati-q-e-p-d","status":"publish","type":"post","link":"https:\/\/cdnoticias.com\/index.php\/2023\/06\/01\/orlando-raul-pacheco-tati-q-e-p-d\/","title":{"rendered":"Orlando Ra\u00fal Pacheco &#8220;Tati&#8221; (Q.E.P.D.)"},"content":{"rendered":"<p>Falleci\u00f3 en Olavarr\u00eda el d\u00eda 1 de junio de 2023 a los 83 a\u00f1os. Sus hijos: Ruth Patricia, Walter Patricio y Fernando Ra\u00fal Pacheco. Sus hijos pol\u00edticos: Jorge Oscar Sequiera, Natalia Fern\u00e1ndez y M\u00f3nica Alejandra<br \/>\nMercado. Sus nietos: Cristian, Emiliano y Nahuel Bianculli, Lucas Sequeira, Juan Ignacio, Santiago y Camila Jazm\u00edn Pacheco. Sus bisnietos: Valentina y Benjam\u00edn Bianculli. Sus hermanos, sobrinos y dem\u00e1s deudos participan su fallecimiento.<\/p>\n<p>&nbsp;<\/p>\n<p>Velatorio: Sala &#8221;\u00a0 D &#8221;\u00a0 de Espa\u00f1a 2942, comienza 9:30. Responso: Capilla Ardiente. Inhumaci\u00f3n: Loma de Paz, viernes 2 de junio a las 10:30. Servicio adherido a Coopelectric.<\/p>\n<p>&nbsp;<\/p>\n<p>Barrio en el que viv\u00eda: Mariano Moreno.<\/p>\n<p>Lugar de nacimiento: Huanguel\u00e9n.<\/p>\n<p>Actividad que desarrollaba: Jubilado.<\/p>\n","protected":false},"excerpt":{"rendered":"<p>Falleci\u00f3 en Olavarr\u00eda el d\u00eda 1 de junio de 2023 a los 83 a\u00f1os. Sus hijos: Ruth Patricia, Walter Patricio<\/p>\n","protected":false},"author":6,"featured_media":67646,"comment_status":"closed","ping_status":"closed","sticky":false,"template":"","format":"standard","meta":{"_jetpack_memberships_contains_paid_content":false,"footnotes":""},"categories":[10],"tags":[],"class_list":["post-86683","post","type-post","status-publish","format-standard","has-post-thumbnail","hentry","category-necrologicas"],"jetpack_featured_media_url":"https:\/\/i0.wp.com\/cdnoticias.com\/wp-content\/uploads\/2022\/10\/necrologicas-390-x-240.jpg?fit=390%2C240&ssl=1","jetpack_sharing_enabled":true,"_links":{"self":[{"href":"https:\/\/cdnoticias.com\/index.php\/wp-json\/wp\/v2\/posts\/86683","targetHints":{"allow":["GET"]}}],"collection":[{"href":"https:\/\/cdnoticias.com\/index.php\/wp-json\/wp\/v2\/posts"}],"about":[{"href":"https:\/\/cdnoticias.com\/index.php\/wp-json\/wp\/v2\/types\/post"}],"author":[{"embeddable":true,"href":"https:\/\/cdnoticias.com\/index.php\/wp-json\/wp\/v2\/users\/6"}],"replies":[{"embeddable":true,"href":"https:\/\/cdnoticias.com\/index.php\/wp-json\/wp\/v2\/comments?post=86683"}],"version-history":[{"count":0,"href":"https:\/\/cdnoticias.com\/index.php\/wp-json\/wp\/v2\/posts\/86683\/revisions"}],"wp:featuredmedia":[{"embeddable":true,"href":"https:\/\/cdnoticias.com\/index.php\/wp-json\/wp\/v2\/media\/67646"}],"wp:attachment":[{"href":"https:\/\/cdnoticias.com\/index.php\/wp-json\/wp\/v2\/media?parent=86683"}],"wp:term":[{"taxonomy":"category","embeddable":true,"href":"https:\/\/cdnoticias.com\/index.php\/wp-json\/wp\/v2\/categories?post=86683"},{"taxonomy":"post_tag","embeddable":true,"href":"https:\/\/cdnoticias.com\/index.php\/wp-json\/wp\/v2\/tags?post=86683"}],"curies":[{"name":"wp","href":"https:\/\/api.w.org\/{rel}","templated":true}]}}