{"id":86644,"date":"2023-06-02T10:27:41","date_gmt":"2023-06-02T13:27:41","guid":{"rendered":"https:\/\/www.centraldenoticias.com.ar\/?p=86644"},"modified":"2023-06-02T10:27:41","modified_gmt":"2023-06-02T13:27:41","slug":"belen-vergel-recorrio-sierra-chica-junto-a-militantes-del-espacio","status":"publish","type":"post","link":"https:\/\/cdnoticias.com\/index.php\/2023\/06\/02\/belen-vergel-recorrio-sierra-chica-junto-a-militantes-del-espacio\/","title":{"rendered":"Bel\u00e9n Vergel recorri\u00f3 Sierra Chica junto a militantes del espacio"},"content":{"rendered":"<p>Fue en la tarde de este martes. &#8220;Venimos recorriendo los diferentes barrios de la ciudad y ahora continuamos por las localidades&#8221;, explic\u00f3.<!--more--><\/p>\n<hr \/>\n<p>Durante la tarde de este martes, la concejal y presidenta de la Uni\u00f3n C\u00edvica Radical,<strong> Bel\u00e9n Vergel, recorri\u00f3 Sierra Chica junto a militantes del espacio<\/strong> en el marco de las diferentes visitas y recorridas que viene realizando junto al edil Sebasti\u00e1n Matrella.<\/p>\n<p>&nbsp;<\/p>\n<p>En este sentido, Vergel explic\u00f3 que &#8220;<em>venimos recorriendo los diferentes barrios de la ciudad y ahora continuamos por Sierra Chica&#8221;.<\/em><\/p>\n<p>&nbsp;<\/p>\n<blockquote><p>Adem\u00e1s, manifest\u00f3 que &#8220;los vecinos y vecinas nos estaban esperando con la idea de poder contar c\u00f3mo est\u00e1n viviendo en su localidades y las diversas problem\u00e1ticas que tienen en com\u00fan<em>&#8220;.<\/em><\/p><\/blockquote>\n<p>&nbsp;<\/p>\n<p>Por \u00faltimo, afirm\u00f3 que <em>&#8220;es nuestro compromiso estar cerca y <strong>escuchar las necesidades de la comunidad<\/strong> con el objetivo de luego traducirlo en proyectos&#8221;.<\/em><\/p>\n<p>&nbsp;<\/p>\n","protected":false},"excerpt":{"rendered":"<p>Fue en la tarde de este martes. &#8220;Venimos recorriendo los diferentes barrios de la ciudad y ahora continuamos por las<\/p>\n","protected":false},"author":6,"featured_media":85777,"comment_status":"closed","ping_status":"closed","sticky":false,"template":"","format":"standard","meta":{"_jetpack_memberships_contains_paid_content":false,"footnotes":""},"categories":[4,1],"tags":[],"class_list":["post-86644","post","type-post","status-publish","format-standard","has-post-thumbnail","hentry","category-politica","category-portada"],"jetpack_featured_media_url":"https:\/\/i0.wp.com\/cdnoticias.com\/wp-content\/uploads\/2023\/05\/IMG-20230520-WA0044.jpg?fit=1280%2C960&ssl=1","jetpack_sharing_enabled":true,"_links":{"self":[{"href":"https:\/\/cdnoticias.com\/index.php\/wp-json\/wp\/v2\/posts\/86644","targetHints":{"allow":["GET"]}}],"collection":[{"href":"https:\/\/cdnoticias.com\/index.php\/wp-json\/wp\/v2\/posts"}],"about":[{"href":"https:\/\/cdnoticias.com\/index.php\/wp-json\/wp\/v2\/types\/post"}],"author":[{"embeddable":true,"href":"https:\/\/cdnoticias.com\/index.php\/wp-json\/wp\/v2\/users\/6"}],"replies":[{"embeddable":true,"href":"https:\/\/cdnoticias.com\/index.php\/wp-json\/wp\/v2\/comments?post=86644"}],"version-history":[{"count":0,"href":"https:\/\/cdnoticias.com\/index.php\/wp-json\/wp\/v2\/posts\/86644\/revisions"}],"wp:featuredmedia":[{"embeddable":true,"href":"https:\/\/cdnoticias.com\/index.php\/wp-json\/wp\/v2\/media\/85777"}],"wp:attachment":[{"href":"https:\/\/cdnoticias.com\/index.php\/wp-json\/wp\/v2\/media?parent=86644"}],"wp:term":[{"taxonomy":"category","embeddable":true,"href":"https:\/\/cdnoticias.com\/index.php\/wp-json\/wp\/v2\/categories?post=86644"},{"taxonomy":"post_tag","embeddable":true,"href":"https:\/\/cdnoticias.com\/index.php\/wp-json\/wp\/v2\/tags?post=86644"}],"curies":[{"name":"wp","href":"https:\/\/api.w.org\/{rel}","templated":true}]}}